{"id":9413,"date":"2026-05-02T00:51:48","date_gmt":"2026-05-02T03:51:48","guid":{"rendered":"https:\/\/mulherinteressante.net\/?p=9413"},"modified":"2026-05-02T00:51:48","modified_gmt":"2026-05-02T03:51:48","slug":"quiz-causa-queda-cabelo","status":"publish","type":"post","link":"https:\/\/mulherinteressante.net\/en\/quiz-causa-queda-cabelo\/","title":{"rendered":"Quiz: Discover the Cause of Your Hair Loss"},"content":{"rendered":"<p>Perder cabelo pode acontecer por v\u00e1rios motivos diferentes: pode ser por causa de horm\u00f4nios, falta de vitaminas, muito estresse ou at\u00e9 problemas de pele na cabe\u00e7a.<\/p>\n\n\n\n<p>Este teste vai te ajudar a descobrir qual pode ser a raz\u00e3o da sua queda de cabelo, mas lembre-se: isso \u00e9 s\u00f3 para voc\u00ea entender melhor o que pode estar acontecendo, n\u00e3o \u00e9 um diagn\u00f3stico de verdade e n\u00e3o substitui ir ao m\u00e9dico dermatologista.<\/p>\n\n\n<div class=\"lazyblock-fb-quiz-perguntas-Z1jBk6d wp-block-lazyblock-fb-quiz-perguntas\">\n<div id=\"quiz_69f5c89c41af4\" class=\"quiz-container\">\n    <h3>1. H\u00e1 quanto tempo voc\u00ea tem notado a queda de cabelo?<\/h3>\n    \n    <div class=\"quiz-options\">\n                    <div class=\"quiz-option\" data-points=\"5\">\n                <input type=\"radio\" id=\"quiz_69f5c89c41af4_option_0\" name=\"quiz_option\" value=\"0\" class=\"quiz-radio\" data-points=\"5\">\n                <label for=\"quiz_69f5c89c41af4_option_0\" class=\"quiz-label\">\n                    Menos de 3 meses                <\/label>\n            <\/div>\n                    <div class=\"quiz-option\" data-points=\"10\">\n                <input type=\"radio\" id=\"quiz_69f5c89c41af4_option_1\" name=\"quiz_option\" value=\"1\" class=\"quiz-radio\" data-points=\"10\">\n                <label for=\"quiz_69f5c89c41af4_option_1\" class=\"quiz-label\">\n                    Entre 3 e 6 meses                <\/label>\n            <\/div>\n                    <div class=\"quiz-option\" data-points=\"15\">\n                <input type=\"radio\" id=\"quiz_69f5c89c41af4_option_2\" name=\"quiz_option\" value=\"2\" class=\"quiz-radio\" data-points=\"15\">\n                <label for=\"quiz_69f5c89c41af4_option_2\" class=\"quiz-label\">\n                    Mais de 6 meses                <\/label>\n            <\/div>\n                    <div class=\"quiz-option\" data-points=\"20\">\n                <input type=\"radio\" id=\"quiz_69f5c89c41af4_option_3\" name=\"quiz_option\" value=\"3\" class=\"quiz-radio\" data-points=\"20\">\n                <label for=\"quiz_69f5c89c41af4_option_3\" class=\"quiz-label\">\n                    Sempre tive queda intensa                <\/label>\n            <\/div>\n            <\/div>\n    \n    <div class=\"quiz-navigation\">\n        <a href=\"https:\/\/mulherinteressante.net\/en\/quiz-causa-queda-cabelo\/2\/\" id=\"quiz_69f5c89c41af4_next\" class=\"quiz-btn next-question botao-cta\" style=\"background:#db4982;\">\n            Next Question        <\/a>\n    <\/div>\n\n    <div class=\"quiz-error\" style=\"display:none\">\n        <h3>You need to answer the previous questions first!<\/h3>\n        <a href=\"https:\/\/mulherinteressante.net\/en\/quiz-causa-queda-cabelo\/?quiz_reset=1\" class=\"quiz-btn restart-quiz\" style=\"background:#db4982;\">\n            Start Test\n        <\/a>\n    <\/div>\n<\/div>\n\n<style>\n.quiz-container { text-align:center; padding:20px; }\n.quiz-container .quiz-options { display: flex; flex-direction: column; gap: 15px; margin: 20px 0; }\n.quiz-container .quiz-option { position: relative; width: 100%; }\n.quiz-container .quiz-radio { position: absolute; opacity: 0; width: 0; height: 0; }\n.quiz-container .quiz-label { display: block; padding: 15px 20px; background-color: #f8f8f8; border: 2px solid #e0e0e0; border-radius: 8px; cursor: pointer; transition: all 0.3s ease; font-size: 1.1em; }\n.quiz-container .quiz-radio:checked + .quiz-label { background-color: #e6f7ff; border-color: #1890ff; color: #1890ff; font-weight: bold; }\n.quiz-container .quiz-label:hover { background-color: #f0f0f0; border-color: #d0d0d0; }\n.quiz-container .quiz-btn { cursor: pointer; border-radius: 6px; font-weight: bold; transition: all 0.3s ease; display:inline-block; margin: 15px 0 5px; padding: 15px 20px; text-decoration:none!important; font-size: 1.1em; width:100%; color:#fff; }\n.quiz-container .quiz-navigation .next-question.disabled { opacity: 0.6; cursor: not-allowed; pointer-events: none; }\n<\/style>\n\n<script>\n(function() {\n    const quizId = 'quiz_69f5c89c41af4';\n    const quizContainer = document.getElementById(quizId);\n    const nextButton = document.getElementById(`${quizId}_next`);\n    const options = quizContainer.querySelectorAll('.quiz-radio');\n    const isLastQuestion = false;\n    const currentPage = 1;\n    \n    if (!sessionStorage.getItem('quizScores')) {\n        sessionStorage.setItem('quizScores', JSON.stringify({}));\n    }\n    \n    const urlParams = new URLSearchParams(window.location.search);\n    if (urlParams.has('quiz_reset')) {\n        sessionStorage.removeItem('quizScores');\n        sessionStorage.setItem('quizScores', JSON.stringify({}));\n    }\n    \n    const getTotalScore = () => {\n        const scores = JSON.parse(sessionStorage.getItem('quizScores') || '{}');\n        let total = 0;\n        Object.values(scores).forEach(score => {\n            total += parseInt(score);\n        });\n        return total;\n    };\n    \n    const updatePageScore = (points) => {\n        const scores = JSON.parse(sessionStorage.getItem('quizScores') || '{}');\n        scores[currentPage] = points;\n        sessionStorage.setItem('quizScores', JSON.stringify(scores));\n    };\n    \n    const checkPreviousPages = () => {\n        if (currentPage <= 1) return true;\n        \n        const scores = JSON.parse(sessionStorage.getItem('quizScores') || '{}');\n        for (let i = 1; i < currentPage; i++) {\n            if (scores[i] === undefined) {\n                return false;\n            }\n        }\n        return true;\n    };\n    \n    const scrollToNextButton = () => {\n        if (nextButton) {\n            const buttonRect = nextButton.getBoundingClientRect();\n            const scrollTop = window.pageYOffset || document.documentElement.scrollTop;\n            const targetPosition = buttonRect.top + scrollTop - 40;\n            window.scrollTo({\n                top: targetPosition,\n                behavior: 'smooth'\n            });\n            setTimeout(() => {\n                nextButton.focus();\n            }, 700);\n        }\n    };\n    \n    const updateResultQuery = () => {\n        if (!nextButton || !isLastQuestion) return;\n        \n        const urlString = nextButton.getAttribute('href');\n        const totalScore = getTotalScore();\n        const url = new URL(urlString, window.location.origin);\n        url.searchParams.set('qpt', totalScore);\n        nextButton.setAttribute('href', url.toString());\n    };\n    \n    if (!checkPreviousPages()) {\n        quizContainer.querySelectorAll(':scope > *:not(.quiz-error)').forEach(element => {\n            element.style.display = 'none';\n        });\n        quizContainer.querySelector('.quiz-error').style.display = 'block';\n        return;\n    }\n    \n    let selectedOption = null;\n    \n    const scores = JSON.parse(sessionStorage.getItem('quizScores') || '{}');\n    if (scores[currentPage] !== undefined) {\n        options.forEach(option => {\n            const points = parseInt(option.dataset.points);\n            if (points === parseInt(scores[currentPage])) {\n                option.checked = true;\n                selectedOption = option;\n                \n                if (nextButton) {\n                    nextButton.classList.remove('disabled');\n                    updateResultQuery();\n                }\n            }\n        });\n    } else {\n        if (nextButton) {\n            nextButton.classList.add('disabled');\n        }\n    }\n    \n    options.forEach(option => {\n        option.addEventListener('change', function() {\n            selectedOption = this;\n            const points = parseInt(this.dataset.points);\n            \n            updatePageScore(points);\n            \n            if (nextButton) {\n                nextButton.classList.remove('disabled');\n                updateResultQuery();\n                \n                setTimeout(() => {\n                    \/\/scrollToNextButton(); \/\/policy\n                }, 300);\n            }\n        });\n    });\n    \n    const restartButtons = document.querySelectorAll('.restart-quiz');\n    restartButtons.forEach(button => {\n        button.addEventListener('click', function() {\n            sessionStorage.removeItem('quizScores');\n        });\n    });\n})();\n<\/script><\/div>\n\n\n<hr class=\"wp-block-separator has-text-color has-alpha-channel-opacity has-background is-style-wide\" style=\"background-color:#dedede;color:#dedede\"\/>\n\n\n<div class='code-block code-block-4' style='margin: 8px auto; text-align: center; display: block; clear: both;'>\n<div id=\"mi_content_2_wrapper\" align=\"center\" style=\"width: 100%; margin-top: 2rem; margin-bottom: 2rem; min-height: 400px;\">\n    <div>\n        <p style=\"font-size:9px; text-transform:uppercase; text-align:center; color:#9a9a9a\">\n            Advertisements\n        <\/p>\n        <div id=\"mi_content_2\">\n        <\/div>\n    <\/div>\n<\/div><\/div>\n\n\n\n\n<h4 class=\"wp-block-heading\"><strong>Como Funciona o Ciclo Natural do Cabelo<\/strong><\/h4>\n\n\n\n<p>Para entender se a sua queda de cabelo \u00e9 normal ou se realmente existe um problema que precisa de aten\u00e7\u00e3o, primeiro voc\u00ea precisa conhecer como o cabelo funciona naturalmente no nosso corpo.<\/p>\n\n\n\n<p>Cada fio de cabelo que voc\u00ea tem na cabe\u00e7a passa por um ciclo que se repete v\u00e1rias vezes durante a sua vida, como se fosse uma roda que gira sem parar.<\/p>\n\n\n\n<p>Esse ciclo tem tr\u00eas momentos diferentes, e cada um deles tem um nome e uma fun\u00e7\u00e3o espec\u00edfica.<\/p>\n\n\n\n<p>O primeiro momento se chama fase de crescimento, ou &#8220;fase an\u00e1gena&#8221;. Nessa etapa, o fio est\u00e1 crescendo ativamente, ficando cada vez mais comprido.<\/p>\n\n\n\n<p>Essa \u00e9 a fase mais longa de todas e pode durar de 2 at\u00e9 7 anos dependendo da pessoa. Durante esse per\u00edodo, o fio est\u00e1 bem preso no couro cabeludo e recebe todos os nutrientes que precisa para crescer forte e saud\u00e1vel.<\/p>\n\n\n\n<p>A grande maioria dos seus fios, cerca de 85 a 90% de todo o cabelo da sua cabe\u00e7a, est\u00e1 nessa fase de crescimento neste exato momento. \u00c9 por isso que quando voc\u00ea corta o cabelo, ele volta a crescer, porque esses fios est\u00e3o na fase ativa.<\/p>\n\n\n\n<p>O segundo momento se chama fase de transi\u00e7\u00e3o, ou &#8220;fase cat\u00e1gena&#8221;. Essa \u00e9 uma etapa curtinha que dura apenas 2 ou 3 semanas. Nessa fase, o fio para de crescer e o fol\u00edculo, que \u00e9 como se fosse a raiz do cabelo dentro da pele, come\u00e7a a se preparar para descansar. Menos de 1% dos seus fios est\u00e1 nessa fase de transi\u00e7\u00e3o em qualquer momento.<\/p>\n\n\n\n<p>O terceiro momento se chama fase de repouso, ou &#8220;fase tel\u00f3gena&#8221;. Nessa etapa, o fio simplesmente descansa e n\u00e3o cresce mais nada. Ele fica parado ali por cerca de 3 meses. Cerca de 10 a 15% de todos os fios do seu cabelo est\u00e1 nessa fase de repouso agora.<\/p>\n\n\n\n<p>No final desses tr\u00eas meses de descanso, o fio cai naturalmente para dar espa\u00e7o para um novo fio come\u00e7ar a crescer no mesmo lugar. \u00c9 como se o cabelo trocasse de fio, mas mantivesse o fol\u00edculo funcionando.<\/p>\n\n\n\n<p>Agora vem a parte importante para voc\u00ea entender sua queda. Se voc\u00ea tem entre 100 mil e 150 mil fios de cabelo na cabe\u00e7a, e 10 a 15% deles est\u00e3o na fase de repouso prestes a cair, isso significa que \u00e9 completamente normal perder entre 50 e 100 fios por dia.<\/p>\n\n\n\n<p>Pode parecer muito, mas quando voc\u00ea compara com a quantidade total de cabelo que voc\u00ea tem, \u00e9 s\u00f3 uma pequena porcentagem.<\/p>\n\n\n\n<p>Esse n\u00famero de 50 a 100 fios por dia \u00e9 o que os m\u00e9dicos consideram normal e saud\u00e1vel. \u00c9 a renova\u00e7\u00e3o natural do cabelo acontecendo.<\/p>\n\n\n\n<p>Mas existe uma coisa importante sobre essa queda normal que muita gente n\u00e3o sabe. Se voc\u00ea lava o cabelo todo dia, voc\u00ea vai ver menos fios caindo ao longo do dia porque os fios que j\u00e1 estavam soltos sa\u00edram durante o banho.<\/p>\n\n\n\n<p>Por outro lado, se voc\u00ea lava o cabelo s\u00f3 duas ou tr\u00eas vezes por semana, no dia que voc\u00ea lavar vai parecer que est\u00e1 caindo muito mais cabelo. Mas n\u00e3o est\u00e1 caindo mais, \u00e9 s\u00f3 que os fios que cairiam aos poucos durante v\u00e1rios dias est\u00e3o todos saindo juntos de uma vez. <\/p>\n\n\n\n<p>\u00c9 como juntar a queda de dois ou tr\u00eas dias em um \u00fanico momento. Por isso, ver bastante cabelo no ralo do chuveiro depois de alguns dias sem lavar n\u00e3o significa necessariamente que voc\u00ea tem um problema.<\/p>\n\n\n\n<p>Agora, quando \u00e9 que a queda passa a ser preocupante e merece aten\u00e7\u00e3o m\u00e9dica? Existem alguns sinais claros que indicam que algo n\u00e3o est\u00e1 funcionando direito no ciclo do seu cabelo.<\/p>\n\n\n\n<p>Se voc\u00ea consegue remover facilmente v\u00e1rios fios ao passar a m\u00e3o pelo cabelo sem precisar puxar ou fazer for\u00e7a, isso n\u00e3o \u00e9 normal.<\/p>\n\n\n\n<p>Se toda manh\u00e3 voc\u00ea acorda e encontra muitos fios no travesseiro de forma consistente, isso pode ser um sinal de problema.<\/p>\n\n\n\n<p>Se a sua escova ou pente fica completamente coberta de fios ap\u00f3s uma \u00fanica passada, ultrapassando muito a quantidade normal, merece investiga\u00e7\u00e3o.<\/p>\n\n\n\n<p>Se o ralo do chuveiro entope com frequ\u00eancia mesmo voc\u00ea lavando o cabelo poucas vezes na semana, pode ser queda excessiva.<\/p>\n\n\n\n<p>Se voc\u00ea come\u00e7a a notar que o cabelo est\u00e1 visivelmente mais ralo, que voc\u00ea consegue ver mais o couro cabeludo em certas \u00e1reas, ou que o rabo de cavalo est\u00e1 mais fino, isso indica que a queda est\u00e1 maior que o crescimento.<\/p>\n\n\n\n<p>Outro detalhe importante \u00e9 entender que alguns per\u00edodos da vida podem mudar temporariamente esse padr\u00e3o de queda.<\/p>\n\n\n\n<p>Durante a gravidez, por exemplo, muitas mulheres percebem que o cabelo fica mais cheio, mais volumoso e parece que cresce mais r\u00e1pido. Isso acontece porque os horm\u00f4nios da gravidez fazem com que mais fios fiquem na fase de crescimento por mais tempo, ent\u00e3o menos fios caem.<\/p>\n\n\n\n<p>Mas depois que o beb\u00ea nasce, esses horm\u00f4nios voltam ao normal rapidamente. A\u00ed todos aqueles fios que ficaram extras na fase de crescimento durante a gravidez entram juntos na fase de repouso.<\/p>\n\n\n\n<p>Entre 2 e 6 meses depois do parto, todos esses fios caem ao mesmo tempo, dando a impress\u00e3o de uma queda massiva e assustadora. Mas isso \u00e9 tempor\u00e1rio e esperado, e o cabelo volta ao normal sozinho depois de alguns meses.<\/p>\n\n\n\n<p>As mudan\u00e7as de esta\u00e7\u00e3o tamb\u00e9m podem influenciar a queda de algumas pessoas. \u00c9 relativamente comum que algumas mulheres percebam que o cabelo cai mais no outono, por exemplo.<\/p>\n\n\n\n<p>Eventos muito estressantes para o corpo tamb\u00e9m mexem com o ciclo do cabelo. Cirurgias grandes, febres muito altas que duram v\u00e1rios dias, infec\u00e7\u00f5es graves, ou situa\u00e7\u00f5es de estresse emocional muito intenso podem fazer com que um n\u00famero maior de fios entre antes da hora na fase de repouso.<\/p>\n\n\n\n<p>O interessante \u00e9 que voc\u00ea n\u00e3o vai ver a queda aumentar imediatamente depois desses eventos. A queda aumentada vai aparecer cerca de 2 a 3 meses depois, que \u00e9 exatamente o tempo que os fios levam para completar a fase de repouso e cair.<\/p>\n\n\n\n<p>Por isso \u00e0s vezes \u00e9 dif\u00edcil conectar a queda com o que causou, porque j\u00e1 passou um temp\u00e3o.<\/p>\n\n\n\n<p>A boa not\u00edcia em todos esses casos \u00e9 que, se o fol\u00edculo capilar continua saud\u00e1vel, um novo fio vai come\u00e7ar a crescer no lugar do que caiu. O problema acontece quando alguma condi\u00e7\u00e3o ataca ou danifica permanentemente os fol\u00edculos.<\/p>\n\n\n\n<p>Por isso \u00e9 t\u00e3o importante diferenciar entre uma queda tempor\u00e1ria, onde o fol\u00edculo est\u00e1 bem e vai voltar a produzir cabelo, e uma condi\u00e7\u00e3o que realmente prejudica a capacidade do fol\u00edculo de gerar novos fios.<\/p>\n\n\n\n<p>Algumas condi\u00e7\u00f5es fazem os fios ca\u00edrem mais, mas os fol\u00edculos continuam funcionando perfeitamente. Outras condi\u00e7\u00f5es atacam os fol\u00edculos diretamente e podem causar danos permanentes se n\u00e3o forem tratadas a tempo.<\/p>\n\n\n\n<p>\u00c9 exatamente por isso que o tempo de dura\u00e7\u00e3o da sua queda \u00e9 uma informa\u00e7\u00e3o t\u00e3o importante.<\/p>\n\n\n\n<p>Quedas que come\u00e7aram h\u00e1 pouco tempo, menos de tr\u00eas meses, geralmente indicam algo agudo e tempor\u00e1rio que aconteceu.<\/p>\n\n\n\n<p>Quedas que duram entre tr\u00eas e seis meses podem ser tanto tempor\u00e1rias quanto o in\u00edcio de algo mais duradouro.<\/p>\n\n\n\n<p>Quedas que persistem por mais de seis meses ou que voc\u00ea sempre teve desde sempre geralmente apontam para condi\u00e7\u00f5es cr\u00f4nicas que precisam de investiga\u00e7\u00e3o mais profunda.<\/p>\n\n\n\n\n\n\n<!--nextpage-->\n\n\n<div class=\"lazyblock-fb-quiz-perguntas-Z1cMn92 wp-block-lazyblock-fb-quiz-perguntas\">\n<div id=\"quiz_69f5c89c42c06\" class=\"quiz-container\">\n    <h3>2. Como voc\u00ea descreveria a sua queda de cabelo?<\/h3>\n    \n    <div class=\"quiz-options\">\n                    <div class=\"quiz-option\" data-points=\"5\">\n                <input type=\"radio\" id=\"quiz_69f5c89c42c06_option_0\" name=\"quiz_option\" value=\"0\" class=\"quiz-radio\" data-points=\"5\">\n                <label for=\"quiz_69f5c89c42c06_option_0\" class=\"quiz-label\">\n                    Fios soltos por toda a cabe\u00e7a ao pentear ou lavar                <\/label>\n            <\/div>\n                    <div class=\"quiz-option\" data-points=\"10\">\n                <input type=\"radio\" id=\"quiz_69f5c89c42c06_option_1\" name=\"quiz_option\" value=\"1\" class=\"quiz-radio\" data-points=\"10\">\n                <label for=\"quiz_69f5c89c42c06_option_1\" class=\"quiz-label\">\n                    Falhas circulares ou \u00e1reas sem cabelo                <\/label>\n            <\/div>\n                    <div class=\"quiz-option\" data-points=\"15\">\n                <input type=\"radio\" id=\"quiz_69f5c89c42c06_option_2\" name=\"quiz_option\" value=\"2\" class=\"quiz-radio\" data-points=\"15\">\n                <label for=\"quiz_69f5c89c42c06_option_2\" class=\"quiz-label\">\n                    Afinamento progressivo dos fios                <\/label>\n            <\/div>\n                    <div class=\"quiz-option\" data-points=\"20\">\n                <input type=\"radio\" id=\"quiz_69f5c89c42c06_option_3\" name=\"quiz_option\" value=\"3\" class=\"quiz-radio\" data-points=\"20\">\n                <label for=\"quiz_69f5c89c42c06_option_3\" class=\"quiz-label\">\n                    Queda concentrada na linha frontal ou topo                <\/label>\n            <\/div>\n            <\/div>\n    \n    <div class=\"quiz-navigation\">\n        <a href=\"https:\/\/mulherinteressante.net\/en\/quiz-causa-queda-cabelo\/2\/\" id=\"quiz_69f5c89c42c06_next\" class=\"quiz-btn next-question botao-cta\" style=\"background:#db4982;\">\n            Next Question        <\/a>\n    <\/div>\n\n    <div class=\"quiz-error\" style=\"display:none\">\n        <h3>You need to answer the previous questions first!<\/h3>\n        <a href=\"https:\/\/mulherinteressante.net\/en\/quiz-causa-queda-cabelo\/?quiz_reset=1\" class=\"quiz-btn restart-quiz\" style=\"background:#db4982;\">\n            Start Test\n        <\/a>\n    <\/div>\n<\/div>\n\n<style>\n.quiz-container { text-align:center; padding:20px; }\n.quiz-container .quiz-options { display: flex; flex-direction: column; gap: 15px; margin: 20px 0; }\n.quiz-container .quiz-option { position: relative; width: 100%; }\n.quiz-container .quiz-radio { position: absolute; opacity: 0; width: 0; height: 0; }\n.quiz-container .quiz-label { display: block; padding: 15px 20px; background-color: #f8f8f8; border: 2px solid #e0e0e0; border-radius: 8px; cursor: pointer; transition: all 0.3s ease; font-size: 1.1em; }\n.quiz-container .quiz-radio:checked + .quiz-label { background-color: #e6f7ff; border-color: #1890ff; color: #1890ff; font-weight: bold; }\n.quiz-container .quiz-label:hover { background-color: #f0f0f0; border-color: #d0d0d0; }\n.quiz-container .quiz-btn { cursor: pointer; border-radius: 6px; font-weight: bold; transition: all 0.3s ease; display:inline-block; margin: 15px 0 5px; padding: 15px 20px; text-decoration:none!important; font-size: 1.1em; width:100%; color:#fff; }\n.quiz-container .quiz-navigation .next-question.disabled { opacity: 0.6; cursor: not-allowed; pointer-events: none; }\n<\/style>\n\n<script>\n(function() {\n    const quizId = 'quiz_69f5c89c42c06';\n    const quizContainer = document.getElementById(quizId);\n    const nextButton = document.getElementById(`${quizId}_next`);\n    const options = quizContainer.querySelectorAll('.quiz-radio');\n    const isLastQuestion = false;\n    const currentPage = 1;\n    \n    if (!sessionStorage.getItem('quizScores')) {\n        sessionStorage.setItem('quizScores', JSON.stringify({}));\n    }\n    \n    const urlParams = new URLSearchParams(window.location.search);\n    if (urlParams.has('quiz_reset')) {\n        sessionStorage.removeItem('quizScores');\n        sessionStorage.setItem('quizScores', JSON.stringify({}));\n    }\n    \n    const getTotalScore = () => {\n        const scores = JSON.parse(sessionStorage.getItem('quizScores') || '{}');\n        let total = 0;\n        Object.values(scores).forEach(score => {\n            total += parseInt(score);\n        });\n        return total;\n    };\n    \n    const updatePageScore = (points) => {\n        const scores = JSON.parse(sessionStorage.getItem('quizScores') || '{}');\n        scores[currentPage] = points;\n        sessionStorage.setItem('quizScores', JSON.stringify(scores));\n    };\n    \n    const checkPreviousPages = () => {\n        if (currentPage <= 1) return true;\n        \n        const scores = JSON.parse(sessionStorage.getItem('quizScores') || '{}');\n        for (let i = 1; i < currentPage; i++) {\n            if (scores[i] === undefined) {\n                return false;\n            }\n        }\n        return true;\n    };\n    \n    const scrollToNextButton = () => {\n        if (nextButton) {\n            const buttonRect = nextButton.getBoundingClientRect();\n            const scrollTop = window.pageYOffset || document.documentElement.scrollTop;\n            const targetPosition = buttonRect.top + scrollTop - 40;\n            window.scrollTo({\n                top: targetPosition,\n                behavior: 'smooth'\n            });\n            setTimeout(() => {\n                nextButton.focus();\n            }, 700);\n        }\n    };\n    \n    const updateResultQuery = () => {\n        if (!nextButton || !isLastQuestion) return;\n        \n        const urlString = nextButton.getAttribute('href');\n        const totalScore = getTotalScore();\n        const url = new URL(urlString, window.location.origin);\n        url.searchParams.set('qpt', totalScore);\n        nextButton.setAttribute('href', url.toString());\n    };\n    \n    if (!checkPreviousPages()) {\n        quizContainer.querySelectorAll(':scope > *:not(.quiz-error)').forEach(element => {\n            element.style.display = 'none';\n        });\n        quizContainer.querySelector('.quiz-error').style.display = 'block';\n        return;\n    }\n    \n    let selectedOption = null;\n    \n    const scores = JSON.parse(sessionStorage.getItem('quizScores') || '{}');\n    if (scores[currentPage] !== undefined) {\n        options.forEach(option => {\n            const points = parseInt(option.dataset.points);\n            if (points === parseInt(scores[currentPage])) {\n                option.checked = true;\n                selectedOption = option;\n                \n                if (nextButton) {\n                    nextButton.classList.remove('disabled');\n                    updateResultQuery();\n                }\n            }\n        });\n    } else {\n        if (nextButton) {\n            nextButton.classList.add('disabled');\n        }\n    }\n    \n    options.forEach(option => {\n        option.addEventListener('change', function() {\n            selectedOption = this;\n            const points = parseInt(this.dataset.points);\n            \n            updatePageScore(points);\n            \n            if (nextButton) {\n                nextButton.classList.remove('disabled');\n                updateResultQuery();\n                \n                setTimeout(() => {\n                    \/\/scrollToNextButton(); \/\/policy\n                }, 300);\n            }\n        });\n    });\n    \n    const restartButtons = document.querySelectorAll('.restart-quiz');\n    restartButtons.forEach(button => {\n        button.addEventListener('click', function() {\n            sessionStorage.removeItem('quizScores');\n        });\n    });\n})();\n<\/script><\/div>\n\n\n<hr class=\"wp-block-separator has-text-color has-alpha-channel-opacity has-background is-style-wide\" style=\"background-color:#dedede;color:#dedede\"\/>\n\n\n<div class='code-block code-block-4' style='margin: 8px auto; text-align: center; display: block; clear: both;'>\n<div id=\"mi_content_2_wrapper\" align=\"center\" style=\"width: 100%; margin-top: 2rem; margin-bottom: 2rem; min-height: 400px;\">\n    <div>\n        <p style=\"font-size:9px; text-transform:uppercase; text-align:center; color:#9a9a9a\">\n            Advertisements\n        <\/p>\n        <div id=\"mi_content_2\">\n        <\/div>\n    <\/div>\n<\/div><\/div>\n\n\n\n\n<h4 class=\"wp-block-heading\"><strong>O Que o Padr\u00e3o da Queda Revela Sobre a Causa<\/strong><\/h4>\n\n\n\n<p>A forma como o cabelo est\u00e1 caindo da sua cabe\u00e7a \u00e9 uma das pistas mais valiosas para descobrir o que est\u00e1 causando o problema.<\/p>\n\n\n\n<p>Diferentes causas de queda de cabelo produzem padr\u00f5es completamente diferentes, como se cada doen\u00e7a tivesse sua pr\u00f3pria assinatura visual.<\/p>\n\n\n\n<p>Quando voc\u00ea consegue identificar claramente qual \u00e9 o padr\u00e3o da sua queda, voc\u00ea j\u00e1 elimina v\u00e1rias possibilidades e se aproxima muito do diagn\u00f3stico correto.<\/p>\n\n\n\n<p>Vamos entender cada um desses padr\u00f5es com detalhes para voc\u00ea conseguir identificar exatamente o que est\u00e1 acontecendo com voc\u00ea.<\/p>\n\n\n\n<p>O primeiro padr\u00e3o \u00e9 a queda difusa, que significa fios soltos espalhados por toda a cabe\u00e7a de forma uniforme. <\/p>\n\n\n\n<p>Nesse tipo de queda, tamb\u00e9m chamado de &#8220;efl\u00favio tel\u00f3geno&#8221;, voc\u00ea n\u00e3o consegue apontar para uma \u00e1rea espec\u00edfica onde o cabelo est\u00e1 caindo mais. Em vez disso, os fios caem igualmente de todos os lugares do couro cabeludo.<\/p>\n\n\n\n<p>Quando voc\u00ea penteia ou lava o cabelo, v\u00e1rios fios soltos saem, mas eles v\u00eam de diferentes partes da cabe\u00e7a. Voc\u00ea n\u00e3o nota \u00e1reas espec\u00edficas ficando mais ralas que outras, mas sim todo o cabelo ficando menos denso de forma geral.<\/p>\n\n\n\n<p>Esse padr\u00e3o de queda difusa geralmente aponta para causas tempor\u00e1rias que afetam o corpo todo de uma vez.<\/p>\n\n\n\n<p>Por exemplo, depois de ter um beb\u00ea, passar por uma cirurgia grande, ter uma febre muito alta, ou viver um per\u00edodo de estresse intenso, o corpo pode empurrar muitos fios ao mesmo tempo para a fase de repouso.<\/p>\n\n\n\n<p>Quando esses fios caem alguns meses depois, eles caem de forma espalhada porque o evento afetou todos os fol\u00edculos do couro cabeludo de forma igual.<\/p>\n\n\n\n<p>Defici\u00eancias nutricionais tamb\u00e9m costumam causar queda difusa, porque quando faltam nutrientes importantes no sangue, todos os fol\u00edculos sofrem juntos.<\/p>\n\n\n\n<p>O segundo padr\u00e3o \u00e9 completamente diferente e se chama queda em falhas ou placas, ou tamb\u00e9m &#8220;alopecia areata&#8221;. Nesse padr\u00e3o, voc\u00ea consegue ver claramente \u00e1reas redondas ou ovais onde simplesmente n\u00e3o tem cabelo nenhum.<\/p>\n\n\n\n<p>Essas \u00e1reas s\u00e3o bem definidas, com bordas n\u00edtidas, como se algu\u00e9m tivesse cortado c\u00edrculos no seu cabelo.<\/p>\n\n\n\n<p>Geralmente essas falhas aparecem de forma s\u00fabita, voc\u00ea n\u00e3o percebe o cabelo afinando aos poucos naquela \u00e1rea, ele simplesmente cai r\u00e1pido e forma uma regi\u00e3o sem fios.<\/p>\n\n\n\n<p>As falhas podem ser pequenas, do tamanho de uma moeda, ou podem ser maiores, dependendo da intensidade do caso. <\/p>\n\n\n\n<p>Algumas pessoas t\u00eam apenas uma falha, outras desenvolvem v\u00e1rias espalhadas pelo couro cabeludo.<\/p>\n\n\n\n<p>Em casos mais raros e graves, a pessoa pode perder todo o cabelo do couro cabeludo ou at\u00e9 de outras \u00e1reas do corpo como sobrancelhas, c\u00edlios e pelos.<\/p>\n\n\n\n<p>Esse padr\u00e3o de falhas circulares \u00e9 extremamente caracter\u00edstico de uma condi\u00e7\u00e3o espec\u00edfica chamada &#8220;alopecia areata&#8221;.<\/p>\n\n\n\n<p>Essa \u00e9 uma doen\u00e7a autoimune, o que significa que o pr\u00f3prio sistema de defesa do corpo est\u00e1 atacando os fol\u00edculos capilares por engano, como se eles fossem invasores perigosos.<\/p>\n\n\n\n<p>O sistema imunol\u00f3gico causa uma inflama\u00e7\u00e3o intensa ao redor dos fol\u00edculos nas \u00e1reas afetadas, o que faz os fios ca\u00edrem rapidamente naquela regi\u00e3o.<\/p>\n\n\n\n<p>Se voc\u00ea est\u00e1 vendo esse padr\u00e3o de falhas circulares, \u00e9 muito importante procurar um dermatologista porque essa condi\u00e7\u00e3o espec\u00edfica precisa de tratamentos direcionados.<\/p>\n\n\n\n<p>O terceiro padr\u00e3o \u00e9 o afinamento progressivo dos fios, chamado de &#8220;alopecia androgen\u00e9tica&#8221;. Nesse caso, o que voc\u00ea percebe n\u00e3o \u00e9 necessariamente muitos fios caindo de uma vez, mas sim os fios ficando cada vez mais finos, mais ralos e mais fracos com o passar do tempo.<\/p>\n\n\n\n<p>\u00c9 um processo gradual que acontece lentamente ao longo de meses ou at\u00e9 anos.<\/p>\n\n\n\n<p>Voc\u00ea pode notar que o rabo de cavalo est\u00e1 mais fino que era antes, que consegue ver mais o couro cabeludo quando divide o cabelo ao meio, ou que \u00e1reas espec\u00edficas est\u00e3o ficando mais transparentes.<\/p>\n\n\n\n<p>Nas mulheres, esse afinamento geralmente acontece mais no topo da cabe\u00e7a, na regi\u00e3o da coroa, mantendo a linha frontal relativamente preservada.<\/p>\n\n\n\n<p>\u00c9 diferente da calv\u00edcie masculina, onde normalmente perde-se cabelo na frente e no topo, formando aquelas entradas caracter\u00edsticas.<\/p>\n\n\n\n<p>Esse padr\u00e3o de afinamento progressivo \u00e9 t\u00edpico da &#8220;alopecia androgen\u00e9tica&#8221;, que tamb\u00e9m \u00e9 conhecida como calv\u00edcie feminina ou calv\u00edcie de padr\u00e3o feminino.<\/p>\n\n\n\n<p>Essa condi\u00e7\u00e3o \u00e9 influenciada principalmente por dois fatores: a gen\u00e9tica que voc\u00ea herdou dos seus pais e a a\u00e7\u00e3o dos horm\u00f4nios andr\u00f3genos nos fol\u00edculos capilares.<\/p>\n\n\n\n<p>Algumas pessoas nascem com fol\u00edculos que s\u00e3o geneticamente sens\u00edveis a esses horm\u00f4nios.<\/p>\n\n\n\n<p>Quando os horm\u00f4nios interagem com esses fol\u00edculos sens\u00edveis, eles fazem os fios ficarem progressivamente mais finos e curtos a cada novo ciclo de crescimento.<\/p>\n\n\n\n<p>Com o tempo, os fol\u00edculos v\u00e3o miniaturizando, produzindo fios t\u00e3o finos que parecem quase uma penugem, at\u00e9 que eventualmente podem parar de produzir fios vis\u00edveis.<\/p>\n\n\n\n<p>O quarto padr\u00e3o \u00e9 a queda concentrada em \u00e1reas espec\u00edficas, principalmente na linha frontal ou no topo da cabe\u00e7a.<\/p>\n\n\n\n<p>Diferente do afinamento difuso que acontece lentamente, nesse caso voc\u00ea percebe que determinadas regi\u00f5es est\u00e3o perdendo cabelo de forma mais intensa que outras.<\/p>\n\n\n\n<p>A linha que forma a frente do cabelo pode estar recuando, ou o topo pode estar ficando ralo enquanto os lados e a parte de tr\u00e1s permanecem mais preservados.<\/p>\n\n\n\n<p>Esse padr\u00e3o tamb\u00e9m pode ser um sinal de &#8220;alopecia androgen\u00e9tica&#8221;, mas em uma apresenta\u00e7\u00e3o um pouco diferente da anterior.<\/p>\n\n\n\n<p>Tamb\u00e9m pode indicar &#8220;alopecia de tra\u00e7\u00e3o&#8221;, que acontece quando a pessoa usa penteados muito apertados repetidamente, como tran\u00e7as muito puxadas, coques muito firmes, ou apliques muito pesados.<\/p>\n\n\n\n<p>A tens\u00e3o constante nos fios acaba danificando os fol\u00edculos naquela regi\u00e3o espec\u00edfica onde a for\u00e7a est\u00e1 sendo aplicada.<\/p>\n\n\n\n<p>Identificar corretamente qual desses padr\u00f5es voc\u00ea est\u00e1 apresentando \u00e9 um passo fundamental para descobrir a causa.<\/p>\n\n\n\n<p>Algumas pessoas podem apresentar mais de um padr\u00e3o ao mesmo tempo, o que pode indicar que mais de uma causa est\u00e1 agindo simultaneamente.<\/p>\n\n\n\n<p>Por exemplo, uma pessoa pode ter &#8220;alopecia androgen\u00e9tica&#8221; de base, que causa afinamento gradual, e tamb\u00e9m pode passar por um epis\u00f3dio de &#8220;efl\u00favio tel\u00f3geno&#8221; depois de uma cirurgia, que causa queda difusa adicional.<\/p>\n\n\n\n<p>Nesses casos, a queda pode parecer mais intensa porque dois problemas diferentes est\u00e3o acontecendo juntos.<\/p>\n\n\n\n<p>Por isso \u00e9 t\u00e3o importante observar com aten\u00e7\u00e3o o seu cabelo e tentar identificar exatamente como a queda est\u00e1 se manifestando.<\/p>\n\n\n\n<p>Tire fotos regulares da mesma \u00e1rea do couro cabeludo com a mesma ilumina\u00e7\u00e3o para conseguir comparar ao longo do tempo.<\/p>\n\n\n\n<p>Preste aten\u00e7\u00e3o se a queda est\u00e1 uniforme ou concentrada em \u00e1reas espec\u00edficas. Veja se h\u00e1 forma\u00e7\u00e3o de falhas ou se \u00e9 mais um afinamento geral.<\/p>\n\n\n\n<p>Todas essas informa\u00e7\u00f5es v\u00e3o ser extremamente \u00fateis quando voc\u00ea for ao m\u00e9dico, porque v\u00e3o ajudar o profissional a direcionar melhor os exames e o tratamento.<\/p>\n\n\n\n\n\n\n<!--nextpage-->\n\n\n<div class=\"lazyblock-fb-quiz-perguntas-e5eNM wp-block-lazyblock-fb-quiz-perguntas\">\n<div id=\"quiz_69f5c89c4371b\" class=\"quiz-container\">\n    <h3>3. Alguma dessas situa\u00e7\u00f5es aconteceu nos \u00faltimos meses?<\/h3>\n    \n    <div class=\"quiz-options\">\n                    <div class=\"quiz-option\" data-points=\"5\">\n                <input type=\"radio\" id=\"quiz_69f5c89c4371b_option_0\" name=\"quiz_option\" value=\"0\" class=\"quiz-radio\" data-points=\"5\">\n                <label for=\"quiz_69f5c89c4371b_option_0\" class=\"quiz-label\">\n                    Tive um beb\u00ea recentemente (at\u00e9 1 ano atr\u00e1s)                <\/label>\n            <\/div>\n                    <div class=\"quiz-option\" data-points=\"10\">\n                <input type=\"radio\" id=\"quiz_69f5c89c4371b_option_1\" name=\"quiz_option\" value=\"1\" class=\"quiz-radio\" data-points=\"10\">\n                <label for=\"quiz_69f5c89c4371b_option_1\" class=\"quiz-label\">\n                    Passei por per\u00edodo de estresse intenso ou mudan\u00e7a significativa                <\/label>\n            <\/div>\n                    <div class=\"quiz-option\" data-points=\"15\">\n                <input type=\"radio\" id=\"quiz_69f5c89c4371b_option_2\" name=\"quiz_option\" value=\"2\" class=\"quiz-radio\" data-points=\"15\">\n                <label for=\"quiz_69f5c89c4371b_option_2\" class=\"quiz-label\">\n                    Mudei drasticamente minha alimenta\u00e7\u00e3o ou estou em dieta restritiva                <\/label>\n            <\/div>\n                    <div class=\"quiz-option\" data-points=\"20\">\n                <input type=\"radio\" id=\"quiz_69f5c89c4371b_option_3\" name=\"quiz_option\" value=\"3\" class=\"quiz-radio\" data-points=\"20\">\n                <label for=\"quiz_69f5c89c4371b_option_3\" class=\"quiz-label\">\n                    Nenhuma situa\u00e7\u00e3o espec\u00edfica que eu tenha notado                <\/label>\n            <\/div>\n            <\/div>\n    \n    <div class=\"quiz-navigation\">\n        <a href=\"https:\/\/mulherinteressante.net\/en\/quiz-causa-queda-cabelo\/2\/\" id=\"quiz_69f5c89c4371b_next\" class=\"quiz-btn next-question botao-cta\" style=\"background:#db4982;\">\n            Next Question        <\/a>\n    <\/div>\n\n    <div class=\"quiz-error\" style=\"display:none\">\n        <h3>You need to answer the previous questions first!<\/h3>\n        <a href=\"https:\/\/mulherinteressante.net\/en\/quiz-causa-queda-cabelo\/?quiz_reset=1\" class=\"quiz-btn restart-quiz\" style=\"background:#db4982;\">\n            Start Test\n        <\/a>\n    <\/div>\n<\/div>\n\n<style>\n.quiz-container { text-align:center; padding:20px; }\n.quiz-container .quiz-options { display: flex; flex-direction: column; gap: 15px; margin: 20px 0; }\n.quiz-container .quiz-option { position: relative; width: 100%; }\n.quiz-container .quiz-radio { position: absolute; opacity: 0; width: 0; height: 0; }\n.quiz-container .quiz-label { display: block; padding: 15px 20px; background-color: #f8f8f8; border: 2px solid #e0e0e0; border-radius: 8px; cursor: pointer; transition: all 0.3s ease; font-size: 1.1em; }\n.quiz-container .quiz-radio:checked + .quiz-label { background-color: #e6f7ff; border-color: #1890ff; color: #1890ff; font-weight: bold; }\n.quiz-container .quiz-label:hover { background-color: #f0f0f0; border-color: #d0d0d0; }\n.quiz-container .quiz-btn { cursor: pointer; border-radius: 6px; font-weight: bold; transition: all 0.3s ease; display:inline-block; margin: 15px 0 5px; padding: 15px 20px; text-decoration:none!important; font-size: 1.1em; width:100%; color:#fff; }\n.quiz-container .quiz-navigation .next-question.disabled { opacity: 0.6; cursor: not-allowed; pointer-events: none; }\n<\/style>\n\n<script>\n(function() {\n    const quizId = 'quiz_69f5c89c4371b';\n    const quizContainer = document.getElementById(quizId);\n    const nextButton = document.getElementById(`${quizId}_next`);\n    const options = quizContainer.querySelectorAll('.quiz-radio');\n    const isLastQuestion = false;\n    const currentPage = 1;\n    \n    if (!sessionStorage.getItem('quizScores')) {\n        sessionStorage.setItem('quizScores', JSON.stringify({}));\n    }\n    \n    const urlParams = new URLSearchParams(window.location.search);\n    if (urlParams.has('quiz_reset')) {\n        sessionStorage.removeItem('quizScores');\n        sessionStorage.setItem('quizScores', JSON.stringify({}));\n    }\n    \n    const getTotalScore = () => {\n        const scores = JSON.parse(sessionStorage.getItem('quizScores') || '{}');\n        let total = 0;\n        Object.values(scores).forEach(score => {\n            total += parseInt(score);\n        });\n        return total;\n    };\n    \n    const updatePageScore = (points) => {\n        const scores = JSON.parse(sessionStorage.getItem('quizScores') || '{}');\n        scores[currentPage] = points;\n        sessionStorage.setItem('quizScores', JSON.stringify(scores));\n    };\n    \n    const checkPreviousPages = () => {\n        if (currentPage <= 1) return true;\n        \n        const scores = JSON.parse(sessionStorage.getItem('quizScores') || '{}');\n        for (let i = 1; i < currentPage; i++) {\n            if (scores[i] === undefined) {\n                return false;\n            }\n        }\n        return true;\n    };\n    \n    const scrollToNextButton = () => {\n        if (nextButton) {\n            const buttonRect = nextButton.getBoundingClientRect();\n            const scrollTop = window.pageYOffset || document.documentElement.scrollTop;\n            const targetPosition = buttonRect.top + scrollTop - 40;\n            window.scrollTo({\n                top: targetPosition,\n                behavior: 'smooth'\n            });\n            setTimeout(() => {\n                nextButton.focus();\n            }, 700);\n        }\n    };\n    \n    const updateResultQuery = () => {\n        if (!nextButton || !isLastQuestion) return;\n        \n        const urlString = nextButton.getAttribute('href');\n        const totalScore = getTotalScore();\n        const url = new URL(urlString, window.location.origin);\n        url.searchParams.set('qpt', totalScore);\n        nextButton.setAttribute('href', url.toString());\n    };\n    \n    if (!checkPreviousPages()) {\n        quizContainer.querySelectorAll(':scope > *:not(.quiz-error)').forEach(element => {\n            element.style.display = 'none';\n        });\n        quizContainer.querySelector('.quiz-error').style.display = 'block';\n        return;\n    }\n    \n    let selectedOption = null;\n    \n    const scores = JSON.parse(sessionStorage.getItem('quizScores') || '{}');\n    if (scores[currentPage] !== undefined) {\n        options.forEach(option => {\n            const points = parseInt(option.dataset.points);\n            if (points === parseInt(scores[currentPage])) {\n                option.checked = true;\n                selectedOption = option;\n                \n                if (nextButton) {\n                    nextButton.classList.remove('disabled');\n                    updateResultQuery();\n                }\n            }\n        });\n    } else {\n        if (nextButton) {\n            nextButton.classList.add('disabled');\n        }\n    }\n    \n    options.forEach(option => {\n        option.addEventListener('change', function() {\n            selectedOption = this;\n            const points = parseInt(this.dataset.points);\n            \n            updatePageScore(points);\n            \n            if (nextButton) {\n                nextButton.classList.remove('disabled');\n                updateResultQuery();\n                \n                setTimeout(() => {\n                    \/\/scrollToNextButton(); \/\/policy\n                }, 300);\n            }\n        });\n    });\n    \n    const restartButtons = document.querySelectorAll('.restart-quiz');\n    restartButtons.forEach(button => {\n        button.addEventListener('click', function() {\n            sessionStorage.removeItem('quizScores');\n        });\n    });\n})();\n<\/script><\/div>\n\n\n<hr class=\"wp-block-separator has-text-color has-alpha-channel-opacity has-background is-style-wide\" style=\"background-color:#dedede;color:#dedede\"\/>\n\n\n<div class='code-block code-block-4' style='margin: 8px auto; text-align: center; display: block; clear: both;'>\n<div id=\"mi_content_2_wrapper\" align=\"center\" style=\"width: 100%; margin-top: 2rem; margin-bottom: 2rem; min-height: 400px;\">\n    <div>\n        <p style=\"font-size:9px; text-transform:uppercase; text-align:center; color:#9a9a9a\">\n            Advertisements\n        <\/p>\n        <div id=\"mi_content_2\">\n        <\/div>\n    <\/div>\n<\/div><\/div>\n\n\n\n\n<h4 class=\"wp-block-heading\"><strong>Eventos Que Podem Desencadear Queda de Cabelo<\/strong><\/h4>\n\n\n\n<p>O corpo humano \u00e9 extremamente sens\u00edvel a mudan\u00e7as e eventos estressantes, e o cabelo funciona como um verdadeiro term\u00f4metro da nossa sa\u00fade geral.<\/p>\n\n\n\n<p>Muitas vezes, situa\u00e7\u00f5es marcantes que acontecem na nossa vida podem desencadear epis\u00f3dios de queda capilar alguns meses depois.<\/p>\n\n\n\n<p>Entender essa conex\u00e3o entre eventos espec\u00edficos e queda de cabelo \u00e9 fundamental para identificar se o seu problema \u00e9 tempor\u00e1rio ou se requer uma investiga\u00e7\u00e3o mais profunda.<\/p>\n\n\n\n<p>Um dos gatilhos mais comuns e bem documentados de queda capilar \u00e9 o per\u00edodo p\u00f3s-parto, ou seja, depois de ter um beb\u00ea.<\/p>\n\n\n\n<p>Durante a gravidez, os n\u00edveis de estrog\u00eanio, que \u00e9 um dos principais horm\u00f4nios femininos, ficam muito mais altos que o normal.<\/p>\n\n\n\n<p>Esse estrog\u00eanio elevado tem um efeito protetor sobre o cabelo, mantendo mais fios na fase de crescimento ativo por mais tempo.<\/p>\n\n\n\n<p>Por isso muitas mulheres gr\u00e1vidas percebem que o cabelo fica mais cheio, mais brilhante e parece crescer mais r\u00e1pido durante a gesta\u00e7\u00e3o.<\/p>\n\n\n\n<p>Elas est\u00e3o literalmente com mais cabelo na cabe\u00e7a porque menos fios est\u00e3o entrando na fase de repouso e caindo.<\/p>\n\n\n\n<p>Mas quando o beb\u00ea nasce, os n\u00edveis hormonais despencam rapidamente de volta ao normal em quest\u00e3o de dias ou semanas.<\/p>\n\n\n\n<p>Todos aqueles fios extras que foram mantidos na fase de crescimento durante a gravidez agora recebem o sinal para entrar na fase de repouso ao mesmo tempo.<\/p>\n\n\n\n<p>Entre dois e seis meses ap\u00f3s o parto, geralmente com um pico entre tr\u00eas e quatro meses, todos esses fios entram na fase de queda simultaneamente.<\/p>\n\n\n\n<p>A m\u00e3e percebe uma queda assustadora, com grandes quantidades de cabelo saindo no chuveiro, na escova e no travesseiro.<\/p>\n\n\n\n<p>Pode parecer que ela est\u00e1 ficando calva, mas na verdade isso \u00e9 apenas uma compensa\u00e7\u00e3o.<\/p>\n\n\n\n<p>Durante a gravidez ela tinha cabelo extra, agora ela est\u00e1 voltando ao normal, mas como muitos fios caem juntos, parece dram\u00e1tico.<\/p>\n\n\n\n<p>Essa queda p\u00f3s-parto \u00e9 tempor\u00e1ria e se resolve sozinha na grande maioria dos casos.<\/p>\n\n\n\n<p>O cabelo geralmente volta ao volume normal entre 6 e 12 meses ap\u00f3s o parto sem necessidade de nenhum tratamento espec\u00edfico.<\/p>\n\n\n\n<p>\u00c9 importante saber disso para n\u00e3o se desesperar e para entender que faz parte do processo normal do corpo se recuperando da gravidez.<\/p>\n\n\n\n<p>Outro gatilho poderoso para queda de cabelo \u00e9 o estresse f\u00edsico ou emocional intenso.<\/p>\n\n\n\n<p>Quando passamos por situa\u00e7\u00f5es muito estressantes, o corpo libera uma s\u00e9rie de horm\u00f4nios relacionados ao estresse, principalmente o cortisol.<\/p>\n\n\n\n<p>Esses horm\u00f4nios preparam o corpo para lidar com a situa\u00e7\u00e3o de emerg\u00eancia, direcionando energia e recursos para fun\u00e7\u00f5es essenciais como o cora\u00e7\u00e3o, o c\u00e9rebro e os m\u00fasculos.<\/p>\n\n\n\n<p>Nesse processo de prioriza\u00e7\u00e3o, fun\u00e7\u00f5es menos essenciais para a sobreviv\u00eancia imediata, como o crescimento do cabelo, acabam sendo temporariamente prejudicadas.<\/p>\n\n\n\n<p>O estresse pode fazer com que um n\u00famero maior de fol\u00edculos entre prematuramente na fase de repouso.<\/p>\n\n\n\n<p>Isso acontece cerca de 2 a 3 meses depois do evento estressante, que \u00e9 o tempo que os fol\u00edculos levam para completar a fase de repouso.<\/p>\n\n\n\n<p>Ent\u00e3o se voc\u00ea passou por uma situa\u00e7\u00e3o muito estressante, como a perda de algu\u00e9m querido, um div\u00f3rcio dif\u00edcil, a perda de emprego, uma mudan\u00e7a radical de vida, ou qualquer outra situa\u00e7\u00e3o emocionalmente desgastante, voc\u00ea pode come\u00e7ar a notar queda aumentada alguns meses depois.<\/p>\n\n\n\n<p>O estresse f\u00edsico tamb\u00e9m conta.<\/p>\n\n\n\n<p>Cirurgias grandes, especialmente as que envolvem anestesia geral e tempo prolongado de recupera\u00e7\u00e3o, s\u00e3o interpretadas pelo corpo como eventos muito estressantes.<\/p>\n\n\n\n<p>Infec\u00e7\u00f5es graves, febres muito altas que duram v\u00e1rios dias, acidentes, hospitaliza\u00e7\u00f5es, todos esses s\u00e3o estresses f\u00edsicos que podem desencadear queda.<\/p>\n\n\n\n<p>At\u00e9 mesmo mudan\u00e7as bruscas de peso, seja emagrecimento r\u00e1pido ou ganho r\u00e1pido, podem ser estressantes o suficiente para afetar o cabelo.<\/p>\n\n\n\n<p>A boa not\u00edcia \u00e9 que quando o estresse \u00e9 a causa da queda, ela geralmente \u00e9 tempor\u00e1ria.<\/p>\n\n\n\n<p>Uma vez que a situa\u00e7\u00e3o estressante passa e o corpo se recupera, o crescimento normal do cabelo tende a retornar espontaneamente.<\/p>\n\n\n\n<p>Mas se o estresse for cr\u00f4nico, ou seja, se voc\u00ea vive constantemente em um estado de estresse alto sem al\u00edvio, a queda pode se tornar persistente.<\/p>\n\n\n\n<p>Mudan\u00e7as dr\u00e1sticas na alimenta\u00e7\u00e3o s\u00e3o outro gatilho importante e frequentemente subestimado.<\/p>\n\n\n\n<p>O cabelo precisa de uma s\u00e9rie de nutrientes espec\u00edficos para crescer de forma saud\u00e1vel: prote\u00ednas, ferro, zinco, vitaminas do complexo B, vitamina D, entre outros.<\/p>\n\n\n\n<p>Quando voc\u00ea faz uma dieta muito restritiva, que elimina grupos alimentares inteiros ou reduz drasticamente as calorias, o corpo pode n\u00e3o receber quantidade suficiente desses nutrientes essenciais.<\/p>\n\n\n\n<p>Dietas que eliminam completamente prote\u00ednas animais sem uma substitui\u00e7\u00e3o adequada podem levar a defici\u00eancias proteicas que afetam o cabelo.<\/p>\n\n\n\n<p>Dietas extremamente baixas em calorias fazem o corpo entrar em modo de economia, reduzindo fun\u00e7\u00f5es n\u00e3o essenciais como o crescimento capilar.<\/p>\n\n\n\n<p>Dietas que eliminam gorduras completamente podem prejudicar a absor\u00e7\u00e3o de vitaminas lipossol\u00faveis importantes para o cabelo.<\/p>\n\n\n\n<p>O corpo \u00e9 inteligente e tem um sistema de prioridades.<\/p>\n\n\n\n<p>Se os nutrientes dispon\u00edveis s\u00e3o escassos, ele vai direcionar esses nutrientes primeiro para \u00f3rg\u00e3os vitais como cora\u00e7\u00e3o, c\u00e9rebro, f\u00edgado e rins.<\/p>\n\n\n\n<p>O cabelo fica em \u00faltimo lugar na lista de prioridades, ent\u00e3o \u00e9 um dos primeiros a sofrer quando faltam nutrientes.<\/p>\n\n\n\n<p>Pessoas que fazem dietas muito restritivas ou que desenvolvem transtornos alimentares frequentemente apresentam queda capilar como um dos sintomas.<\/p>\n\n\n\n<p>Vegetarianos e veganos tamb\u00e9m precisam ter aten\u00e7\u00e3o especial para garantir que est\u00e3o recebendo todos os nutrientes necess\u00e1rios atrav\u00e9s de fontes vegetais ou suplementa\u00e7\u00e3o adequada.<\/p>\n\n\n\n<p>A defici\u00eancia de ferro \u00e9 particularmente comum em mulheres que menstruam, especialmente aquelas com fluxo menstrual abundante, e pode causar queda significativa.<\/p>\n\n\n\n<p>Outro ponto importante \u00e9 que algumas situa\u00e7\u00f5es podem n\u00e3o parecer \u00f3bvias para voc\u00ea, mas foram eventos significativos para o seu corpo.<\/p>\n\n\n\n<p>Come\u00e7ar ou parar de tomar p\u00edlula anticoncepcional \u00e9 uma mudan\u00e7a hormonal que pode desencadear queda em algumas mulheres.<\/p>\n\n\n\n<p>Fazer procedimentos cir\u00fargicos est\u00e9ticos, mesmo que pequenos, ainda \u00e9 um estresse para o corpo.<\/p>\n\n\n\n<p>Epis\u00f3dios de gripe ou COVID-19 com febre alta e sintomas intensos podem ser gatilhos.<\/p>\n\n\n\n<p>At\u00e9 mudan\u00e7as de fuso hor\u00e1rio em viagens longas podem afetar algumas pessoas mais sens\u00edveis.<\/p>\n\n\n\n<p>Por isso \u00e9 muito importante fazer uma linha do tempo mental dos \u00faltimos seis meses a um ano e tentar identificar se houve algum evento marcante.<\/p>\n\n\n\n<p>Muitas vezes a conex\u00e3o entre o evento e a queda n\u00e3o \u00e9 imediata porque existe esse intervalo de dois a tr\u00eas meses, ent\u00e3o a pessoa n\u00e3o associa uma coisa \u00e0 outra.<\/p>\n\n\n\n<p>Mas quando voc\u00ea para para pensar e conta os meses para tr\u00e1s, frequentemente consegue identificar o gatilho.<\/p>\n\n\n\n<p>Se voc\u00ea n\u00e3o consegue identificar nenhum evento espec\u00edfico que possa ter desencadeado a queda, isso tamb\u00e9m \u00e9 uma informa\u00e7\u00e3o valiosa.<\/p>\n\n\n\n<p>Pode indicar que a causa n\u00e3o \u00e9 um efl\u00favio tel\u00f3geno reativo a algum evento, mas sim uma condi\u00e7\u00e3o cr\u00f4nica de base como alopecia androgen\u00e9tica ou alguma quest\u00e3o hormonal ou nutricional que vem se desenvolvendo silenciosamente.<\/p>\n\n\n\n\n\n\n<!--nextpage-->\n\n\n<div class=\"lazyblock-fb-quiz-perguntas-Z100DES wp-block-lazyblock-fb-quiz-perguntas\">\n<div id=\"quiz_69f5c89c43f96\" class=\"quiz-container\">\n    <h3>4. Voc\u00ea nota outros sintomas al\u00e9m da queda?<\/h3>\n    \n    <div class=\"quiz-options\">\n                    <div class=\"quiz-option\" data-points=\"5\">\n                <input type=\"radio\" id=\"quiz_69f5c89c43f96_option_0\" name=\"quiz_option\" value=\"0\" class=\"quiz-radio\" data-points=\"5\">\n                <label for=\"quiz_69f5c89c43f96_option_0\" class=\"quiz-label\">\n                    Coceira, vermelhid\u00e3o ou descama\u00e7\u00e3o no couro cabeludo                <\/label>\n            <\/div>\n                    <div class=\"quiz-option\" data-points=\"10\">\n                <input type=\"radio\" id=\"quiz_69f5c89c43f96_option_1\" name=\"quiz_option\" value=\"1\" class=\"quiz-radio\" data-points=\"10\">\n                <label for=\"quiz_69f5c89c43f96_option_1\" class=\"quiz-label\">\n                    Aumento de oleosidade ou acne                <\/label>\n            <\/div>\n                    <div class=\"quiz-option\" data-points=\"15\">\n                <input type=\"radio\" id=\"quiz_69f5c89c43f96_option_2\" name=\"quiz_option\" value=\"2\" class=\"quiz-radio\" data-points=\"15\">\n                <label for=\"quiz_69f5c89c43f96_option_2\" class=\"quiz-label\">\n                    Cansa\u00e7o excessivo, unhas fracas ou palidez                <\/label>\n            <\/div>\n                    <div class=\"quiz-option\" data-points=\"20\">\n                <input type=\"radio\" id=\"quiz_69f5c89c43f96_option_3\" name=\"quiz_option\" value=\"3\" class=\"quiz-radio\" data-points=\"20\">\n                <label for=\"quiz_69f5c89c43f96_option_3\" class=\"quiz-label\">\n                    Nenhum sintoma adicional                <\/label>\n            <\/div>\n            <\/div>\n    \n    <div class=\"quiz-navigation\">\n        <a href=\"https:\/\/mulherinteressante.net\/en\/quiz-causa-queda-cabelo\/2\/\" id=\"quiz_69f5c89c43f96_next\" class=\"quiz-btn next-question botao-cta\" style=\"background:#db4982;\">\n            Next Question        <\/a>\n    <\/div>\n\n    <div class=\"quiz-error\" style=\"display:none\">\n        <h3>You need to answer the previous questions first!<\/h3>\n        <a href=\"https:\/\/mulherinteressante.net\/en\/quiz-causa-queda-cabelo\/?quiz_reset=1\" class=\"quiz-btn restart-quiz\" style=\"background:#db4982;\">\n            Start Test\n        <\/a>\n    <\/div>\n<\/div>\n\n<style>\n.quiz-container { text-align:center; padding:20px; }\n.quiz-container .quiz-options { display: flex; flex-direction: column; gap: 15px; margin: 20px 0; }\n.quiz-container .quiz-option { position: relative; width: 100%; }\n.quiz-container .quiz-radio { position: absolute; opacity: 0; width: 0; height: 0; }\n.quiz-container .quiz-label { display: block; padding: 15px 20px; background-color: #f8f8f8; border: 2px solid #e0e0e0; border-radius: 8px; cursor: pointer; transition: all 0.3s ease; font-size: 1.1em; }\n.quiz-container .quiz-radio:checked + .quiz-label { background-color: #e6f7ff; border-color: #1890ff; color: #1890ff; font-weight: bold; }\n.quiz-container .quiz-label:hover { background-color: #f0f0f0; border-color: #d0d0d0; }\n.quiz-container .quiz-btn { cursor: pointer; border-radius: 6px; font-weight: bold; transition: all 0.3s ease; display:inline-block; margin: 15px 0 5px; padding: 15px 20px; text-decoration:none!important; font-size: 1.1em; width:100%; color:#fff; }\n.quiz-container .quiz-navigation .next-question.disabled { opacity: 0.6; cursor: not-allowed; pointer-events: none; }\n<\/style>\n\n<script>\n(function() {\n    const quizId = 'quiz_69f5c89c43f96';\n    const quizContainer = document.getElementById(quizId);\n    const nextButton = document.getElementById(`${quizId}_next`);\n    const options = quizContainer.querySelectorAll('.quiz-radio');\n    const isLastQuestion = false;\n    const currentPage = 1;\n    \n    if (!sessionStorage.getItem('quizScores')) {\n        sessionStorage.setItem('quizScores', JSON.stringify({}));\n    }\n    \n    const urlParams = new URLSearchParams(window.location.search);\n    if (urlParams.has('quiz_reset')) {\n        sessionStorage.removeItem('quizScores');\n        sessionStorage.setItem('quizScores', JSON.stringify({}));\n    }\n    \n    const getTotalScore = () => {\n        const scores = JSON.parse(sessionStorage.getItem('quizScores') || '{}');\n        let total = 0;\n        Object.values(scores).forEach(score => {\n            total += parseInt(score);\n        });\n        return total;\n    };\n    \n    const updatePageScore = (points) => {\n        const scores = JSON.parse(sessionStorage.getItem('quizScores') || '{}');\n        scores[currentPage] = points;\n        sessionStorage.setItem('quizScores', JSON.stringify(scores));\n    };\n    \n    const checkPreviousPages = () => {\n        if (currentPage <= 1) return true;\n        \n        const scores = JSON.parse(sessionStorage.getItem('quizScores') || '{}');\n        for (let i = 1; i < currentPage; i++) {\n            if (scores[i] === undefined) {\n                return false;\n            }\n        }\n        return true;\n    };\n    \n    const scrollToNextButton = () => {\n        if (nextButton) {\n            const buttonRect = nextButton.getBoundingClientRect();\n            const scrollTop = window.pageYOffset || document.documentElement.scrollTop;\n            const targetPosition = buttonRect.top + scrollTop - 40;\n            window.scrollTo({\n                top: targetPosition,\n                behavior: 'smooth'\n            });\n            setTimeout(() => {\n                nextButton.focus();\n            }, 700);\n        }\n    };\n    \n    const updateResultQuery = () => {\n        if (!nextButton || !isLastQuestion) return;\n        \n        const urlString = nextButton.getAttribute('href');\n        const totalScore = getTotalScore();\n        const url = new URL(urlString, window.location.origin);\n        url.searchParams.set('qpt', totalScore);\n        nextButton.setAttribute('href', url.toString());\n    };\n    \n    if (!checkPreviousPages()) {\n        quizContainer.querySelectorAll(':scope > *:not(.quiz-error)').forEach(element => {\n            element.style.display = 'none';\n        });\n        quizContainer.querySelector('.quiz-error').style.display = 'block';\n        return;\n    }\n    \n    let selectedOption = null;\n    \n    const scores = JSON.parse(sessionStorage.getItem('quizScores') || '{}');\n    if (scores[currentPage] !== undefined) {\n        options.forEach(option => {\n            const points = parseInt(option.dataset.points);\n            if (points === parseInt(scores[currentPage])) {\n                option.checked = true;\n                selectedOption = option;\n                \n                if (nextButton) {\n                    nextButton.classList.remove('disabled');\n                    updateResultQuery();\n                }\n            }\n        });\n    } else {\n        if (nextButton) {\n            nextButton.classList.add('disabled');\n        }\n    }\n    \n    options.forEach(option => {\n        option.addEventListener('change', function() {\n            selectedOption = this;\n            const points = parseInt(this.dataset.points);\n            \n            updatePageScore(points);\n            \n            if (nextButton) {\n                nextButton.classList.remove('disabled');\n                updateResultQuery();\n                \n                setTimeout(() => {\n                    \/\/scrollToNextButton(); \/\/policy\n                }, 300);\n            }\n        });\n    });\n    \n    const restartButtons = document.querySelectorAll('.restart-quiz');\n    restartButtons.forEach(button => {\n        button.addEventListener('click', function() {\n            sessionStorage.removeItem('quizScores');\n        });\n    });\n})();\n<\/script><\/div>\n\n\n<hr class=\"wp-block-separator has-text-color has-alpha-channel-opacity has-background is-style-wide\" style=\"background-color:#dedede;color:#dedede\"\/>\n\n\n<div class='code-block code-block-4' style='margin: 8px auto; text-align: center; display: block; clear: both;'>\n<div id=\"mi_content_2_wrapper\" align=\"center\" style=\"width: 100%; margin-top: 2rem; margin-bottom: 2rem; min-height: 400px;\">\n    <div>\n        <p style=\"font-size:9px; text-transform:uppercase; text-align:center; color:#9a9a9a\">\n            Advertisements\n        <\/p>\n        <div id=\"mi_content_2\">\n        <\/div>\n    <\/div>\n<\/div><\/div>\n\n\n\n\n<h4 class=\"wp-block-heading\"><strong>Sintomas Adicionais e Suas Conex\u00f5es Com a Queda<\/strong><\/h4>\n\n\n\n<p>A presen\u00e7a ou aus\u00eancia de outros sintomas al\u00e9m da queda de cabelo pode fornecer pistas extremamente valiosas sobre o que est\u00e1 acontecendo no seu corpo.<\/p>\n\n\n\n<p>O cabelo n\u00e3o existe isolado do resto do organismo, ent\u00e3o frequentemente problemas capilares v\u00eam acompanhados de outros sinais que indicam a causa raiz.<\/p>\n\n\n\n<p>Vamos entender cada um desses sintomas adicionais e o que eles podem revelar sobre sua condi\u00e7\u00e3o.<\/p>\n\n\n\n<p>Quando voc\u00ea tem coceira, vermelhid\u00e3o ou descama\u00e7\u00e3o no couro cabeludo junto com a queda, isso geralmente indica que existe algum problema acontecendo diretamente na pele do couro cabeludo.<\/p>\n\n\n\n<p>A coceira pode variar de leve a intensa, e pode ser constante ou aparecer em momentos espec\u00edficos.<\/p>\n\n\n\n<p>A vermelhid\u00e3o pode ser generalizada por todo o couro cabeludo ou concentrada em \u00e1reas espec\u00edficas.<\/p>\n\n\n\n<p>A descama\u00e7\u00e3o pode aparecer como pequenas escamas brancas semelhantes \u00e0 caspa, ou como placas maiores e mais grossas de pele se soltando.<\/p>\n\n\n\n<p>Esses sintomas apontam para condi\u00e7\u00f5es dermatol\u00f3gicas, ou seja, doen\u00e7as da pele, que est\u00e3o afetando diretamente o couro cabeludo.<\/p>\n\n\n\n<p>Uma das causas mais comuns \u00e9 a dermatite seborreica, que \u00e9 uma inflama\u00e7\u00e3o cr\u00f4nica da pele que afeta \u00e1reas ricas em gl\u00e2ndulas seb\u00e1ceas.<\/p>\n\n\n\n<p>No couro cabeludo, ela causa descama\u00e7\u00e3o, vermelhid\u00e3o e coceira, e pode contribuir para aumentar a queda de cabelo nas \u00e1reas afetadas.<\/p>\n\n\n\n<p>Outra possibilidade \u00e9 a psor\u00edase do couro cabeludo, uma condi\u00e7\u00e3o inflamat\u00f3ria que causa placas espessas de pele com escamas prateadas.<\/p>\n\n\n\n<p>A psor\u00edase \u00e9 uma doen\u00e7a autoimune onde o sistema de defesa do corpo ataca a pr\u00f3pria pele, fazendo as c\u00e9lulas se multiplicarem muito rapidamente.<\/p>\n\n\n\n<p>Infec\u00e7\u00f5es f\u00fangicas do couro cabeludo, embora menos comuns em adultos, tamb\u00e9m podem causar coceira, descama\u00e7\u00e3o e queda em \u00e1reas espec\u00edficas.<\/p>\n\n\n\n<p>Rea\u00e7\u00f5es al\u00e9rgicas a produtos capilares, tinturas, alisamentos ou outros tratamentos qu\u00edmicos podem causar dermatite de contato, que se manifesta com vermelhid\u00e3o, coceira intensa e descama\u00e7\u00e3o.<\/p>\n\n\n\n<p>Em casos mais graves de inflama\u00e7\u00e3o cr\u00f4nica do couro cabeludo, os fol\u00edculos capilares podem ser danificados, levando a uma condi\u00e7\u00e3o chamada alopecia cicatricial.<\/p>\n\n\n\n<p>Nesse tipo de alopecia, a inflama\u00e7\u00e3o destr\u00f3i permanentemente os fol\u00edculos e forma tecido cicatricial no lugar, resultando em perda de cabelo irrevers\u00edvel naquela \u00e1rea.<\/p>\n\n\n\n<p>Por isso \u00e9 t\u00e3o importante tratar rapidamente qualquer inflama\u00e7\u00e3o persistente do couro cabeludo.<\/p>\n\n\n\n<p>O segundo grupo de sintomas envolve aumento de oleosidade ou acne.<\/p>\n\n\n\n<p>Se al\u00e9m da queda de cabelo voc\u00ea percebe que o couro cabeludo est\u00e1 ficando mais oleoso que o normal, que precisa lavar o cabelo com mais frequ\u00eancia, ou que est\u00e1 desenvolvendo acne no rosto, especialmente na linha da mand\u00edbula e queixo, isso pode indicar altera\u00e7\u00f5es hormonais.<\/p>\n\n\n\n<p>Especificamente, esses sintomas sugerem n\u00edveis elevados de andr\u00f3genos, que s\u00e3o horm\u00f4nios que incluem a testosterona e seus derivados.<\/p>\n\n\n\n<p>Nas mulheres, os andr\u00f3genos s\u00e3o produzidos em pequenas quantidades pelos ov\u00e1rios e pelas gl\u00e2ndulas suprarrenais.<\/p>\n\n\n\n<p>Quando esses horm\u00f4nios est\u00e3o em n\u00edveis mais altos que o normal, eles estimulam as gl\u00e2ndulas seb\u00e1ceas da pele a produzir mais \u00f3leo.<\/p>\n\n\n\n<p>Isso resulta em pele e cabelo mais oleosos.<\/p>\n\n\n\n<p>Os andr\u00f3genos tamb\u00e9m podem estimular o aparecimento de acne, porque o excesso de \u00f3leo entope os poros da pele.<\/p>\n\n\n\n<p>Uma condi\u00e7\u00e3o muito comum que causa esse desequil\u00edbrio hormonal \u00e9 a s\u00edndrome dos ov\u00e1rios polic\u00edsticos, conhecida pela sigla SOP.<\/p>\n\n\n\n<p>Mulheres com SOP geralmente t\u00eam n\u00edveis elevados de andr\u00f3genos, o que pode causar n\u00e3o s\u00f3 acne e oleosidade, mas tamb\u00e9m queda de cabelo de padr\u00e3o androgen\u00e9tico.<\/p>\n\n\n\n<p>Outros sinais de SOP incluem ciclos menstruais irregulares, dificuldade para engravidar, ganho de peso especialmente na regi\u00e3o abdominal, e crescimento de pelos em \u00e1reas tipicamente masculinas como rosto, peito e abd\u00f4men.<\/p>\n\n\n\n<p>O excesso de andr\u00f3genos tamb\u00e9m est\u00e1 diretamente relacionado com a alopecia androgen\u00e9tica, porque esses horm\u00f4nios, quando interagem com fol\u00edculos geneticamente sens\u00edveis, causam a miniaturiza\u00e7\u00e3o progressiva dos fios.<\/p>\n\n\n\n<p>Por isso, se voc\u00ea tem queda de cabelo acompanhada de aumento de oleosidade e acne, \u00e9 muito importante investigar se existe alguma altera\u00e7\u00e3o hormonal acontecendo.<\/p>\n\n\n\n<p>O terceiro grupo de sintomas inclui cansa\u00e7o excessivo, unhas fracas ou quebradi\u00e7as, e palidez da pele.<\/p>\n\n\n\n<p>Esses sintomas aparentemente n\u00e3o relacionados ao cabelo podem na verdade estar todos conectados por uma causa comum: defici\u00eancia nutricional, especialmente de ferro.<\/p>\n\n\n\n<p>O ferro \u00e9 um mineral essencial que tem v\u00e1rias fun\u00e7\u00f5es important\u00edssimas no corpo.<\/p>\n\n\n\n<p>Ele faz parte da hemoglobina, que \u00e9 a mol\u00e9cula presente nos gl\u00f3bulos vermelhos do sangue respons\u00e1vel por transportar oxig\u00eanio dos pulm\u00f5es para todos os tecidos do corpo.<\/p>\n\n\n\n<p>Quando falta ferro, o corpo n\u00e3o consegue produzir hemoglobina suficiente, e isso resulta em anemia.<\/p>\n\n\n\n<p>Com menos hemoglobina, menos oxig\u00eanio chega aos tecidos, e isso causa cansa\u00e7o e fadiga intensos.<\/p>\n\n\n\n<p>A pessoa se sente sem energia mesmo depois de dormir bem, tem dificuldade para realizar atividades que antes eram f\u00e1ceis, pode sentir falta de ar com esfor\u00e7os pequenos.<\/p>\n\n\n\n<p>A palidez acontece porque com menos gl\u00f3bulos vermelhos circulando, a pele perde aquela cor rosada saud\u00e1vel e fica mais p\u00e1lida, especialmente vis\u00edvel nas palmas das m\u00e3os, parte interna das p\u00e1lpebras e gengivas.<\/p>\n\n\n\n<p>As unhas ficam fracas e quebradi\u00e7as porque elas, assim como o cabelo, s\u00e3o estruturas feitas de prote\u00ednas que dependem de um bom suprimento de nutrientes e oxig\u00eanio para crescerem fortes.<\/p>\n\n\n\n<p>E o cabelo cai porque os fol\u00edculos capilares precisam de oxig\u00eanio e nutrientes para funcionar adequadamente.<\/p>\n\n\n\n<p>Quando faltam esses recursos, os fol\u00edculos entram em modo de economia e podem empurrar prematuramente os fios para a fase de repouso.<\/p>\n\n\n\n<p>A defici\u00eancia de ferro \u00e9 extremamente comum em mulheres em idade reprodutiva, especialmente aquelas com menstrua\u00e7\u00e3o abundante, porque perdem ferro regularmente atrav\u00e9s do sangue menstrual.<\/p>\n\n\n\n<p>Mulheres gr\u00e1vidas tamb\u00e9m t\u00eam risco aumentado porque o beb\u00ea em desenvolvimento consome muito ferro da m\u00e3e.<\/p>\n\n\n\n<p>Vegetarianos e veganos precisam ter aten\u00e7\u00e3o especial porque o ferro de origem vegetal \u00e9 menos facilmente absorvido pelo corpo que o ferro de origem animal.<\/p>\n\n\n\n<p>Pessoas com problemas intestinais que afetam a absor\u00e7\u00e3o de nutrientes, como doen\u00e7a cel\u00edaca ou doen\u00e7a de Crohn, tamb\u00e9m podem desenvolver defici\u00eancia de ferro.<\/p>\n\n\n\n<p>Al\u00e9m do ferro, outras defici\u00eancias nutricionais podem causar sintomas semelhantes.<\/p>\n\n\n\n<p>Defici\u00eancia de vitamina B12 causa cansa\u00e7o, fraqueza e pode afetar o cabelo e as unhas.<\/p>\n\n\n\n<p>Defici\u00eancia de zinco pode causar queda capilar, unhas fracas e problemas de pele.<\/p>\n\n\n\n<p>Defici\u00eancia de vitamina D, que \u00e9 extremamente comum, est\u00e1 associada a queda de cabelo e fadiga.<\/p>\n\n\n\n<p>Por fim, se voc\u00ea n\u00e3o tem nenhum sintoma adicional al\u00e9m da queda de cabelo em si, isso tamb\u00e9m fornece informa\u00e7\u00e3o importante.<\/p>\n\n\n\n<p>Pode indicar que o problema est\u00e1 mais localizado nos fol\u00edculos capilares especificamente, sem envolver condi\u00e7\u00f5es sist\u00eamicas mais amplas.<\/p>\n\n\n\n<p>Tamb\u00e9m pode sugerir causas puramente gen\u00e9ticas ou hormonais que n\u00e3o produzem outros sintomas \u00f3bvios.<\/p>\n\n\n\n<p>No entanto, vale lembrar que alguns sintomas podem ser sutis e passar despercebidos at\u00e9 que voc\u00ea pare para prestar aten\u00e7\u00e3o.<\/p>\n\n\n\n<p>Por isso vale a pena fazer uma autoavalia\u00e7\u00e3o honesta e observar se h\u00e1 algo diferente no seu corpo al\u00e9m da queda de cabelo.<\/p>\n\n\n\n\n\n\n<!--nextpage-->\n\n\n<div class=\"lazyblock-fb-quiz-perguntas-2tEjbS wp-block-lazyblock-fb-quiz-perguntas\">\n<div id=\"quiz_69f5c89c448d9\" class=\"quiz-container\">\n    <h3>5. Como est\u00e1 o seu ciclo menstrual?<\/h3>\n    \n    <div class=\"quiz-options\">\n                    <div class=\"quiz-option\" data-points=\"5\">\n                <input type=\"radio\" id=\"quiz_69f5c89c448d9_option_0\" name=\"quiz_option\" value=\"0\" class=\"quiz-radio\" data-points=\"5\">\n                <label for=\"quiz_69f5c89c448d9_option_0\" class=\"quiz-label\">\n                    Irregular ou com intervalos muito longos                <\/label>\n            <\/div>\n                    <div class=\"quiz-option\" data-points=\"10\">\n                <input type=\"radio\" id=\"quiz_69f5c89c448d9_option_1\" name=\"quiz_option\" value=\"1\" class=\"quiz-radio\" data-points=\"10\">\n                <label for=\"quiz_69f5c89c448d9_option_1\" class=\"quiz-label\">\n                    Fluxo muito intenso ou prolongado                <\/label>\n            <\/div>\n                    <div class=\"quiz-option\" data-points=\"15\">\n                <input type=\"radio\" id=\"quiz_69f5c89c448d9_option_2\" name=\"quiz_option\" value=\"2\" class=\"quiz-radio\" data-points=\"15\">\n                <label for=\"quiz_69f5c89c448d9_option_2\" class=\"quiz-label\">\n                    Normal e regular                <\/label>\n            <\/div>\n                    <div class=\"quiz-option\" data-points=\"20\">\n                <input type=\"radio\" id=\"quiz_69f5c89c448d9_option_3\" name=\"quiz_option\" value=\"3\" class=\"quiz-radio\" data-points=\"20\">\n                <label for=\"quiz_69f5c89c448d9_option_3\" class=\"quiz-label\">\n                    Estou na menopausa ou n\u00e3o menstruo mais                <\/label>\n            <\/div>\n            <\/div>\n    \n    <div class=\"quiz-navigation\">\n        <a href=\"https:\/\/mulherinteressante.net\/en\/quiz-causa-queda-cabelo\/2\/\" id=\"quiz_69f5c89c448d9_next\" class=\"quiz-btn next-question botao-cta\" style=\"background:#db4982;\">\n            Next Question        <\/a>\n    <\/div>\n\n    <div class=\"quiz-error\" style=\"display:none\">\n        <h3>You need to answer the previous questions first!<\/h3>\n        <a href=\"https:\/\/mulherinteressante.net\/en\/quiz-causa-queda-cabelo\/?quiz_reset=1\" class=\"quiz-btn restart-quiz\" style=\"background:#db4982;\">\n            Start Test\n        <\/a>\n    <\/div>\n<\/div>\n\n<style>\n.quiz-container { text-align:center; padding:20px; }\n.quiz-container .quiz-options { display: flex; flex-direction: column; gap: 15px; margin: 20px 0; }\n.quiz-container .quiz-option { position: relative; width: 100%; }\n.quiz-container .quiz-radio { position: absolute; opacity: 0; width: 0; height: 0; }\n.quiz-container .quiz-label { display: block; padding: 15px 20px; background-color: #f8f8f8; border: 2px solid #e0e0e0; border-radius: 8px; cursor: pointer; transition: all 0.3s ease; font-size: 1.1em; }\n.quiz-container .quiz-radio:checked + .quiz-label { background-color: #e6f7ff; border-color: #1890ff; color: #1890ff; font-weight: bold; }\n.quiz-container .quiz-label:hover { background-color: #f0f0f0; border-color: #d0d0d0; }\n.quiz-container .quiz-btn { cursor: pointer; border-radius: 6px; font-weight: bold; transition: all 0.3s ease; display:inline-block; margin: 15px 0 5px; padding: 15px 20px; text-decoration:none!important; font-size: 1.1em; width:100%; color:#fff; }\n.quiz-container .quiz-navigation .next-question.disabled { opacity: 0.6; cursor: not-allowed; pointer-events: none; }\n<\/style>\n\n<script>\n(function() {\n    const quizId = 'quiz_69f5c89c448d9';\n    const quizContainer = document.getElementById(quizId);\n    const nextButton = document.getElementById(`${quizId}_next`);\n    const options = quizContainer.querySelectorAll('.quiz-radio');\n    const isLastQuestion = false;\n    const currentPage = 1;\n    \n    if (!sessionStorage.getItem('quizScores')) {\n        sessionStorage.setItem('quizScores', JSON.stringify({}));\n    }\n    \n    const urlParams = new URLSearchParams(window.location.search);\n    if (urlParams.has('quiz_reset')) {\n        sessionStorage.removeItem('quizScores');\n        sessionStorage.setItem('quizScores', JSON.stringify({}));\n    }\n    \n    const getTotalScore = () => {\n        const scores = JSON.parse(sessionStorage.getItem('quizScores') || '{}');\n        let total = 0;\n        Object.values(scores).forEach(score => {\n            total += parseInt(score);\n        });\n        return total;\n    };\n    \n    const updatePageScore = (points) => {\n        const scores = JSON.parse(sessionStorage.getItem('quizScores') || '{}');\n        scores[currentPage] = points;\n        sessionStorage.setItem('quizScores', JSON.stringify(scores));\n    };\n    \n    const checkPreviousPages = () => {\n        if (currentPage <= 1) return true;\n        \n        const scores = JSON.parse(sessionStorage.getItem('quizScores') || '{}');\n        for (let i = 1; i < currentPage; i++) {\n            if (scores[i] === undefined) {\n                return false;\n            }\n        }\n        return true;\n    };\n    \n    const scrollToNextButton = () => {\n        if (nextButton) {\n            const buttonRect = nextButton.getBoundingClientRect();\n            const scrollTop = window.pageYOffset || document.documentElement.scrollTop;\n            const targetPosition = buttonRect.top + scrollTop - 40;\n            window.scrollTo({\n                top: targetPosition,\n                behavior: 'smooth'\n            });\n            setTimeout(() => {\n                nextButton.focus();\n            }, 700);\n        }\n    };\n    \n    const updateResultQuery = () => {\n        if (!nextButton || !isLastQuestion) return;\n        \n        const urlString = nextButton.getAttribute('href');\n        const totalScore = getTotalScore();\n        const url = new URL(urlString, window.location.origin);\n        url.searchParams.set('qpt', totalScore);\n        nextButton.setAttribute('href', url.toString());\n    };\n    \n    if (!checkPreviousPages()) {\n        quizContainer.querySelectorAll(':scope > *:not(.quiz-error)').forEach(element => {\n            element.style.display = 'none';\n        });\n        quizContainer.querySelector('.quiz-error').style.display = 'block';\n        return;\n    }\n    \n    let selectedOption = null;\n    \n    const scores = JSON.parse(sessionStorage.getItem('quizScores') || '{}');\n    if (scores[currentPage] !== undefined) {\n        options.forEach(option => {\n            const points = parseInt(option.dataset.points);\n            if (points === parseInt(scores[currentPage])) {\n                option.checked = true;\n                selectedOption = option;\n                \n                if (nextButton) {\n                    nextButton.classList.remove('disabled');\n                    updateResultQuery();\n                }\n            }\n        });\n    } else {\n        if (nextButton) {\n            nextButton.classList.add('disabled');\n        }\n    }\n    \n    options.forEach(option => {\n        option.addEventListener('change', function() {\n            selectedOption = this;\n            const points = parseInt(this.dataset.points);\n            \n            updatePageScore(points);\n            \n            if (nextButton) {\n                nextButton.classList.remove('disabled');\n                updateResultQuery();\n                \n                setTimeout(() => {\n                    \/\/scrollToNextButton(); \/\/policy\n                }, 300);\n            }\n        });\n    });\n    \n    const restartButtons = document.querySelectorAll('.restart-quiz');\n    restartButtons.forEach(button => {\n        button.addEventListener('click', function() {\n            sessionStorage.removeItem('quizScores');\n        });\n    });\n})();\n<\/script><\/div>\n\n\n<hr class=\"wp-block-separator has-text-color has-alpha-channel-opacity has-background is-style-wide\" style=\"background-color:#dedede;color:#dedede\"\/>\n\n\n<div class='code-block code-block-4' style='margin: 8px auto; text-align: center; display: block; clear: both;'>\n<div id=\"mi_content_2_wrapper\" align=\"center\" style=\"width: 100%; margin-top: 2rem; margin-bottom: 2rem; min-height: 400px;\">\n    <div>\n        <p style=\"font-size:9px; text-transform:uppercase; text-align:center; color:#9a9a9a\">\n            Advertisements\n        <\/p>\n        <div id=\"mi_content_2\">\n        <\/div>\n    <\/div>\n<\/div><\/div>\n\n\n\n\n<h4 class=\"wp-block-heading\"><strong>A Rela\u00e7\u00e3o Entre Horm\u00f4nios e a Sa\u00fade do Cabelo<\/strong><\/h4>\n\n\n\n<p>Os horm\u00f4nios s\u00e3o subst\u00e2ncias qu\u00edmicas produzidas por diferentes gl\u00e2ndulas do corpo que funcionam como mensageiros, enviando instru\u00e7\u00f5es para diversos \u00f3rg\u00e3os e tecidos sobre como devem funcionar.<\/p>\n\n\n\n<p>Esses mensageiros qu\u00edmicos controlam praticamente tudo no nosso corpo, desde o crescimento e desenvolvimento at\u00e9 o humor, o metabolismo e tamb\u00e9m a sa\u00fade do cabelo.<\/p>\n\n\n\n<p>Os fol\u00edculos capilares s\u00e3o extremamente sens\u00edveis \u00e0s flutua\u00e7\u00f5es hormonais, e por isso mudan\u00e7as nos n\u00edveis hormonais podem ter impacto direto e significativo no crescimento e queda dos fios.<\/p>\n\n\n\n<p>Para as mulheres, os horm\u00f4nios mais importantes relacionados ao cabelo s\u00e3o o estrog\u00eanio, a progesterona e os andr\u00f3genos.<\/p>\n\n\n\n<p>O estrog\u00eanio \u00e9 considerado o horm\u00f4nio amigo do cabelo porque ele prolonga a fase de crescimento dos fios, mantendo mais cabelo na cabe\u00e7a por mais tempo.<\/p>\n\n\n\n<p>Quando os n\u00edveis de estrog\u00eanio est\u00e3o adequados, o cabelo tende a ser mais cheio, mais brilhante e crescer de forma mais saud\u00e1vel.<\/p>\n\n\n\n<p>A progesterona tamb\u00e9m desempenha um papel protetor, embora de forma menos pronunciada que o estrog\u00eanio.<\/p>\n\n\n\n<p>J\u00e1 os andr\u00f3genos, que incluem horm\u00f4nios como testosterona e DHT, podem ter efeito negativo sobre o cabelo quando est\u00e3o em n\u00edveis elevados ou quando os fol\u00edculos s\u00e3o geneticamente sens\u00edveis a eles.<\/p>\n\n\n\n<p>O ciclo menstrual \u00e9 uma janela direta para entender como seus horm\u00f4nios est\u00e3o funcionando.<\/p>\n\n\n\n<p>Um ciclo menstrual normal e regular indica que os horm\u00f4nios est\u00e3o sendo produzidos e liberados de forma equilibrada e coordenada.<\/p>\n\n\n\n<p>O ciclo t\u00edpico dura entre 25 e 35 dias, com a menstrua\u00e7\u00e3o durando de 3 a 7 dias.<\/p>\n\n\n\n<p>Se o seu ciclo segue esse padr\u00e3o de forma consistente m\u00eas ap\u00f3s m\u00eas, isso \u00e9 um bom sinal de que seus horm\u00f4nios reprodutivos est\u00e3o funcionando adequadamente.<\/p>\n\n\n\n<p>No entanto, quando o ciclo menstrual se torna irregular, isso pode sinalizar desequil\u00edbrios hormonais que tamb\u00e9m afetam o cabelo.<\/p>\n\n\n\n<p>Ciclos irregulares s\u00e3o aqueles que variam muito de um m\u00eas para o outro, \u00e0s vezes vindo muito cedo, \u00e0s vezes atrasando muito, ou at\u00e9 pulando meses inteiros.<\/p>\n\n\n\n<p>Intervalos muito longos entre uma menstrua\u00e7\u00e3o e outra, acima de 35 dias regularmente, tamb\u00e9m s\u00e3o considerados irregulares.<\/p>\n\n\n\n<p>Uma das causas mais comuns de ciclos irregulares \u00e9 a s\u00edndrome dos ov\u00e1rios polic\u00edsticos, que j\u00e1 mencionamos anteriormente.<\/p>\n\n\n\n<p>Na SOP, os ov\u00e1rios produzem andr\u00f3genos em excesso, e isso interfere com o processo normal de ovula\u00e7\u00e3o.<\/p>\n\n\n\n<p>Sem ovula\u00e7\u00e3o regular, os ciclos ficam bagun\u00e7ados, podendo haver intervalos de dois, tr\u00eas ou at\u00e9 mais meses sem menstrua\u00e7\u00e3o.<\/p>\n\n\n\n<p>Esses mesmos andr\u00f3genos elevados que causam a irregularidade menstrual tamb\u00e9m podem causar queda de cabelo de padr\u00e3o androgen\u00e9tico.<\/p>\n\n\n\n<p>As mulheres com SOP frequentemente notam que o cabelo do couro cabeludo fica mais fino enquanto pelos indesejados crescem em outras \u00e1reas do corpo.<\/p>\n\n\n\n<p>Outros problemas hormonais tamb\u00e9m podem causar irregularidade menstrual.<\/p>\n\n\n\n<p>Altera\u00e7\u00f5es na tireoide, seja hipertireoidismo (quando a tireoide trabalha demais) ou hipotireoidismo (quando trabalha de menos), podem bagun\u00e7ar o ciclo menstrual.<\/p>\n\n\n\n<p>A tireoide produz horm\u00f4nios que regulam o metabolismo de todo o corpo, incluindo a fun\u00e7\u00e3o dos ov\u00e1rios.<\/p>\n\n\n\n<p>Quando a tireoide n\u00e3o funciona direito, isso cria um efeito domin\u00f3 que afeta tamb\u00e9m os horm\u00f4nios reprodutivos.<\/p>\n\n\n\n<p>E tanto o hipertireoidismo quanto o hipotireoidismo podem causar queda capilar, porque os horm\u00f4nios da tireoide s\u00e3o essenciais para o funcionamento adequado dos fol\u00edculos capilares.<\/p>\n\n\n\n<p>N\u00edveis muito altos de prolactina, o horm\u00f4nio respons\u00e1vel pela produ\u00e7\u00e3o de leite materno, tamb\u00e9m podem causar irregularidade menstrual mesmo em mulheres que n\u00e3o est\u00e3o amamentando.<\/p>\n\n\n\n<p>Essa eleva\u00e7\u00e3o pode ser causada por certos medicamentos, tumores benignos na hip\u00f3fise, ou estresse cr\u00f4nico.<\/p>\n\n\n\n<p>O fluxo menstrual muito intenso ou prolongado \u00e9 outro sinal importante que pode estar relacionado \u00e0 queda de cabelo.<\/p>\n\n\n\n<p>Um fluxo menstrual \u00e9 considerado intenso quando voc\u00ea precisa trocar absorventes ou coletores menstruais com muita frequ\u00eancia, quando o sangramento dura mais de sete dias, ou quando voc\u00ea elimina co\u00e1gulos grandes.<\/p>\n\n\n\n<p>Esse tipo de menstrua\u00e7\u00e3o causa perda significativa de sangue todo m\u00eas, e junto com o sangue voc\u00ea est\u00e1 perdendo ferro.<\/p>\n\n\n\n<p>O ferro, como j\u00e1 explicamos, \u00e9 essencial para a produ\u00e7\u00e3o de hemoglobina e para o transporte de oxig\u00eanio no corpo.<\/p>\n\n\n\n<p>Quando voc\u00ea perde muito sangue mensalmente atrav\u00e9s de menstrua\u00e7\u00f5es abundantes, seu corpo pode n\u00e3o conseguir repor o ferro perdido mesmo que sua alimenta\u00e7\u00e3o seja adequada.<\/p>\n\n\n\n<p>Com o tempo, isso leva a uma defici\u00eancia de ferro que pode eventualmente progredir para anemia.<\/p>\n\n\n\n<p>E a defici\u00eancia de ferro, mesmo antes de causar anemia, j\u00e1 pode resultar em queda capilar significativa.<\/p>\n\n\n\n<p>Os fol\u00edculos capilares precisam de um suprimento constante de oxig\u00eanio e nutrientes para produzir fios saud\u00e1veis.<\/p>\n\n\n\n<p>Quando falta ferro, esse suprimento fica comprometido e os fol\u00edculos n\u00e3o conseguem funcionar adequadamente.<\/p>\n\n\n\n<p>Existem v\u00e1rias causas poss\u00edveis para menstrua\u00e7\u00e3o muito intensa.<\/p>\n\n\n\n<p>Miomas uterinos, que s\u00e3o tumores benignos que crescem na parede do \u00fatero, s\u00e3o uma causa comum.<\/p>\n\n\n\n<p>P\u00f3lipos endometriais, que s\u00e3o crescimentos na camada interna do \u00fatero, tamb\u00e9m podem causar sangramento aumentado.<\/p>\n\n\n\n<p>Adenomiose, uma condi\u00e7\u00e3o onde o tecido endometrial cresce dentro da parede muscular do \u00fatero, frequentemente causa menstrua\u00e7\u00f5es muito intensas e dolorosas.<\/p>\n\n\n\n<p>Dist\u00farbios de coagula\u00e7\u00e3o sangu\u00ednea, embora menos comuns, tamb\u00e9m podem estar por tr\u00e1s de sangramentos menstruais excessivos.<\/p>\n\n\n\n<p>Se voc\u00ea tem menstrua\u00e7\u00e3o muito intensa acompanhada de queda de cabelo, \u00e9 importante investigar as duas quest\u00f5es simultaneamente.<\/p>\n\n\n\n<p>Tratar a causa do sangramento excessivo n\u00e3o s\u00f3 melhora sua qualidade de vida mensal, mas tamb\u00e9m pode resolver a defici\u00eancia de ferro e consequentemente ajudar na recupera\u00e7\u00e3o do cabelo.<\/p>\n\n\n\n<p>A menopausa representa outra fase importante de mudan\u00e7a hormonal que afeta profundamente o cabelo.<\/p>\n\n\n\n<p>A menopausa \u00e9 o momento em que os ov\u00e1rios param de funcionar e de produzir estrog\u00eanio e progesterona.<\/p>\n\n\n\n<p>Tecnicamente, a menopausa \u00e9 diagnosticada depois que a mulher passa 12 meses consecutivos sem menstruar.<\/p>\n\n\n\n<p>A idade m\u00e9dia da menopausa \u00e9 em torno de 51 anos, mas pode ocorrer naturalmente em qualquer momento entre 45 e 55 anos.<\/p>\n\n\n\n<p>Quando os n\u00edveis de estrog\u00eanio caem drasticamente na menopausa, o cabelo perde aquele efeito protetor que o estrog\u00eanio proporcionava.<\/p>\n\n\n\n<p>Os fios podem entrar mais facilmente na fase de repouso, a fase de crescimento fica mais curta, e os fios crescem mais finos e mais fracos.<\/p>\n\n\n\n<p>Al\u00e9m disso, com menos estrog\u00eanio para contrabalancear, os andr\u00f3genos que continuam sendo produzidos pelas gl\u00e2ndulas suprarrenais passam a ter uma influ\u00eancia proporcionalmente maior.<\/p>\n\n\n\n<p>Mesmo que os n\u00edveis absolutos de andr\u00f3genos n\u00e3o aumentem, a propor\u00e7\u00e3o entre andr\u00f3genos e estrog\u00eanio muda drasticamente.<\/p>\n\n\n\n<p>Em mulheres geneticamente predispostas \u00e0 alopecia androgen\u00e9tica, essa mudan\u00e7a na propor\u00e7\u00e3o hormonal pode desmascarar ou acelerar o problema.<\/p>\n\n\n\n<p>Muitas mulheres que nunca tiveram problemas capilares antes come\u00e7am a notar afinamento dos fios depois da menopausa.<\/p>\n\n\n\n<p>A terapia de reposi\u00e7\u00e3o hormonal, quando indicada e prescrita por um m\u00e9dico, pode ajudar a amenizar alguns desses efeitos no cabelo.<\/p>\n\n\n\n<p>No entanto, nem todas as mulheres s\u00e3o candidatas \u00e0 reposi\u00e7\u00e3o hormonal, pois existem contraindica\u00e7\u00f5es e riscos que precisam ser cuidadosamente avaliados.<\/p>\n\n\n\n<p>Algumas mulheres param de menstruar por outras raz\u00f5es que n\u00e3o a menopausa natural.<\/p>\n\n\n\n<p>A menopausa precoce, que ocorre antes dos 40 anos, pode ser causada por fatores gen\u00e9ticos, doen\u00e7as autoimunes, quimioterapia ou radioterapia.<\/p>\n\n\n\n<p>Cirurgias que removem os ov\u00e1rios tamb\u00e9m causam menopausa cir\u00fargica imediata.<\/p>\n\n\n\n<p>Certas condi\u00e7\u00f5es m\u00e9dicas ou tratamentos podem suprimir a menstrua\u00e7\u00e3o temporariamente, como exerc\u00edcio f\u00edsico extremo, perda de peso severa, transtornos alimentares, ou estresse muito intenso.<\/p>\n\n\n\n<p>Todos esses cen\u00e1rios envolvem altera\u00e7\u00f5es hormonais significativas que podem afetar o cabelo.<\/p>\n\n\n\n<p>\u00c9 importante mencionar tamb\u00e9m o uso de anticoncepcionais hormonais e sua rela\u00e7\u00e3o com o cabelo.<\/p>\n\n\n\n<p>P\u00edlulas anticoncepcionais cont\u00eam vers\u00f5es sint\u00e9ticas de estrog\u00eanio e progesterona que suprimem a ovula\u00e7\u00e3o natural.<\/p>\n\n\n\n<p>Algumas formula\u00e7\u00f5es de p\u00edlula podem melhorar o cabelo, especialmente aquelas que cont\u00eam progest\u00e1genos com pouca ou nenhuma atividade androg\u00eanica.<\/p>\n\n\n\n<p>Essas p\u00edlulas podem at\u00e9 ser prescritas como parte do tratamento para alopecia androgen\u00e9tica em mulheres.<\/p>\n\n\n\n<p>Por outro lado, p\u00edlulas com progest\u00e1genos de atividade mais androg\u00eanica podem piorar a queda em mulheres predispostas.<\/p>\n\n\n\n<p>Al\u00e9m disso, tanto come\u00e7ar quanto parar de tomar anticoncepcional representa uma mudan\u00e7a hormonal que pode desencadear queda tempor\u00e1ria tipo efl\u00favio tel\u00f3geno.<\/p>\n\n\n\n<p>Por todas essas conex\u00f5es entre horm\u00f4nios reprodutivos e sa\u00fade capilar, qualquer irregularidade menstrual que voc\u00ea esteja experienciando merece aten\u00e7\u00e3o.<\/p>\n\n\n\n<p>N\u00e3o apenas pela sa\u00fade do cabelo, mas porque pode sinalizar desequil\u00edbrios que afetam sua sa\u00fade geral.<\/p>\n\n\n\n<p>Se voc\u00ea tem ciclos irregulares, menstrua\u00e7\u00e3o muito intensa, ou qualquer outra altera\u00e7\u00e3o no padr\u00e3o menstrual junto com queda de cabelo, vale a pena investigar com exames hormonais completos.<\/p>\n\n\n\n\n\n\n<!--nextpage-->\n\n\n<div class=\"lazyblock-fb-quiz-perguntas-Z2k0gr2 wp-block-lazyblock-fb-quiz-perguntas\">\n<div id=\"quiz_69f5c89c45286\" class=\"quiz-container\">\n    <h3>6. H\u00e1 hist\u00f3rico de queda de cabelo na sua fam\u00edlia?<\/h3>\n    \n    <div class=\"quiz-options\">\n                    <div class=\"quiz-option\" data-points=\"5\">\n                <input type=\"radio\" id=\"quiz_69f5c89c45286_option_0\" name=\"quiz_option\" value=\"0\" class=\"quiz-radio\" data-points=\"5\">\n                <label for=\"quiz_69f5c89c45286_option_0\" class=\"quiz-label\">\n                    Sim, minha m\u00e3e ou av\u00f3 tem cabelo ralo                <\/label>\n            <\/div>\n                    <div class=\"quiz-option\" data-points=\"10\">\n                <input type=\"radio\" id=\"quiz_69f5c89c45286_option_1\" name=\"quiz_option\" value=\"1\" class=\"quiz-radio\" data-points=\"10\">\n                <label for=\"quiz_69f5c89c45286_option_1\" class=\"quiz-label\">\n                    Sim, meu pai ou av\u00f4 tem calv\u00edcie                <\/label>\n            <\/div>\n                    <div class=\"quiz-option\" data-points=\"15\">\n                <input type=\"radio\" id=\"quiz_69f5c89c45286_option_2\" name=\"quiz_option\" value=\"2\" class=\"quiz-radio\" data-points=\"15\">\n                <label for=\"quiz_69f5c89c45286_option_2\" class=\"quiz-label\">\n                    Sim, mas de outra condi\u00e7\u00e3o capilar                <\/label>\n            <\/div>\n                    <div class=\"quiz-option\" data-points=\"20\">\n                <input type=\"radio\" id=\"quiz_69f5c89c45286_option_3\" name=\"quiz_option\" value=\"3\" class=\"quiz-radio\" data-points=\"20\">\n                <label for=\"quiz_69f5c89c45286_option_3\" class=\"quiz-label\">\n                    N\u00e3o tenho hist\u00f3rico familiar                <\/label>\n            <\/div>\n            <\/div>\n    \n    <div class=\"quiz-navigation\">\n        <a href=\"https:\/\/mulherinteressante.net\/en\/quiz-causa-queda-cabelo\/2\/\" id=\"quiz_69f5c89c45286_next\" class=\"quiz-btn next-question botao-cta\" style=\"background:#db4982;\">\n            Next Question        <\/a>\n    <\/div>\n\n    <div class=\"quiz-error\" style=\"display:none\">\n        <h3>You need to answer the previous questions first!<\/h3>\n        <a href=\"https:\/\/mulherinteressante.net\/en\/quiz-causa-queda-cabelo\/?quiz_reset=1\" class=\"quiz-btn restart-quiz\" style=\"background:#db4982;\">\n            Start Test\n        <\/a>\n    <\/div>\n<\/div>\n\n<style>\n.quiz-container { text-align:center; padding:20px; }\n.quiz-container .quiz-options { display: flex; flex-direction: column; gap: 15px; margin: 20px 0; }\n.quiz-container .quiz-option { position: relative; width: 100%; }\n.quiz-container .quiz-radio { position: absolute; opacity: 0; width: 0; height: 0; }\n.quiz-container .quiz-label { display: block; padding: 15px 20px; background-color: #f8f8f8; border: 2px solid #e0e0e0; border-radius: 8px; cursor: pointer; transition: all 0.3s ease; font-size: 1.1em; }\n.quiz-container .quiz-radio:checked + .quiz-label { background-color: #e6f7ff; border-color: #1890ff; color: #1890ff; font-weight: bold; }\n.quiz-container .quiz-label:hover { background-color: #f0f0f0; border-color: #d0d0d0; }\n.quiz-container .quiz-btn { cursor: pointer; border-radius: 6px; font-weight: bold; transition: all 0.3s ease; display:inline-block; margin: 15px 0 5px; padding: 15px 20px; text-decoration:none!important; font-size: 1.1em; width:100%; color:#fff; }\n.quiz-container .quiz-navigation .next-question.disabled { opacity: 0.6; cursor: not-allowed; pointer-events: none; }\n<\/style>\n\n<script>\n(function() {\n    const quizId = 'quiz_69f5c89c45286';\n    const quizContainer = document.getElementById(quizId);\n    const nextButton = document.getElementById(`${quizId}_next`);\n    const options = quizContainer.querySelectorAll('.quiz-radio');\n    const isLastQuestion = false;\n    const currentPage = 1;\n    \n    if (!sessionStorage.getItem('quizScores')) {\n        sessionStorage.setItem('quizScores', JSON.stringify({}));\n    }\n    \n    const urlParams = new URLSearchParams(window.location.search);\n    if (urlParams.has('quiz_reset')) {\n        sessionStorage.removeItem('quizScores');\n        sessionStorage.setItem('quizScores', JSON.stringify({}));\n    }\n    \n    const getTotalScore = () => {\n        const scores = JSON.parse(sessionStorage.getItem('quizScores') || '{}');\n        let total = 0;\n        Object.values(scores).forEach(score => {\n            total += parseInt(score);\n        });\n        return total;\n    };\n    \n    const updatePageScore = (points) => {\n        const scores = JSON.parse(sessionStorage.getItem('quizScores') || '{}');\n        scores[currentPage] = points;\n        sessionStorage.setItem('quizScores', JSON.stringify(scores));\n    };\n    \n    const checkPreviousPages = () => {\n        if (currentPage <= 1) return true;\n        \n        const scores = JSON.parse(sessionStorage.getItem('quizScores') || '{}');\n        for (let i = 1; i < currentPage; i++) {\n            if (scores[i] === undefined) {\n                return false;\n            }\n        }\n        return true;\n    };\n    \n    const scrollToNextButton = () => {\n        if (nextButton) {\n            const buttonRect = nextButton.getBoundingClientRect();\n            const scrollTop = window.pageYOffset || document.documentElement.scrollTop;\n            const targetPosition = buttonRect.top + scrollTop - 40;\n            window.scrollTo({\n                top: targetPosition,\n                behavior: 'smooth'\n            });\n            setTimeout(() => {\n                nextButton.focus();\n            }, 700);\n        }\n    };\n    \n    const updateResultQuery = () => {\n        if (!nextButton || !isLastQuestion) return;\n        \n        const urlString = nextButton.getAttribute('href');\n        const totalScore = getTotalScore();\n        const url = new URL(urlString, window.location.origin);\n        url.searchParams.set('qpt', totalScore);\n        nextButton.setAttribute('href', url.toString());\n    };\n    \n    if (!checkPreviousPages()) {\n        quizContainer.querySelectorAll(':scope > *:not(.quiz-error)').forEach(element => {\n            element.style.display = 'none';\n        });\n        quizContainer.querySelector('.quiz-error').style.display = 'block';\n        return;\n    }\n    \n    let selectedOption = null;\n    \n    const scores = JSON.parse(sessionStorage.getItem('quizScores') || '{}');\n    if (scores[currentPage] !== undefined) {\n        options.forEach(option => {\n            const points = parseInt(option.dataset.points);\n            if (points === parseInt(scores[currentPage])) {\n                option.checked = true;\n                selectedOption = option;\n                \n                if (nextButton) {\n                    nextButton.classList.remove('disabled');\n                    updateResultQuery();\n                }\n            }\n        });\n    } else {\n        if (nextButton) {\n            nextButton.classList.add('disabled');\n        }\n    }\n    \n    options.forEach(option => {\n        option.addEventListener('change', function() {\n            selectedOption = this;\n            const points = parseInt(this.dataset.points);\n            \n            updatePageScore(points);\n            \n            if (nextButton) {\n                nextButton.classList.remove('disabled');\n                updateResultQuery();\n                \n                setTimeout(() => {\n                    \/\/scrollToNextButton(); \/\/policy\n                }, 300);\n            }\n        });\n    });\n    \n    const restartButtons = document.querySelectorAll('.restart-quiz');\n    restartButtons.forEach(button => {\n        button.addEventListener('click', function() {\n            sessionStorage.removeItem('quizScores');\n        });\n    });\n})();\n<\/script><\/div>\n\n\n<hr class=\"wp-block-separator has-text-color has-alpha-channel-opacity has-background is-style-wide\" style=\"background-color:#dedede;color:#dedede\"\/>\n\n\n<div class='code-block code-block-4' style='margin: 8px auto; text-align: center; display: block; clear: both;'>\n<div id=\"mi_content_2_wrapper\" align=\"center\" style=\"width: 100%; margin-top: 2rem; margin-bottom: 2rem; min-height: 400px;\">\n    <div>\n        <p style=\"font-size:9px; text-transform:uppercase; text-align:center; color:#9a9a9a\">\n            Advertisements\n        <\/p>\n        <div id=\"mi_content_2\">\n        <\/div>\n    <\/div>\n<\/div><\/div>\n\n\n\n\n<h4 class=\"wp-block-heading\"><strong>Como a Gen\u00e9tica Influencia a Queda de Cabelo<\/strong><\/h4>\n\n\n\n<p>A gen\u00e9tica \u00e9 a ci\u00eancia que estuda como caracter\u00edsticas s\u00e3o transmitidas de pais para filhos atrav\u00e9s dos genes.<\/p>\n\n\n\n<p>Genes s\u00e3o pequenas unidades de informa\u00e7\u00e3o contidas no DNA que carregam as instru\u00e7\u00f5es sobre como nosso corpo deve ser constru\u00eddo e como deve funcionar.<\/p>\n\n\n\n<p>Voc\u00ea herda metade dos seus genes da sua m\u00e3e e metade do seu pai, e essa combina\u00e7\u00e3o \u00fanica determina muitas das suas caracter\u00edsticas f\u00edsicas, incluindo aspectos relacionados ao cabelo.<\/p>\n\n\n\n<p>A influ\u00eancia gen\u00e9tica na queda de cabelo \u00e9 extremamente importante e pode determinar n\u00e3o apenas se voc\u00ea vai desenvolver certo tipo de queda, mas tamb\u00e9m quando isso pode come\u00e7ar e qu\u00e3o intensa pode ser a progress\u00e3o.<\/p>\n\n\n\n<p>Entender o hist\u00f3rico familiar de problemas capilares fornece pistas valiosas sobre o risco individual de cada pessoa.<\/p>\n\n\n\n<p>A alopecia androgen\u00e9tica, tamb\u00e9m conhecida como calv\u00edcie de padr\u00e3o feminino ou masculino, \u00e9 a forma mais comum de queda capilar e tem forte componente gen\u00e9tico.<\/p>\n\n\n\n<p>Diferente do que muitas pessoas pensam, essa condi\u00e7\u00e3o n\u00e3o \u00e9 herdada de forma simples de apenas um dos pais.<\/p>\n\n\n\n<p>Na verdade, a alopecia androgen\u00e9tica \u00e9 o que chamamos de heran\u00e7a polig\u00eanica, o que significa que envolve m\u00faltiplos genes diferentes trabalhando juntos.<\/p>\n\n\n\n<p>Voc\u00ea pode herdar genes de risco tanto do lado materno quanto do lado paterno da fam\u00edlia.<\/p>\n\n\n\n<p>Antigamente acreditava-se que a calv\u00edcie era herdada principalmente atrav\u00e9s da linhagem materna, pelo cromossomo X.<\/p>\n\n\n\n<p>Embora seja verdade que um dos principais genes relacionados \u00e0 calv\u00edcie est\u00e1 localizado no cromossomo X, que vem da m\u00e3e, estudos mais recentes identificaram muitos outros genes em diferentes cromossomos que tamb\u00e9m contribuem.<\/p>\n\n\n\n<p>Isso significa que voc\u00ea pode herdar predisposi\u00e7\u00e3o tanto da sua m\u00e3e quanto do seu pai.<\/p>\n\n\n\n<p>Se a sua m\u00e3e, av\u00f3 materna, tias maternas ou outras mulheres do lado da sua m\u00e3e apresentam cabelo ralo ou afinamento capilar progressivo, isso indica que genes relacionados \u00e0 alopecia androgen\u00e9tica podem estar sendo transmitidos naquela linhagem.<\/p>\n\n\n\n<p>Como voc\u00ea herdou cromossomos da sua m\u00e3e, existe probabilidade significativa de que voc\u00ea tamb\u00e9m tenha herdado esses genes de susceptibilidade.<\/p>\n\n\n\n<p>No entanto, herdar os genes n\u00e3o significa necessariamente que voc\u00ea vai desenvolver o problema com a mesma intensidade ou na mesma idade.<\/p>\n\n\n\n<p>A express\u00e3o gen\u00e9tica, que \u00e9 quando e como os genes se manifestam, pode variar de pessoa para pessoa.<\/p>\n\n\n\n<p>Voc\u00ea pode ter herdado os genes mas desenvolver a condi\u00e7\u00e3o de forma mais leve, ou pode demorar mais para aparecer.<\/p>\n\n\n\n<p>Se o seu pai, av\u00f4 paterno ou homens do lado paterno da fam\u00edlia t\u00eam calv\u00edcie, isso tamb\u00e9m aumenta seu risco.<\/p>\n\n\n\n<p>Os homens geralmente manifestam alopecia androgen\u00e9tica de forma mais dram\u00e1tica que as mulheres, com aquele padr\u00e3o caracter\u00edstico de entradas e coroa calva.<\/p>\n\n\n\n<p>Mas os genes que causam calv\u00edcie masculina s\u00e3o essencialmente os mesmos que causam afinamento feminino, apenas se expressam de forma diferente devido \u00e0s diferen\u00e7as hormonais entre homens e mulheres.<\/p>\n\n\n\n<p>Mulheres que t\u00eam tanto hist\u00f3rico materno quanto paterno de problemas capilares t\u00eam risco ainda maior de desenvolver alopecia androgen\u00e9tica.<\/p>\n\n\n\n<p>\u00c9 importante entender que os genes que voc\u00ea herda determinam a sensibilidade dos seus fol\u00edculos capilares aos horm\u00f4nios andr\u00f3genos.<\/p>\n\n\n\n<p>Todos n\u00f3s temos andr\u00f3genos circulando no corpo, mas nem todos t\u00eam fol\u00edculos geneticamente programados para reagir negativamente a esses horm\u00f4nios.<\/p>\n\n\n\n<p>Se voc\u00ea herdou genes que tornam seus fol\u00edculos sens\u00edveis, quando os andr\u00f3genos interagem com esses fol\u00edculos, eles desencadeiam um processo de miniaturiza\u00e7\u00e3o progressiva.<\/p>\n\n\n\n<p>A cada novo ciclo de crescimento, o fol\u00edculo produz um fio um pouco mais fino e mais curto que o anterior.<\/p>\n\n\n\n<p>Com o tempo, os fios ficam t\u00e3o finos que parecem quase invis\u00edveis, como uma penugem de beb\u00ea.<\/p>\n\n\n\n<p>Em casos avan\u00e7ados, os fol\u00edculos podem eventualmente parar completamente de produzir fios vis\u00edveis, embora tecnicamente ainda estejam vivos microsc\u00f3picamente.<\/p>\n\n\n\n<p>Esse processo \u00e9 gradual e progressivo, acontecendo ao longo de anos ou d\u00e9cadas.<\/p>\n\n\n\n<p>A velocidade de progress\u00e3o tamb\u00e9m tem componente gen\u00e9tico, por isso algumas pessoas desenvolvem afinamento vis\u00edvel na casa dos 20 ou 30 anos, enquanto outras s\u00f3 percebem mudan\u00e7as depois dos 50 ou 60 anos.<\/p>\n\n\n\n<p>Al\u00e9m da alopecia androgen\u00e9tica, outras condi\u00e7\u00f5es capilares tamb\u00e9m t\u00eam componente gen\u00e9tico.<\/p>\n\n\n\n<p>A alopecia areata, aquela condi\u00e7\u00e3o autoimune que causa falhas circulares no cabelo, tem predisposi\u00e7\u00e3o gen\u00e9tica.<\/p>\n\n\n\n<p>Estudos mostram que cerca de 10 a 20 por cento das pessoas com alopecia areata t\u00eam pelo menos um familiar de primeiro grau, como pai, m\u00e3e, irm\u00e3o ou filho, que tamb\u00e9m tem ou teve a condi\u00e7\u00e3o.<\/p>\n\n\n\n<p>Ter um familiar com alopecia areata aumenta o risco de desenvolver a mesma condi\u00e7\u00e3o, embora n\u00e3o seja uma garantia.<\/p>\n\n\n\n<p>A gen\u00e9tica da alopecia areata \u00e9 complexa e ainda n\u00e3o completamente compreendida, mas sabe-se que envolve m\u00faltiplos genes relacionados ao sistema imunol\u00f3gico.<\/p>\n\n\n\n<p>Outras condi\u00e7\u00f5es mais raras de queda capilar, como algumas formas de alopecia cicatricial, tamb\u00e9m podem ter componente heredit\u00e1rio.<\/p>\n\n\n\n<p>Mesmo caracter\u00edsticas como a espessura natural dos fios, a densidade capilar total, a taxa de crescimento e a textura do cabelo s\u00e3o todas influenciadas pela gen\u00e9tica.<\/p>\n\n\n\n<p>Se as mulheres da sua fam\u00edlia naturalmente t\u00eam cabelo fino desde sempre, voc\u00ea provavelmente tamb\u00e9m tem essa caracter\u00edstica geneticamente determinada.<\/p>\n\n\n\n<p>Isso \u00e9 diferente de desenvolver afinamento progressivo ao longo do tempo.<\/p>\n\n\n\n<p>Agora, se voc\u00ea n\u00e3o identifica hist\u00f3rico familiar de queda de cabelo, isso fornece uma informa\u00e7\u00e3o diferente mas igualmente valiosa.<\/p>\n\n\n\n<p>A aus\u00eancia de hist\u00f3rico familiar n\u00e3o elimina completamente a possibilidade de alopecia androgen\u00e9tica, porque voc\u00ea pode ser a primeira pessoa da fam\u00edlia a manifestar a condi\u00e7\u00e3o devido a uma nova combina\u00e7\u00e3o gen\u00e9tica.<\/p>\n\n\n\n<p>Tamb\u00e9m \u00e9 poss\u00edvel que parentes mais distantes tenham tido o problema mas voc\u00ea simplesmente n\u00e3o saiba ou n\u00e3o tenha convivido com eles.<\/p>\n\n\n\n<p>No entanto, aus\u00eancia de hist\u00f3rico familiar forte torna mais prov\u00e1vel que a queda seja causada por outros fatores n\u00e3o gen\u00e9ticos.<\/p>\n\n\n\n<p>Fatores como defici\u00eancias nutricionais, problemas hormonais adquiridos, efl\u00favio tel\u00f3geno reativo a eventos estressantes, efeitos colaterais de medicamentos, ou condi\u00e7\u00f5es dermatol\u00f3gicas do couro cabeludo n\u00e3o dependem da gen\u00e9tica familiar.<\/p>\n\n\n\n<p>Essas causas podem afetar qualquer pessoa independentemente do hist\u00f3rico familiar.<\/p>\n\n\n\n<p>\u00c9 importante mencionar que mesmo tendo forte hist\u00f3rico familiar de calv\u00edcie ou afinamento capilar, isso n\u00e3o significa que voc\u00ea est\u00e1 fadada a passar pelo mesmo.<\/p>\n\n\n\n<p>Compreender o risco gen\u00e9tico permite que voc\u00ea tome medidas preventivas ou inicie tratamentos mais precocemente.<\/p>\n\n\n\n<p>Existem tratamentos aprovados para alopecia androgen\u00e9tica que funcionam melhor quando iniciados nas fases iniciais, antes que o afinamento se torne muito pronunciado.<\/p>\n\n\n\n<p>Se voc\u00ea sabe que tem alto risco gen\u00e9tico, pode come\u00e7ar a prestar aten\u00e7\u00e3o nos primeiros sinais de afinamento e procurar orienta\u00e7\u00e3o m\u00e9dica assim que notar mudan\u00e7as.<\/p>\n\n\n\n<p>Interven\u00e7\u00f5es precoces podem desacelerar significativamente a progress\u00e3o e preservar mais densidade capilar ao longo da vida.<\/p>\n\n\n\n<p>Al\u00e9m disso, mesmo com predisposi\u00e7\u00e3o gen\u00e9tica, fatores ambientais e de estilo de vida tamb\u00e9m influenciam.<\/p>\n\n\n\n<p>Manter n\u00edveis hormonais equilibrados, garantir nutri\u00e7\u00e3o adequada, gerenciar o estresse, evitar danos mec\u00e2nicos e qu\u00edmicos excessivos ao cabelo, tudo isso pode fazer diferen\u00e7a.<\/p>\n\n\n\n<p>A gen\u00e9tica carrega o rev\u00f3lver, mas o ambiente puxa o gatilho, como diz o ditado.<\/p>\n\n\n\n<p>Ao responder sobre hist\u00f3rico familiar, tente ser o mais espec\u00edfico poss\u00edvel sobre qual tipo de problema capilar seus familiares apresentam.<\/p>\n\n\n\n<p>Calv\u00edcie masculina cl\u00e1ssica, afinamento difuso feminino, falhas de alopecia areata, tudo isso s\u00e3o padr\u00f5es diferentes que fornecem pistas diferentes.<\/p>\n\n\n\n<p>Se poss\u00edvel, lembre-se tamb\u00e9m da idade em que seus familiares come\u00e7aram a notar os problemas, pois isso pode dar uma ideia de quando voc\u00ea tamb\u00e9m pode estar em risco.<\/p>\n\n\n\n\n\n\n<!--nextpage-->\n\n\n<div class=\"lazyblock-fb-quiz-perguntas-ZGLbB4 wp-block-lazyblock-fb-quiz-perguntas\">\n<div id=\"quiz_69f5c89c45b21\" class=\"quiz-container\">\n    <h3>7. Como est\u00e1 a sua alimenta\u00e7\u00e3o atualmente?<\/h3>\n    \n    <div class=\"quiz-options\">\n                    <div class=\"quiz-option\" data-points=\"5\">\n                <input type=\"radio\" id=\"quiz_69f5c89c45b21_option_0\" name=\"quiz_option\" value=\"0\" class=\"quiz-radio\" data-points=\"5\">\n                <label for=\"quiz_69f5c89c45b21_option_0\" class=\"quiz-label\">\n                    Muito restritiva ou com poucos grupos alimentares                <\/label>\n            <\/div>\n                    <div class=\"quiz-option\" data-points=\"10\">\n                <input type=\"radio\" id=\"quiz_69f5c89c45b21_option_1\" name=\"quiz_option\" value=\"1\" class=\"quiz-radio\" data-points=\"10\">\n                <label for=\"quiz_69f5c89c45b21_option_1\" class=\"quiz-label\">\n                    Como pouca carne vermelha ou sou vegetariana\/vegana                <\/label>\n            <\/div>\n                    <div class=\"quiz-option\" data-points=\"15\">\n                <input type=\"radio\" id=\"quiz_69f5c89c45b21_option_2\" name=\"quiz_option\" value=\"2\" class=\"quiz-radio\" data-points=\"15\">\n                <label for=\"quiz_69f5c89c45b21_option_2\" class=\"quiz-label\">\n                    Balanceada com todos os grupos alimentares                <\/label>\n            <\/div>\n                    <div class=\"quiz-option\" data-points=\"20\">\n                <input type=\"radio\" id=\"quiz_69f5c89c45b21_option_3\" name=\"quiz_option\" value=\"3\" class=\"quiz-radio\" data-points=\"20\">\n                <label for=\"quiz_69f5c89c45b21_option_3\" class=\"quiz-label\">\n                    Irregular, pulo refei\u00e7\u00f5es com frequ\u00eancia                <\/label>\n            <\/div>\n            <\/div>\n    \n    <div class=\"quiz-navigation\">\n        <a href=\"https:\/\/mulherinteressante.net\/en\/quiz-causa-queda-cabelo\/2\/\" id=\"quiz_69f5c89c45b21_next\" class=\"quiz-btn next-question botao-cta\" style=\"background:#db4982;\">\n            Next Question        <\/a>\n    <\/div>\n\n    <div class=\"quiz-error\" style=\"display:none\">\n        <h3>You need to answer the previous questions first!<\/h3>\n        <a href=\"https:\/\/mulherinteressante.net\/en\/quiz-causa-queda-cabelo\/?quiz_reset=1\" class=\"quiz-btn restart-quiz\" style=\"background:#db4982;\">\n            Start Test\n        <\/a>\n    <\/div>\n<\/div>\n\n<style>\n.quiz-container { text-align:center; padding:20px; }\n.quiz-container .quiz-options { display: flex; flex-direction: column; gap: 15px; margin: 20px 0; }\n.quiz-container .quiz-option { position: relative; width: 100%; }\n.quiz-container .quiz-radio { position: absolute; opacity: 0; width: 0; height: 0; }\n.quiz-container .quiz-label { display: block; padding: 15px 20px; background-color: #f8f8f8; border: 2px solid #e0e0e0; border-radius: 8px; cursor: pointer; transition: all 0.3s ease; font-size: 1.1em; }\n.quiz-container .quiz-radio:checked + .quiz-label { background-color: #e6f7ff; border-color: #1890ff; color: #1890ff; font-weight: bold; }\n.quiz-container .quiz-label:hover { background-color: #f0f0f0; border-color: #d0d0d0; }\n.quiz-container .quiz-btn { cursor: pointer; border-radius: 6px; font-weight: bold; transition: all 0.3s ease; display:inline-block; margin: 15px 0 5px; padding: 15px 20px; text-decoration:none!important; font-size: 1.1em; width:100%; color:#fff; }\n.quiz-container .quiz-navigation .next-question.disabled { opacity: 0.6; cursor: not-allowed; pointer-events: none; }\n<\/style>\n\n<script>\n(function() {\n    const quizId = 'quiz_69f5c89c45b21';\n    const quizContainer = document.getElementById(quizId);\n    const nextButton = document.getElementById(`${quizId}_next`);\n    const options = quizContainer.querySelectorAll('.quiz-radio');\n    const isLastQuestion = false;\n    const currentPage = 1;\n    \n    if (!sessionStorage.getItem('quizScores')) {\n        sessionStorage.setItem('quizScores', JSON.stringify({}));\n    }\n    \n    const urlParams = new URLSearchParams(window.location.search);\n    if (urlParams.has('quiz_reset')) {\n        sessionStorage.removeItem('quizScores');\n        sessionStorage.setItem('quizScores', JSON.stringify({}));\n    }\n    \n    const getTotalScore = () => {\n        const scores = JSON.parse(sessionStorage.getItem('quizScores') || '{}');\n        let total = 0;\n        Object.values(scores).forEach(score => {\n            total += parseInt(score);\n        });\n        return total;\n    };\n    \n    const updatePageScore = (points) => {\n        const scores = JSON.parse(sessionStorage.getItem('quizScores') || '{}');\n        scores[currentPage] = points;\n        sessionStorage.setItem('quizScores', JSON.stringify(scores));\n    };\n    \n    const checkPreviousPages = () => {\n        if (currentPage <= 1) return true;\n        \n        const scores = JSON.parse(sessionStorage.getItem('quizScores') || '{}');\n        for (let i = 1; i < currentPage; i++) {\n            if (scores[i] === undefined) {\n                return false;\n            }\n        }\n        return true;\n    };\n    \n    const scrollToNextButton = () => {\n        if (nextButton) {\n            const buttonRect = nextButton.getBoundingClientRect();\n            const scrollTop = window.pageYOffset || document.documentElement.scrollTop;\n            const targetPosition = buttonRect.top + scrollTop - 40;\n            window.scrollTo({\n                top: targetPosition,\n                behavior: 'smooth'\n            });\n            setTimeout(() => {\n                nextButton.focus();\n            }, 700);\n        }\n    };\n    \n    const updateResultQuery = () => {\n        if (!nextButton || !isLastQuestion) return;\n        \n        const urlString = nextButton.getAttribute('href');\n        const totalScore = getTotalScore();\n        const url = new URL(urlString, window.location.origin);\n        url.searchParams.set('qpt', totalScore);\n        nextButton.setAttribute('href', url.toString());\n    };\n    \n    if (!checkPreviousPages()) {\n        quizContainer.querySelectorAll(':scope > *:not(.quiz-error)').forEach(element => {\n            element.style.display = 'none';\n        });\n        quizContainer.querySelector('.quiz-error').style.display = 'block';\n        return;\n    }\n    \n    let selectedOption = null;\n    \n    const scores = JSON.parse(sessionStorage.getItem('quizScores') || '{}');\n    if (scores[currentPage] !== undefined) {\n        options.forEach(option => {\n            const points = parseInt(option.dataset.points);\n            if (points === parseInt(scores[currentPage])) {\n                option.checked = true;\n                selectedOption = option;\n                \n                if (nextButton) {\n                    nextButton.classList.remove('disabled');\n                    updateResultQuery();\n                }\n            }\n        });\n    } else {\n        if (nextButton) {\n            nextButton.classList.add('disabled');\n        }\n    }\n    \n    options.forEach(option => {\n        option.addEventListener('change', function() {\n            selectedOption = this;\n            const points = parseInt(this.dataset.points);\n            \n            updatePageScore(points);\n            \n            if (nextButton) {\n                nextButton.classList.remove('disabled');\n                updateResultQuery();\n                \n                setTimeout(() => {\n                    \/\/scrollToNextButton(); \/\/policy\n                }, 300);\n            }\n        });\n    });\n    \n    const restartButtons = document.querySelectorAll('.restart-quiz');\n    restartButtons.forEach(button => {\n        button.addEventListener('click', function() {\n            sessionStorage.removeItem('quizScores');\n        });\n    });\n})();\n<\/script><\/div>\n\n\n<hr class=\"wp-block-separator has-text-color has-alpha-channel-opacity has-background is-style-wide\" style=\"background-color:#dedede;color:#dedede\"\/>\n\n\n<div class='code-block code-block-4' style='margin: 8px auto; text-align: center; display: block; clear: both;'>\n<div id=\"mi_content_2_wrapper\" align=\"center\" style=\"width: 100%; margin-top: 2rem; margin-bottom: 2rem; min-height: 400px;\">\n    <div>\n        <p style=\"font-size:9px; text-transform:uppercase; text-align:center; color:#9a9a9a\">\n            Advertisements\n        <\/p>\n        <div id=\"mi_content_2\">\n        <\/div>\n    <\/div>\n<\/div><\/div>\n\n\n\n\n<h4 class=\"wp-block-heading\"><strong>A Import\u00e2ncia da Nutri\u00e7\u00e3o Para Cabelos Saud\u00e1veis<\/strong><\/h4>\n\n\n\n<p>O cabelo, embora pare\u00e7a apenas uma caracter\u00edstica externa e est\u00e9tica, \u00e9 na verdade um tecido vivo que est\u00e1 em constante crescimento e renova\u00e7\u00e3o.<\/p>\n\n\n\n<p>Para crescer de forma saud\u00e1vel, o cabelo depende de um suprimento constante e adequado de diversos nutrientes espec\u00edficos que precisam vir da alimenta\u00e7\u00e3o.<\/p>\n\n\n\n<p>Quando a alimenta\u00e7\u00e3o \u00e9 deficiente ou desequilibrada, o cabelo frequentemente \u00e9 um dos primeiros lugares onde isso se manifesta.<\/p>\n\n\n\n<p>Entender a conex\u00e3o entre nutri\u00e7\u00e3o e sa\u00fade capilar \u00e9 fundamental para identificar se a sua queda pode estar relacionada a defici\u00eancias alimentares.<\/p>\n\n\n\n<p>O corpo humano funciona com um sistema inteligente de prioridades quando os recursos nutricionais s\u00e3o limitados.<\/p>\n\n\n\n<p>Se voc\u00ea n\u00e3o est\u00e1 consumindo quantidade suficiente de nutrientes, o corpo vai distribuir o que est\u00e1 dispon\u00edvel primeiro para \u00f3rg\u00e3os e fun\u00e7\u00f5es vitais.<\/p>\n\n\n\n<p>O cora\u00e7\u00e3o, o c\u00e9rebro, os rins, o f\u00edgado, os pulm\u00f5es, todos esses \u00f3rg\u00e3os essenciais para manter voc\u00ea viva recebem prioridade absoluta.<\/p>\n\n\n\n<p>O cabelo, por n\u00e3o ser essencial para sobreviv\u00eancia imediata, fica no final da fila de prioridades.<\/p>\n\n\n\n<p>Por isso, defici\u00eancias nutricionais frequentemente se manifestam primeiro como problemas capilares, mesmo antes de causar sintomas mais graves em outros sistemas.<\/p>\n\n\n\n<p>Vamos entender quais nutrientes s\u00e3o mais importantes para o cabelo e como cada padr\u00e3o alimentar pode afetar.<\/p>\n\n\n\n<p>As prote\u00ednas s\u00e3o absolutamente fundamentais porque o cabelo \u00e9 feito principalmente de uma prote\u00edna chamada queratina.<\/p>\n\n\n\n<p>Para o corpo produzir queratina, ele precisa de amino\u00e1cidos, que s\u00e3o os blocos de constru\u00e7\u00e3o das prote\u00ednas.<\/p>\n\n\n\n<p>Esses amino\u00e1cidos v\u00eam da digest\u00e3o das prote\u00ednas que voc\u00ea consome na alimenta\u00e7\u00e3o.<\/p>\n\n\n\n<p>Fontes de prote\u00edna incluem carnes, aves, peixes, ovos, latic\u00ednios, leguminosas como feij\u00e3o e lentilha, soja e derivados, nozes e sementes.<\/p>\n\n\n\n<p>Quando a alimenta\u00e7\u00e3o \u00e9 muito pobre em prote\u00ednas, o corpo simplesmente n\u00e3o tem mat\u00e9ria-prima suficiente para construir fios de cabelo fortes.<\/p>\n\n\n\n<p>Os fios produzidos ficam finos, fracos, quebradi\u00e7os e crescem lentamente.<\/p>\n\n\n\n<p>Em casos de defici\u00eancia proteica severa, o corpo pode colocar mais fol\u00edculos em fase de repouso para economizar recursos, resultando em queda aumentada.<\/p>\n\n\n\n<p>O ferro \u00e9 outro nutriente crucial que merece aten\u00e7\u00e3o especial, especialmente para mulheres.<\/p>\n\n\n\n<p>O ferro tem v\u00e1rias fun\u00e7\u00f5es vitais no corpo, sendo a mais conhecida sua participa\u00e7\u00e3o na forma\u00e7\u00e3o da hemoglobina.<\/p>\n\n\n\n<p>A hemoglobina \u00e9 a mol\u00e9cula dentro dos gl\u00f3bulos vermelhos que transporta oxig\u00eanio dos pulm\u00f5es para todos os tecidos do corpo.<\/p>\n\n\n\n<p>Os fol\u00edculos capilares s\u00e3o estruturas metabolicamente muito ativas que precisam de muito oxig\u00eanio para funcionar adequadamente.<\/p>\n\n\n\n<p>Quando falta ferro, menos hemoglobina \u00e9 produzida, menos oxig\u00eanio chega aos fol\u00edculos, e eles n\u00e3o conseguem trabalhar na capacidade total.<\/p>\n\n\n\n<p>Isso resulta em fios que crescem mais devagar, mais finos, e em maior propens\u00e3o \u00e0 queda.<\/p>\n\n\n\n<p>A defici\u00eancia de ferro \u00e9 uma das causas nutricionais mais comuns de queda capilar em mulheres.<\/p>\n\n\n\n<p>Mulheres que menstruam perdem ferro regularmente atrav\u00e9s do sangue menstrual, e se a alimenta\u00e7\u00e3o n\u00e3o rep\u00f5e adequadamente, podem desenvolver defici\u00eancia.<\/p>\n\n\n\n<p>Mulheres com menstrua\u00e7\u00e3o abundante est\u00e3o em risco ainda maior.<\/p>\n\n\n\n<p>Gestantes e lactantes tamb\u00e9m precisam de muito mais ferro porque est\u00e3o suprindo n\u00e3o apenas suas pr\u00f3prias necessidades mas tamb\u00e9m as do beb\u00ea.<\/p>\n\n\n\n<p>Existem duas formas de ferro na alimenta\u00e7\u00e3o: ferro heme e ferro n\u00e3o-heme.<\/p>\n\n\n\n<p>O ferro heme vem de fontes animais como carne vermelha, frango, peixe, e \u00e9 muito mais facilmente absorvido pelo intestino.<\/p>\n\n\n\n<p>O ferro n\u00e3o-heme vem de fontes vegetais como feij\u00e3o, lentilha, espinafre, e \u00e9 absorvido com mais dificuldade.<\/p>\n\n\n\n<p>Por isso, pessoas que n\u00e3o consomem carne vermelha ou que seguem dieta vegetariana ou vegana precisam ter aten\u00e7\u00e3o redobrada para garantir ingest\u00e3o adequada de ferro.<\/p>\n\n\n\n<p>\u00c9 poss\u00edvel obter ferro suficiente de fontes vegetais, mas requer planejamento cuidadoso e frequentemente suplementa\u00e7\u00e3o.<\/p>\n\n\n\n<p>Combinar alimentos ricos em vitamina C com fontes vegetais de ferro ajuda a melhorar a absor\u00e7\u00e3o.<\/p>\n\n\n\n<p>O zinco \u00e9 um mineral que participa de centenas de rea\u00e7\u00f5es qu\u00edmicas no corpo, incluindo aquelas necess\u00e1rias para o crescimento e repara\u00e7\u00e3o dos tecidos.<\/p>\n\n\n\n<p>Os fol\u00edculos capilares t\u00eam alta taxa de divis\u00e3o celular, ent\u00e3o precisam de zinco abundante.<\/p>\n\n\n\n<p>Defici\u00eancia de zinco pode causar queda de cabelo difusa, cabelos quebradi\u00e7os e crescimento lento.<\/p>\n\n\n\n<p>Fontes de zinco incluem carnes, frutos do mar especialmente ostras, nozes, sementes, gr\u00e3os integrais e leguminosas.<\/p>\n\n\n\n<p>As vitaminas do complexo B, especialmente a biotina (B7), \u00e1cido f\u00f3lico (B9) e B12, s\u00e3o essenciais para o crescimento capilar.<\/p>\n\n\n\n<p>A biotina ficou muito famosa nos \u00faltimos anos como suplemento para cabelo, embora defici\u00eancia verdadeira de biotina seja rara.<\/p>\n\n\n\n<p>A vitamina B12 \u00e9 encontrada naturalmente apenas em alimentos de origem animal, ent\u00e3o vegetarianos estritos e veganos precisam de suplementa\u00e7\u00e3o obrigat\u00f3ria.<\/p>\n\n\n\n<p>Defici\u00eancia de B12 pode causar n\u00e3o s\u00f3 queda capilar mas tamb\u00e9m anemia e problemas neurol\u00f3gicos.<\/p>\n\n\n\n<p>A vitamina D, tecnicamente um horm\u00f4nio que produzimos na pele quando expostos ao sol, tamb\u00e9m \u00e9 importante para a sa\u00fade dos fol\u00edculos capilares.<\/p>\n\n\n\n<p>Defici\u00eancia de vitamina D \u00e9 extremamente comum, especialmente em pessoas que vivem longe da linha do Equador, que trabalham em ambientes fechados, ou que usam protetor solar constantemente.<\/p>\n\n\n\n<p>Estudos sugerem liga\u00e7\u00e3o entre n\u00edveis baixos de vitamina D e alopecia areata, e tamb\u00e9m h\u00e1 evid\u00eancias de que a vitamina D desempenha papel no ciclo de crescimento dos fol\u00edculos.<\/p>\n\n\n\n<p>As gorduras saud\u00e1veis, especialmente os \u00e1cidos graxos \u00f4mega-3, ajudam a manter o couro cabeludo saud\u00e1vel e os fios hidratados.<\/p>\n\n\n\n<p>Dietas extremamente baixas em gordura podem levar a cabelo seco, quebradi\u00e7o e couro cabeludo com descama\u00e7\u00e3o.<\/p>\n\n\n\n<p>Agora vamos entender como cada padr\u00e3o alimentar mencionado pode afetar o cabelo.<\/p>\n\n\n\n<p>Alimenta\u00e7\u00f5es muito restritivas que eliminam grupos alimentares inteiros ou que limitam drasticamente as calorias s\u00e3o particularmente problem\u00e1ticas.<\/p>\n\n\n\n<p>Dietas da moda que cortam carboidratos completamente, ou que eliminam todas as gorduras, ou que se baseiam em apenas alguns alimentos espec\u00edficos, criam desequil\u00edbrios nutricionais.<\/p>\n\n\n\n<p>O corpo entra em modo de economia energ\u00e9tica, desacelerando fun\u00e7\u00f5es n\u00e3o essenciais como o crescimento capilar.<\/p>\n\n\n\n<p>Transtornos alimentares como anorexia nervosa e bulimia nervosa frequentemente resultam em queda capilar significativa devido \u00e0 desnutri\u00e7\u00e3o.<\/p>\n\n\n\n<p>Dietas vegetarianas e veganas, quando bem planejadas e suplementadas adequadamente, podem ser perfeitamente saud\u00e1veis e compat\u00edveis com cabelo saud\u00e1vel.<\/p>\n\n\n\n<p>No entanto, requerem aten\u00e7\u00e3o especial a certos nutrientes que s\u00e3o mais dif\u00edceis de obter de fontes vegetais.<\/p>\n\n\n\n<p>Ferro, vitamina B12, zinco, prote\u00ednas completas, \u00e1cidos graxos \u00f4mega-3, todos precisam ser cuidadosamente monitorados.<\/p>\n\n\n\n<p>Vegetarianos e veganos que n\u00e3o fazem esse planejamento adequado podem desenvolver defici\u00eancias que afetam o cabelo.<\/p>\n\n\n\n<p>Uma alimenta\u00e7\u00e3o balanceada que inclui todos os grupos alimentares em propor\u00e7\u00f5es adequadas fornece naturalmente a maioria dos nutrientes necess\u00e1rios.<\/p>\n\n\n\n<p>Prote\u00ednas de diferentes fontes, carboidratos complexos, gorduras saud\u00e1veis, frutas e vegetais variados, latic\u00ednios ou substitutos fortificados, tudo isso junto cria uma dieta nutritivamente completa.<\/p>\n\n\n\n<p>Pessoas com alimenta\u00e7\u00e3o balanceada raramente desenvolvem defici\u00eancias nutricionais severas o suficiente para causar queda capilar, a menos que tenham algum problema de absor\u00e7\u00e3o intestinal.<\/p>\n\n\n\n<p>Alimenta\u00e7\u00e3o irregular, pulando refei\u00e7\u00f5es frequentemente, tamb\u00e9m \u00e9 problem\u00e1tica.<\/p>\n\n\n\n<p>Quando voc\u00ea pula refei\u00e7\u00f5es, per\u00edodos prolongados sem comer fazem os n\u00edveis de a\u00e7\u00facar no sangue ca\u00edrem.<\/p>\n\n\n\n<p>O corpo interpreta isso como escassez de comida e pode entrar em modo de preserva\u00e7\u00e3o de energia.<\/p>\n\n\n\n<p>Al\u00e9m disso, pulando refei\u00e7\u00f5es voc\u00ea simplesmente n\u00e3o consome quantidade total adequada de nutrientes ao longo do dia.<\/p>\n\n\n\n<p>Mesmo que voc\u00ea coma bem em uma refei\u00e7\u00e3o, se pula outras, o total di\u00e1rio pode ficar aqu\u00e9m das necessidades.<\/p>\n\n\n\n<p>\u00c9 importante enfatizar que suplementos vitam\u00ednicos n\u00e3o substituem uma alimenta\u00e7\u00e3o equilibrada.<\/p>\n\n\n\n<p>Suplementos devem ser usados para corrigir defici\u00eancias espec\u00edficas identificadas por exames, n\u00e3o como substitutos de comida de verdade.<\/p>\n\n\n\n<p>Tomar megadoses de vitaminas por conta pr\u00f3pria pode inclusive ser prejudicial, j\u00e1 que algumas vitaminas em excesso causam toxicidade.<\/p>\n\n\n\n<p>Por exemplo, excesso de vitamina A pode paradoxalmente causar queda de cabelo.<\/p>\n\n\n\n<p>Se voc\u00ea suspeita que sua alimenta\u00e7\u00e3o pode estar contribuindo para a queda, o ideal \u00e9 fazer exames de sangue para verificar os n\u00edveis de nutrientes chave.<\/p>\n\n\n\n<p>Hemograma completo, ferritina (que mede os estoques de ferro), vitamina B12, vitamina D, zinco, s\u00e3o alguns dos exames que podem revelar defici\u00eancias.<\/p>\n\n\n\n<p>Com base nos resultados, um m\u00e9dico ou nutricionista pode orientar mudan\u00e7as alimentares e suplementa\u00e7\u00e3o adequada.<\/p>\n\n\n\n<p>Vale lembrar que melhorias nutricionais n\u00e3o trazem resultados imediatos no cabelo.<\/p>\n\n\n\n<p>O cabelo cresce devagar, cerca de um cent\u00edmetro por m\u00eas, ent\u00e3o pode levar tr\u00eas a seis meses de nutri\u00e7\u00e3o adequada para ver melhora vis\u00edvel na queda e na qualidade dos novos fios crescendo.<\/p>\n\n\n\n\n\n\n<!--nextpage-->\n\n\n<div class=\"lazyblock-fb-quiz-perguntas-1byd70 wp-block-lazyblock-fb-quiz-perguntas\">\n<div id=\"quiz_69f5c89c464c2\" class=\"quiz-container\">\n    <h3>8. Voc\u00ea usa com frequ\u00eancia qu\u00edmicas, tinturas ou alisamentos?<\/h3>\n    \n    <div class=\"quiz-options\">\n                    <div class=\"quiz-option\" data-points=\"5\">\n                <input type=\"radio\" id=\"quiz_69f5c89c464c2_option_0\" name=\"quiz_option\" value=\"0\" class=\"quiz-radio\" data-points=\"5\">\n                <label for=\"quiz_69f5c89c464c2_option_0\" class=\"quiz-label\">\n                    Sim, fa\u00e7o procedimentos qu\u00edmicos regularmente                <\/label>\n            <\/div>\n                    <div class=\"quiz-option\" data-points=\"10\">\n                <input type=\"radio\" id=\"quiz_69f5c89c464c2_option_1\" name=\"quiz_option\" value=\"1\" class=\"quiz-radio\" data-points=\"10\">\n                <label for=\"quiz_69f5c89c464c2_option_1\" class=\"quiz-label\">\n                    Sim, mas com intervalos maiores                <\/label>\n            <\/div>\n                    <div class=\"quiz-option\" data-points=\"15\">\n                <input type=\"radio\" id=\"quiz_69f5c89c464c2_option_2\" name=\"quiz_option\" value=\"2\" class=\"quiz-radio\" data-points=\"15\">\n                <label for=\"quiz_69f5c89c464c2_option_2\" class=\"quiz-label\">\n                    Uso chapinha ou secador no calor alto diariamente                <\/label>\n            <\/div>\n                    <div class=\"quiz-option\" data-points=\"20\">\n                <input type=\"radio\" id=\"quiz_69f5c89c464c2_option_3\" name=\"quiz_option\" value=\"3\" class=\"quiz-radio\" data-points=\"20\">\n                <label for=\"quiz_69f5c89c464c2_option_3\" class=\"quiz-label\">\n                    N\u00e3o, mantenho o cabelo natural                <\/label>\n            <\/div>\n            <\/div>\n    \n    <div class=\"quiz-navigation\">\n        <a href=\"https:\/\/mulherinteressante.net\/en\/quiz-causa-queda-cabelo\/2\/\" id=\"quiz_69f5c89c464c2_next\" class=\"quiz-btn next-question botao-cta\" style=\"background:#db4982;\">\n            Next Question        <\/a>\n    <\/div>\n\n    <div class=\"quiz-error\" style=\"display:none\">\n        <h3>You need to answer the previous questions first!<\/h3>\n        <a href=\"https:\/\/mulherinteressante.net\/en\/quiz-causa-queda-cabelo\/?quiz_reset=1\" class=\"quiz-btn restart-quiz\" style=\"background:#db4982;\">\n            Start Test\n        <\/a>\n    <\/div>\n<\/div>\n\n<style>\n.quiz-container { text-align:center; padding:20px; }\n.quiz-container .quiz-options { display: flex; flex-direction: column; gap: 15px; margin: 20px 0; }\n.quiz-container .quiz-option { position: relative; width: 100%; }\n.quiz-container .quiz-radio { position: absolute; opacity: 0; width: 0; height: 0; }\n.quiz-container .quiz-label { display: block; padding: 15px 20px; background-color: #f8f8f8; border: 2px solid #e0e0e0; border-radius: 8px; cursor: pointer; transition: all 0.3s ease; font-size: 1.1em; }\n.quiz-container .quiz-radio:checked + .quiz-label { background-color: #e6f7ff; border-color: #1890ff; color: #1890ff; font-weight: bold; }\n.quiz-container .quiz-label:hover { background-color: #f0f0f0; border-color: #d0d0d0; }\n.quiz-container .quiz-btn { cursor: pointer; border-radius: 6px; font-weight: bold; transition: all 0.3s ease; display:inline-block; margin: 15px 0 5px; padding: 15px 20px; text-decoration:none!important; font-size: 1.1em; width:100%; color:#fff; }\n.quiz-container .quiz-navigation .next-question.disabled { opacity: 0.6; cursor: not-allowed; pointer-events: none; }\n<\/style>\n\n<script>\n(function() {\n    const quizId = 'quiz_69f5c89c464c2';\n    const quizContainer = document.getElementById(quizId);\n    const nextButton = document.getElementById(`${quizId}_next`);\n    const options = quizContainer.querySelectorAll('.quiz-radio');\n    const isLastQuestion = false;\n    const currentPage = 1;\n    \n    if (!sessionStorage.getItem('quizScores')) {\n        sessionStorage.setItem('quizScores', JSON.stringify({}));\n    }\n    \n    const urlParams = new URLSearchParams(window.location.search);\n    if (urlParams.has('quiz_reset')) {\n        sessionStorage.removeItem('quizScores');\n        sessionStorage.setItem('quizScores', JSON.stringify({}));\n    }\n    \n    const getTotalScore = () => {\n        const scores = JSON.parse(sessionStorage.getItem('quizScores') || '{}');\n        let total = 0;\n        Object.values(scores).forEach(score => {\n            total += parseInt(score);\n        });\n        return total;\n    };\n    \n    const updatePageScore = (points) => {\n        const scores = JSON.parse(sessionStorage.getItem('quizScores') || '{}');\n        scores[currentPage] = points;\n        sessionStorage.setItem('quizScores', JSON.stringify(scores));\n    };\n    \n    const checkPreviousPages = () => {\n        if (currentPage <= 1) return true;\n        \n        const scores = JSON.parse(sessionStorage.getItem('quizScores') || '{}');\n        for (let i = 1; i < currentPage; i++) {\n            if (scores[i] === undefined) {\n                return false;\n            }\n        }\n        return true;\n    };\n    \n    const scrollToNextButton = () => {\n        if (nextButton) {\n            const buttonRect = nextButton.getBoundingClientRect();\n            const scrollTop = window.pageYOffset || document.documentElement.scrollTop;\n            const targetPosition = buttonRect.top + scrollTop - 40;\n            window.scrollTo({\n                top: targetPosition,\n                behavior: 'smooth'\n            });\n            setTimeout(() => {\n                nextButton.focus();\n            }, 700);\n        }\n    };\n    \n    const updateResultQuery = () => {\n        if (!nextButton || !isLastQuestion) return;\n        \n        const urlString = nextButton.getAttribute('href');\n        const totalScore = getTotalScore();\n        const url = new URL(urlString, window.location.origin);\n        url.searchParams.set('qpt', totalScore);\n        nextButton.setAttribute('href', url.toString());\n    };\n    \n    if (!checkPreviousPages()) {\n        quizContainer.querySelectorAll(':scope > *:not(.quiz-error)').forEach(element => {\n            element.style.display = 'none';\n        });\n        quizContainer.querySelector('.quiz-error').style.display = 'block';\n        return;\n    }\n    \n    let selectedOption = null;\n    \n    const scores = JSON.parse(sessionStorage.getItem('quizScores') || '{}');\n    if (scores[currentPage] !== undefined) {\n        options.forEach(option => {\n            const points = parseInt(option.dataset.points);\n            if (points === parseInt(scores[currentPage])) {\n                option.checked = true;\n                selectedOption = option;\n                \n                if (nextButton) {\n                    nextButton.classList.remove('disabled');\n                    updateResultQuery();\n                }\n            }\n        });\n    } else {\n        if (nextButton) {\n            nextButton.classList.add('disabled');\n        }\n    }\n    \n    options.forEach(option => {\n        option.addEventListener('change', function() {\n            selectedOption = this;\n            const points = parseInt(this.dataset.points);\n            \n            updatePageScore(points);\n            \n            if (nextButton) {\n                nextButton.classList.remove('disabled');\n                updateResultQuery();\n                \n                setTimeout(() => {\n                    \/\/scrollToNextButton(); \/\/policy\n                }, 300);\n            }\n        });\n    });\n    \n    const restartButtons = document.querySelectorAll('.restart-quiz');\n    restartButtons.forEach(button => {\n        button.addEventListener('click', function() {\n            sessionStorage.removeItem('quizScores');\n        });\n    });\n})();\n<\/script><\/div>\n\n\n<hr class=\"wp-block-separator has-text-color has-alpha-channel-opacity has-background is-style-wide\" style=\"background-color:#dedede;color:#dedede\"\/>\n\n\n<div class='code-block code-block-4' style='margin: 8px auto; text-align: center; display: block; clear: both;'>\n<div id=\"mi_content_2_wrapper\" align=\"center\" style=\"width: 100%; margin-top: 2rem; margin-bottom: 2rem; min-height: 400px;\">\n    <div>\n        <p style=\"font-size:9px; text-transform:uppercase; text-align:center; color:#9a9a9a\">\n            Advertisements\n        <\/p>\n        <div id=\"mi_content_2\">\n        <\/div>\n    <\/div>\n<\/div><\/div>\n\n\n\n\n<h4 class=\"wp-block-heading\"><strong>Como Procedimentos Qu\u00edmicos e Calor Afetam os Fios<\/strong><\/h4>\n\n\n\n<p>O cabelo que voc\u00ea v\u00ea crescendo para fora do couro cabeludo \u00e9 tecnicamente tecido morto composto principalmente pela prote\u00edna queratina.<\/p>\n\n\n\n<p>Embora seja morto, a estrutura e integridade desse tecido podem ser preservadas ou danificadas dependendo de como voc\u00ea trata seus fios.<\/p>\n\n\n\n<p>Procedimentos qu\u00edmicos e uso excessivo de calor podem comprometer severamente a estrutura do cabelo, levando a quebra e danos que muitas vezes s\u00e3o confundidos com queda.<\/p>\n\n\n\n<p>\u00c9 importante entender a diferen\u00e7a entre queda verdadeira, onde o fio cai da raiz junto com o bulbo, e quebra, onde o fio parte ao longo do comprimento.<\/p>\n\n\n\n<p>Ambas resultam em menos cabelo na cabe\u00e7a, mas as causas e tratamentos s\u00e3o diferentes.<\/p>\n\n\n\n<p>A estrutura do fio de cabelo \u00e9 complexa, com tr\u00eas camadas principais.<\/p>\n\n\n\n<p>A camada mais externa se chama cut\u00edcula, e \u00e9 formada por c\u00e9lulas sobrepostas como escamas de peixe ou telhas de um telhado.<\/p>\n\n\n\n<p>Quando a cut\u00edcula est\u00e1 intacta e as escamas ficam bem fechadas, o cabelo reflete luz, parece brilhante e liso, e est\u00e1 protegido.<\/p>\n\n\n\n<p>A camada do meio se chama c\u00f3rtex, e cont\u00e9m a maior parte da prote\u00edna queratina, al\u00e9m dos pigmentos que d\u00e3o cor ao cabelo.<\/p>\n\n\n\n<p>O c\u00f3rtex \u00e9 respons\u00e1vel pela for\u00e7a, elasticidade e cor do fio.<\/p>\n\n\n\n<p>A camada mais interna se chama medula, presente principalmente em fios grossos, e sua fun\u00e7\u00e3o ainda n\u00e3o \u00e9 completamente compreendida.<\/p>\n\n\n\n<p>Procedimentos qu\u00edmicos funcionam alterando a estrutura proteica do cabelo para mudar sua forma, textura ou cor.<\/p>\n\n\n\n<p>Alisamentos e relaxamentos quebram as pontes de dissulfeto, que s\u00e3o liga\u00e7\u00f5es qu\u00edmicas que mant\u00eam as prote\u00ednas do c\u00f3rtex em determinada configura\u00e7\u00e3o.<\/p>\n\n\n\n<p>Ao quebrar essas pontes e reform\u00e1-las em nova posi\u00e7\u00e3o, o cabelo \u00e9 permanentemente alisado.<\/p>\n\n\n\n<p>Permanentes fazem o oposto, quebrando as pontes e reformando-as de forma a criar cachos.<\/p>\n\n\n\n<p>Colora\u00e7\u00f5es e descolora\u00e7\u00f5es trabalham de maneira diferente mas igualmente agressiva.<\/p>\n\n\n\n<p>Para tingir o cabelo, especialmente para cores mais claras que a natural, os produtos precisam abrir a cut\u00edcula, penetrar no c\u00f3rtex, remover o pigmento natural e depositar novo pigmento.<\/p>\n\n\n\n<p>Descolora\u00e7\u00f5es usam agentes oxidantes poderosos como per\u00f3xido de hidrog\u00eanio para quebrar as mol\u00e9culas de melanina que d\u00e3o cor ao cabelo.<\/p>\n\n\n\n<p>Esse processo \u00e9 extremamente danoso \u00e0 estrutura proteica.<\/p>\n\n\n\n<p>Todos esses procedimentos qu\u00edmicos causam danos cumulativos e irrevers\u00edveis \u00e0 estrutura do fio.<\/p>\n\n\n\n<p>A cut\u00edcula fica levantada e danificada, deixando o c\u00f3rtex exposto e vulner\u00e1vel.<\/p>\n\n\n\n<p>Os fios perdem prote\u00ednas, ficam porosos, perdem elasticidade e ficam fr\u00e1geis.<\/p>\n\n\n\n<p>Cabelos quimicamente tratados s\u00e3o muito mais propensos a quebrar, especialmente quando molhados e mais vulner\u00e1veis.<\/p>\n\n\n\n<p>Quando feitos regularmente sem tempo adequado de recupera\u00e7\u00e3o entre procedimentos, os danos se acumulam.<\/p>\n\n\n\n<p>Fazer alisamento e colora\u00e7\u00e3o no mesmo per\u00edodo, ou fazer retoques com frequ\u00eancia muito alta, pode levar a quebra severa.<\/p>\n\n\n\n<p>Nos casos mais graves, o cabelo pode quebrar t\u00e3o pr\u00f3ximo \u00e0 raiz que parece queda, mas \u00e9 na verdade quebra extrema.<\/p>\n\n\n\n<p>Al\u00e9m da quebra dos fios, produtos qu\u00edmicos muito fortes aplicados inadequadamente podem causar queimaduras qu\u00edmicas no couro cabeludo.<\/p>\n\n\n\n<p>Essas queimaduras podem danificar os fol\u00edculos capilares na superf\u00edcie da pele.<\/p>\n\n\n\n<p>Se o dano for severo e repetido, pode at\u00e9 causar alopecia cicatricial, onde os fol\u00edculos s\u00e3o destru\u00eddos permanentemente e substitu\u00eddos por tecido cicatricial.<\/p>\n\n\n\n<p>Isso resulta em perda permanente de cabelo naquelas \u00e1reas afetadas.<\/p>\n\n\n\n<p>Relaxamentos muito fortes, especialmente quando deixados no cabelo por tempo excessivo ou aplicados sobre cabelo j\u00e1 previamente tratado, s\u00e3o particularmente arriscados.<\/p>\n\n\n\n<p>O uso de calor atrav\u00e9s de ferramentas como chapinha e secador funciona de maneira diferente mas tamb\u00e9m pode ser muito danoso.<\/p>\n\n\n\n<p>O cabelo cont\u00e9m \u00e1gua naturalmente, e essa umidade ajuda a manter a flexibilidade e elasticidade dos fios.<\/p>\n\n\n\n<p>Quando voc\u00ea aplica calor muito alto, a \u00e1gua dentro do fio ferve literalmente, criando pequenas bolhas de vapor dentro da estrutura do cabelo.<\/p>\n\n\n\n<p>Essas bolhas podem romper a cut\u00edcula e criar espa\u00e7os vazios dentro do c\u00f3rtex, enfraquecendo estruturalmente o fio.<\/p>\n\n\n\n<p>Temperaturas acima de 180 graus Celsius come\u00e7am a degradar as prote\u00ednas de queratina.<\/p>\n\n\n\n<p>Muitas chapinhas atingem facilmente 200, 220 ou at\u00e9 230 graus, especialmente quando usadas no m\u00e1ximo.<\/p>\n\n\n\n<p>Passar chapinha diariamente nessas temperaturas causa danos t\u00e9rmicos cumulativos significativos.<\/p>\n\n\n\n<p>Secadores no calor muito alto, especialmente quando segurados muito pr\u00f3ximos dos fios, tamb\u00e9m causam danos t\u00e9rmicos.<\/p>\n\n\n\n<p>O problema se agrava quando o calor \u00e9 aplicado sobre cabelo molhado, que \u00e9 quando os fios est\u00e3o mais vulner\u00e1veis.<\/p>\n\n\n\n<p>O cabelo molhado est\u00e1 em estado temporariamente mais fraco porque as liga\u00e7\u00f5es de hidrog\u00eanio que ajudam a manter a estrutura est\u00e3o temporariamente quebradas.<\/p>\n\n\n\n<p>Aplicar calor alto sobre cabelo molhado ou \u00famido maximiza o dano.<\/p>\n\n\n\n<p>\u00c9 importante diferenciar aqui: o uso ocasional e cuidadoso de ferramentas de calor, com protetor t\u00e9rmico e temperatura adequada, n\u00e3o causa danos irrepar\u00e1veis.<\/p>\n\n\n\n<p>O problema \u00e9 o uso di\u00e1rio ou muito frequente, sem prote\u00e7\u00e3o, em temperaturas excessivamente altas.<\/p>\n\n\n\n<p>Usar protetor t\u00e9rmico cria uma barreira que ajuda a distribuir o calor mais uniformemente e protege parcialmente a cut\u00edcula.<\/p>\n\n\n\n<p>Usar temperaturas mais baixas, mesmo que demore um pouco mais, preserva a integridade dos fios.<\/p>\n\n\n\n<p>Deixar o cabelo secar naturalmente sempre que poss\u00edvel d\u00e1 um descanso aos fios.<\/p>\n\n\n\n<p>Pessoas que fazem procedimentos qu\u00edmicos regularmente e tamb\u00e9m usam calor diariamente est\u00e3o submetendo o cabelo a uma tempestade perfeita de danos.<\/p>\n\n\n\n<p>Cabelo alisado quimicamente que tamb\u00e9m \u00e9 chapinhado diariamente, ou cabelo descolorido que tamb\u00e9m \u00e9 secado no calor m\u00e1ximo todo dia, sofre dano extremo.<\/p>\n\n\n\n<p>Nesses casos, quebra severa \u00e9 quase inevit\u00e1vel, e pode dar a impress\u00e3o de queda massiva.<\/p>\n\n\n\n<p>Outro tipo de dano relacionado mas distinto \u00e9 a alopecia por tra\u00e7\u00e3o.<\/p>\n\n\n\n<p>Isso acontece quando o cabelo \u00e9 puxado repetidamente com for\u00e7a, causando estresse mec\u00e2nico nos fol\u00edculos.<\/p>\n\n\n\n<p>Penteados muito apertados como tran\u00e7as muito puxadas, coques muito firmes, rabos de cavalo muito tensos, ou uso de apliques pesados que puxam o cabelo podem causar isso.<\/p>\n\n\n\n<p>O estresse constante nos fol\u00edculos pode danific\u00e1-los permanentemente, especialmente na linha frontal e nas t\u00eamporas onde a pele \u00e9 mais fina.<\/p>\n\n\n\n<p>Esse tipo de alopecia \u00e9 mais comum em pessoas que usam esses penteados diariamente durante anos.<\/p>\n\n\n\n<p>Inicialmente a queda \u00e9 revers\u00edvel se o estresse for removido, mas se continuar por tempo prolongado, pode se tornar permanente.<\/p>\n\n\n\n<p>Agora, se voc\u00ea mant\u00e9m o cabelo natural sem qu\u00edmicas e sem uso frequente de calor, est\u00e1 evitando uma fonte importante de danos.<\/p>\n\n\n\n<p>Cabelos naturais ainda podem quebrar por outras raz\u00f5es, como pentear muito agressivamente, usar el\u00e1sticos muito apertados, ou falta de hidrata\u00e7\u00e3o.<\/p>\n\n\n\n<p>Mas no geral, cabelo natural tende a manter melhor sua integridade estrutural.<\/p>\n\n\n\n<p>\u00c9 poss\u00edvel fazer procedimentos qu\u00edmicos de forma mais segura respeitando certos princ\u00edpios.<\/p>\n\n\n\n<p>Espa\u00e7ar adequadamente os procedimentos, dando tempo para o cabelo se recuperar entre aplica\u00e7\u00f5es.<\/p>\n\n\n\n<p>Fazer apenas um tipo de qu\u00edmica por vez, evitando sobrepor alisamento e colora\u00e7\u00e3o, por exemplo.<\/p>\n\n\n\n<p>Procurar profissionais qualificados que usem produtos de qualidade e t\u00e9cnicas adequadas.<\/p>\n\n\n\n<p>Investir pesado em tratamentos de reconstru\u00e7\u00e3o e hidrata\u00e7\u00e3o para minimizar os danos.<\/p>\n\n\n\n<p>Proteger o cabelo do calor quando usar ferramentas t\u00e9rmicas.<\/p>\n\n\n\n<p>Mas \u00e9 importante ter expectativas realistas: cabelo quimicamente tratado nunca ser\u00e1 t\u00e3o forte quanto cabelo virgem.<\/p>\n\n\n\n<p>Se voc\u00ea est\u00e1 tendo queda ou quebra e faz procedimentos qu\u00edmicos regulares ou usa calor diariamente, considere dar um tempo para o cabelo se recuperar.<\/p>\n\n\n\n<p>\u00c0s vezes um per\u00edodo de transi\u00e7\u00e3o deixando o cabelo natural ou reduzindo drasticamente os tratamentos permite que voc\u00ea veja quanto era dano e quanto \u00e9 queda verdadeira.<\/p>\n\n\n\n\n\n\n<!--nextpage-->\n\n\n<div class=\"lazyblock-fb-quiz-perguntas-8gKDj wp-block-lazyblock-fb-quiz-perguntas\">\n<div id=\"quiz_69f5c89c46e8e\" class=\"quiz-container\">\n    <h3>9. Voc\u00ea toma algum medicamento regularmente?<\/h3>\n    \n    <div class=\"quiz-options\">\n                    <div class=\"quiz-option\" data-points=\"5\">\n                <input type=\"radio\" id=\"quiz_69f5c89c46e8e_option_0\" name=\"quiz_option\" value=\"0\" class=\"quiz-radio\" data-points=\"5\">\n                <label for=\"quiz_69f5c89c46e8e_option_0\" class=\"quiz-label\">\n                    Sim, anticoncepcional ou terapia hormonal                <\/label>\n            <\/div>\n                    <div class=\"quiz-option\" data-points=\"10\">\n                <input type=\"radio\" id=\"quiz_69f5c89c46e8e_option_1\" name=\"quiz_option\" value=\"1\" class=\"quiz-radio\" data-points=\"10\">\n                <label for=\"quiz_69f5c89c46e8e_option_1\" class=\"quiz-label\">\n                    Sim, antidepressivos ou ansiol\u00edticos                <\/label>\n            <\/div>\n                    <div class=\"quiz-option\" data-points=\"15\">\n                <input type=\"radio\" id=\"quiz_69f5c89c46e8e_option_2\" name=\"quiz_option\" value=\"2\" class=\"quiz-radio\" data-points=\"15\">\n                <label for=\"quiz_69f5c89c46e8e_option_2\" class=\"quiz-label\">\n                    Sim, outros medicamentos de uso cont\u00ednuo                <\/label>\n            <\/div>\n                    <div class=\"quiz-option\" data-points=\"20\">\n                <input type=\"radio\" id=\"quiz_69f5c89c46e8e_option_3\" name=\"quiz_option\" value=\"3\" class=\"quiz-radio\" data-points=\"20\">\n                <label for=\"quiz_69f5c89c46e8e_option_3\" class=\"quiz-label\">\n                    N\u00e3o tomo medicamentos regularmente                <\/label>\n            <\/div>\n            <\/div>\n    \n    <div class=\"quiz-navigation\">\n        <a href=\"https:\/\/mulherinteressante.net\/en\/quiz-causa-queda-cabelo\/2\/\" id=\"quiz_69f5c89c46e8e_next\" class=\"quiz-btn next-question botao-cta\" style=\"background:#db4982;\">\n            Next Question        <\/a>\n    <\/div>\n\n    <div class=\"quiz-error\" style=\"display:none\">\n        <h3>You need to answer the previous questions first!<\/h3>\n        <a href=\"https:\/\/mulherinteressante.net\/en\/quiz-causa-queda-cabelo\/?quiz_reset=1\" class=\"quiz-btn restart-quiz\" style=\"background:#db4982;\">\n            Start Test\n        <\/a>\n    <\/div>\n<\/div>\n\n<style>\n.quiz-container { text-align:center; padding:20px; }\n.quiz-container .quiz-options { display: flex; flex-direction: column; gap: 15px; margin: 20px 0; }\n.quiz-container .quiz-option { position: relative; width: 100%; }\n.quiz-container .quiz-radio { position: absolute; opacity: 0; width: 0; height: 0; }\n.quiz-container .quiz-label { display: block; padding: 15px 20px; background-color: #f8f8f8; border: 2px solid #e0e0e0; border-radius: 8px; cursor: pointer; transition: all 0.3s ease; font-size: 1.1em; }\n.quiz-container .quiz-radio:checked + .quiz-label { background-color: #e6f7ff; border-color: #1890ff; color: #1890ff; font-weight: bold; }\n.quiz-container .quiz-label:hover { background-color: #f0f0f0; border-color: #d0d0d0; }\n.quiz-container .quiz-btn { cursor: pointer; border-radius: 6px; font-weight: bold; transition: all 0.3s ease; display:inline-block; margin: 15px 0 5px; padding: 15px 20px; text-decoration:none!important; font-size: 1.1em; width:100%; color:#fff; }\n.quiz-container .quiz-navigation .next-question.disabled { opacity: 0.6; cursor: not-allowed; pointer-events: none; }\n<\/style>\n\n<script>\n(function() {\n    const quizId = 'quiz_69f5c89c46e8e';\n    const quizContainer = document.getElementById(quizId);\n    const nextButton = document.getElementById(`${quizId}_next`);\n    const options = quizContainer.querySelectorAll('.quiz-radio');\n    const isLastQuestion = false;\n    const currentPage = 1;\n    \n    if (!sessionStorage.getItem('quizScores')) {\n        sessionStorage.setItem('quizScores', JSON.stringify({}));\n    }\n    \n    const urlParams = new URLSearchParams(window.location.search);\n    if (urlParams.has('quiz_reset')) {\n        sessionStorage.removeItem('quizScores');\n        sessionStorage.setItem('quizScores', JSON.stringify({}));\n    }\n    \n    const getTotalScore = () => {\n        const scores = JSON.parse(sessionStorage.getItem('quizScores') || '{}');\n        let total = 0;\n        Object.values(scores).forEach(score => {\n            total += parseInt(score);\n        });\n        return total;\n    };\n    \n    const updatePageScore = (points) => {\n        const scores = JSON.parse(sessionStorage.getItem('quizScores') || '{}');\n        scores[currentPage] = points;\n        sessionStorage.setItem('quizScores', JSON.stringify(scores));\n    };\n    \n    const checkPreviousPages = () => {\n        if (currentPage <= 1) return true;\n        \n        const scores = JSON.parse(sessionStorage.getItem('quizScores') || '{}');\n        for (let i = 1; i < currentPage; i++) {\n            if (scores[i] === undefined) {\n                return false;\n            }\n        }\n        return true;\n    };\n    \n    const scrollToNextButton = () => {\n        if (nextButton) {\n            const buttonRect = nextButton.getBoundingClientRect();\n            const scrollTop = window.pageYOffset || document.documentElement.scrollTop;\n            const targetPosition = buttonRect.top + scrollTop - 40;\n            window.scrollTo({\n                top: targetPosition,\n                behavior: 'smooth'\n            });\n            setTimeout(() => {\n                nextButton.focus();\n            }, 700);\n        }\n    };\n    \n    const updateResultQuery = () => {\n        if (!nextButton || !isLastQuestion) return;\n        \n        const urlString = nextButton.getAttribute('href');\n        const totalScore = getTotalScore();\n        const url = new URL(urlString, window.location.origin);\n        url.searchParams.set('qpt', totalScore);\n        nextButton.setAttribute('href', url.toString());\n    };\n    \n    if (!checkPreviousPages()) {\n        quizContainer.querySelectorAll(':scope > *:not(.quiz-error)').forEach(element => {\n            element.style.display = 'none';\n        });\n        quizContainer.querySelector('.quiz-error').style.display = 'block';\n        return;\n    }\n    \n    let selectedOption = null;\n    \n    const scores = JSON.parse(sessionStorage.getItem('quizScores') || '{}');\n    if (scores[currentPage] !== undefined) {\n        options.forEach(option => {\n            const points = parseInt(option.dataset.points);\n            if (points === parseInt(scores[currentPage])) {\n                option.checked = true;\n                selectedOption = option;\n                \n                if (nextButton) {\n                    nextButton.classList.remove('disabled');\n                    updateResultQuery();\n                }\n            }\n        });\n    } else {\n        if (nextButton) {\n            nextButton.classList.add('disabled');\n        }\n    }\n    \n    options.forEach(option => {\n        option.addEventListener('change', function() {\n            selectedOption = this;\n            const points = parseInt(this.dataset.points);\n            \n            updatePageScore(points);\n            \n            if (nextButton) {\n                nextButton.classList.remove('disabled');\n                updateResultQuery();\n                \n                setTimeout(() => {\n                    \/\/scrollToNextButton(); \/\/policy\n                }, 300);\n            }\n        });\n    });\n    \n    const restartButtons = document.querySelectorAll('.restart-quiz');\n    restartButtons.forEach(button => {\n        button.addEventListener('click', function() {\n            sessionStorage.removeItem('quizScores');\n        });\n    });\n})();\n<\/script><\/div>\n\n\n<hr class=\"wp-block-separator has-text-color has-alpha-channel-opacity has-background is-style-wide\" style=\"background-color:#dedede;color:#dedede\"\/>\n\n\n<div class='code-block code-block-4' style='margin: 8px auto; text-align: center; display: block; clear: both;'>\n<div id=\"mi_content_2_wrapper\" align=\"center\" style=\"width: 100%; margin-top: 2rem; margin-bottom: 2rem; min-height: 400px;\">\n    <div>\n        <p style=\"font-size:9px; text-transform:uppercase; text-align:center; color:#9a9a9a\">\n            Advertisements\n        <\/p>\n        <div id=\"mi_content_2\">\n        <\/div>\n    <\/div>\n<\/div><\/div>\n\n\n\n\n<h4 class=\"wp-block-heading\"><strong>Medicamentos Que Podem Afetar o Cabelo<\/strong><\/h4>\n\n\n\n<p>Medicamentos s\u00e3o subst\u00e2ncias qu\u00edmicas desenvolvidas para tratar doen\u00e7as, aliviar sintomas ou melhorar condi\u00e7\u00f5es de sa\u00fade.<\/p>\n\n\n\n<p>Embora sejam ferramentas extremamente importantes e frequentemente necess\u00e1rias na medicina moderna, praticamente todos os medicamentos podem causar efeitos al\u00e9m daqueles pretendidos.<\/p>\n\n\n\n<p>Esses efeitos n\u00e3o intencionais s\u00e3o chamados de efeitos colaterais, e queda de cabelo \u00e9 um efeito colateral relativamente comum de diversos tipos de medicamentos.<\/p>\n\n\n\n<p>Entender se algum medicamento que voc\u00ea toma pode estar contribuindo para a queda \u00e9 uma pe\u00e7a importante do quebra-cabe\u00e7a diagn\u00f3stico.<\/p>\n\n\n\n<p>Existem diferentes mecanismos pelos quais medicamentos podem causar queda de cabelo.<\/p>\n\n\n\n<p>Alguns medicamentos induzem efl\u00favio tel\u00f3geno, fazendo um n\u00famero maior de fol\u00edculos entrarem prematuramente na fase de repouso.<\/p>\n\n\n\n<p>Dois a tr\u00eas meses depois de iniciar o medicamento, esses fol\u00edculos entram na fase de queda simultaneamente, causando aumento percept\u00edvel na perda de fios.<\/p>\n\n\n\n<p>Outros medicamentos causam efl\u00favio an\u00e1geno, onde afetam os fol\u00edculos durante a fase de crescimento ativo.<\/p>\n\n\n\n<p>Isso \u00e9 mais raro e geralmente associado a medicamentos muito potentes como quimioter\u00e1picos usados no tratamento de c\u00e2ncer.<\/p>\n\n\n\n<p>Alguns medicamentos alteram os n\u00edveis hormonais no corpo, e essas altera\u00e7\u00f5es hormonais podem secundariamente afetar o cabelo.<\/p>\n\n\n\n<p>Outros ainda podem causar defici\u00eancias nutricionais que indiretamente prejudicam o crescimento capilar.<\/p>\n\n\n\n<p>Vamos entender as categorias mais comuns de medicamentos que podem afetar o cabelo.<\/p>\n\n\n\n<p>Anticoncepcionais hormonais, popularmente conhecidos como p\u00edlulas anticoncepcionais, cont\u00eam vers\u00f5es sint\u00e9ticas dos horm\u00f4nios femininos estrog\u00eanio e progesterona.<\/p>\n\n\n\n<p>Esses horm\u00f4nios sint\u00e9ticos suprimem a ovula\u00e7\u00e3o e regulam o ciclo menstrual.<\/p>\n\n\n\n<p>A rela\u00e7\u00e3o entre p\u00edlula anticoncepcional e queda de cabelo \u00e9 complexa e pode ir em duas dire\u00e7\u00f5es opostas.<\/p>\n\n\n\n<p>Algumas formula\u00e7\u00f5es de p\u00edlula podem melhorar o cabelo, especialmente em mulheres com s\u00edndrome dos ov\u00e1rios polic\u00edsticos ou outras condi\u00e7\u00f5es com excesso de andr\u00f3genos.<\/p>\n\n\n\n<p>P\u00edlulas que cont\u00eam progest\u00e1genos com propriedades antiandrog\u00eanicas ajudam a reduzir o efeito dos andr\u00f3genos nos fol\u00edculos, podendo inclusive melhorar a alopecia androgen\u00e9tica.<\/p>\n\n\n\n<p>Por outro lado, p\u00edlulas que cont\u00eam progest\u00e1genos com atividade androg\u00eanica podem piorar a queda em mulheres geneticamente predispostas.<\/p>\n\n\n\n<p>Al\u00e9m disso, tanto come\u00e7ar quanto parar de tomar anticoncepcional representa uma mudan\u00e7a hormonal significativa para o corpo.<\/p>\n\n\n\n<p>Essa mudan\u00e7a pode desencadear efl\u00favio tel\u00f3geno tempor\u00e1rio, com aumento da queda dois a tr\u00eas meses depois da mudan\u00e7a.<\/p>\n\n\n\n<p>Isso \u00e9 particularmente comum quando a mulher para de tomar a p\u00edlula depois de anos de uso.<\/p>\n\n\n\n<p>Durante o uso da p\u00edlula, os horm\u00f4nios sint\u00e9ticos mantinham mais fios na fase de crescimento.<\/p>\n\n\n\n<p>Quando a p\u00edlula \u00e9 interrompida e os horm\u00f4nios naturais retornam, muitos fios entram simultaneamente na fase de repouso e caem meses depois.<\/p>\n\n\n\n<p>Essa queda p\u00f3s-p\u00edlula geralmente \u00e9 tempor\u00e1ria e se resolve sozinha em seis a doze meses.<\/p>\n\n\n\n<p>Terapias de reposi\u00e7\u00e3o hormonal usadas por mulheres na menopausa tamb\u00e9m podem afetar o cabelo de formas variadas dependendo da formula\u00e7\u00e3o espec\u00edfica.<\/p>\n\n\n\n<p>Antidepressivos e ansiol\u00edticos s\u00e3o medicamentos usados para tratar depress\u00e3o, ansiedade e outras condi\u00e7\u00f5es de sa\u00fade mental.<\/p>\n\n\n\n<p>Embora sejam extremamente importantes e muitas vezes necess\u00e1rios, alguns desses medicamentos podem causar queda capilar como efeito colateral em uma porcentagem das pessoas.<\/p>\n\n\n\n<p>A classe de antidepressivos chamada inibidores seletivos da recapta\u00e7\u00e3o de serotonina, conhecidos pela sigla ISRS, que inclui medicamentos como fluoxetina, sertralina e escitalopram, pode causar queda em algumas pessoas.<\/p>\n\n\n\n<p>Antidepressivos tric\u00edclicos, uma classe mais antiga, tamb\u00e9m t\u00eam queda capilar listada como poss\u00edvel efeito colateral.<\/p>\n\n\n\n<p>Estabilizadores de humor usados no tratamento de transtorno bipolar, como o l\u00edtio e alguns anticonvulsivantes, tamb\u00e9m podem afetar o cabelo.<\/p>\n\n\n\n<p>\u00c9 importante enfatizar que nem todas as pessoas que tomam esses medicamentos desenvolvem queda de cabelo.<\/p>\n\n\n\n<p>A incid\u00eancia varia conforme o medicamento espec\u00edfico e a susceptibilidade individual.<\/p>\n\n\n\n<p>Para muitas pessoas, os benef\u00edcios de tratar adequadamente a condi\u00e7\u00e3o de sa\u00fade mental superam em muito o poss\u00edvel efeito colateral sobre o cabelo.<\/p>\n\n\n\n<p>Nunca interrompa medicamentos psiqui\u00e1tricos sem orienta\u00e7\u00e3o m\u00e9dica, pois isso pode ser perigoso.<\/p>\n\n\n\n<p>Se voc\u00ea suspeita que seu antidepressivo est\u00e1 causando queda, converse com seu psiquiatra sobre alternativas.<\/p>\n\n\n\n<p>Frequentemente \u00e9 poss\u00edvel trocar para outro medicamento da mesma classe ou de classe diferente que n\u00e3o cause esse efeito em voc\u00ea.<\/p>\n\n\n\n<p>Medicamentos para press\u00e3o alta, especialmente uma classe chamada betabloqueadores, podem causar queda em algumas pessoas.<\/p>\n\n\n\n<p>Anticoagulantes, medicamentos que tornam o sangue mais fino para prevenir co\u00e1gulos, tamb\u00e9m t\u00eam queda listada como efeito colateral poss\u00edvel.<\/p>\n\n\n\n<p>Medicamentos para baixar o colesterol, especialmente as estatinas, ocasionalmente causam queda, embora isso seja relativamente raro.<\/p>\n\n\n\n<p>Alguns medicamentos para problemas de tireoide, tanto para hipertireoidismo quanto hipotireoidismo, podem paradoxalmente causar queda tempor\u00e1ria no in\u00edcio do tratamento.<\/p>\n\n\n\n<p>Isso geralmente melhora conforme os n\u00edveis hormonais da tireoide se normalizam.<\/p>\n\n\n\n<p>Medicamentos para acne, especialmente aqueles contendo isotretino\u00edna, podem causar queda e afinamento capilar durante o tratamento.<\/p>\n\n\n\n<p>Esse efeito geralmente reverte ap\u00f3s parar o medicamento.<\/p>\n\n\n\n<p>Suplementos e vitaminas, embora geralmente considerados inofensivos, tamb\u00e9m podem causar problemas quando tomados em excesso.<\/p>\n\n\n\n<p>Excesso de vitamina A \u00e9 uma causa conhecida de queda de cabelo.<\/p>\n\n\n\n<p>Tomar m\u00faltiplos suplementos simultaneamente sem orienta\u00e7\u00e3o m\u00e9dica pode levar a overdoses inadvertidas.<\/p>\n\n\n\n<p>Anabolizantes esteroides, usados ilegalmente por algumas pessoas para ganho muscular, s\u00e3o derivados sint\u00e9ticos da testosterona.<\/p>\n\n\n\n<p>Eles elevam drasticamente os n\u00edveis de andr\u00f3genos no corpo e podem causar alopecia androgen\u00e9tica acelerada em pessoas geneticamente predispostas.<\/p>\n\n\n\n<p>Em mulheres, anabolizantes frequentemente causam queda de cabelo no couro cabeludo enquanto estimulam crescimento de pelos faciais e corporais.<\/p>\n\n\n\n<p>Medicamentos imunossupressores usados ap\u00f3s transplantes de \u00f3rg\u00e3os ou no tratamento de doen\u00e7as autoimunes podem ter efeitos variados sobre o cabelo.<\/p>\n\n\n\n<p>Corticosteroides, dependendo da dose e dura\u00e7\u00e3o do uso, podem tanto causar queda quanto, paradoxalmente, ser usados no tratamento de certas formas de alopecia.<\/p>\n\n\n\n<p>Quimioterapias usadas no tratamento de c\u00e2ncer s\u00e3o talvez os medicamentos mais conhecidos por causar queda de cabelo.<\/p>\n\n\n\n<p>Esses medicamentos atacam c\u00e9lulas que se dividem rapidamente, incluindo c\u00e9lulas cancerosas mas tamb\u00e9m c\u00e9lulas dos fol\u00edculos capilares.<\/p>\n\n\n\n<p>A maioria dos quimioter\u00e1picos causa queda difusa e muitas vezes completa durante o tratamento, mas o cabelo geralmente volta a crescer ap\u00f3s o t\u00e9rmino da quimioterapia.<\/p>\n\n\n\n<p>Se voc\u00ea toma algum medicamento de uso cont\u00ednuo e come\u00e7ou a notar queda de cabelo depois de iniciar esse medicamento, \u00e9 importante fazer a conex\u00e3o temporal.<\/p>\n\n\n\n<p>Anote quando come\u00e7ou a tomar o medicamento e quando come\u00e7ou a notar a queda.<\/p>\n\n\n\n<p>Lembre que para efl\u00favio tel\u00f3geno induzido por medicamento, a queda aparece dois a tr\u00eas meses depois de come\u00e7ar a tomar.<\/p>\n\n\n\n<p>Converse com o m\u00e9dico que prescreveu o medicamento sobre essa poss\u00edvel rela\u00e7\u00e3o.<\/p>\n\n\n\n<p>Nunca pare de tomar medicamentos prescritos por conta pr\u00f3pria, especialmente medicamentos para condi\u00e7\u00f5es s\u00e9rias como press\u00e3o alta, diabetes, problemas card\u00edacos ou condi\u00e7\u00f5es psiqui\u00e1tricas.<\/p>\n\n\n\n<p>A interrup\u00e7\u00e3o abrupta pode ser perigosa e causar problemas de sa\u00fade graves.<\/p>\n\n\n\n<p>O m\u00e9dico pode avaliar se existe alternativa vi\u00e1vel que n\u00e3o cause esse efeito, ou se os benef\u00edcios do medicamento ainda superam o efeito colateral.<\/p>\n\n\n\n<p>\u00c0s vezes simplesmente ajustar a dose pode fazer diferen\u00e7a.<\/p>\n\n\n\n<p>Em outros casos, pode ser necess\u00e1rio aceitar o efeito colateral se o medicamento for absolutamente necess\u00e1rio para sua sa\u00fade.<\/p>\n\n\n\n<p>Felizmente, na maioria dos casos, a queda induzida por medicamento \u00e9 tempor\u00e1ria e revers\u00edvel.<\/p>\n\n\n\n<p>Quando o medicamento causador \u00e9 interrompido ou trocado, o crescimento normal do cabelo tende a retornar em alguns meses.<\/p>\n\n\n\n\n\n\n<!--nextpage-->\n\n\n<div class=\"lazyblock-fb-quiz-perguntas-lWkSY wp-block-lazyblock-fb-quiz-perguntas\">\n<div id=\"quiz_69f5c89c47795\" class=\"quiz-container\">\n    <h3>10. Como voc\u00ea avaliaria seu n\u00edvel de estresse atual?<\/h3>\n    \n    <div class=\"quiz-options\">\n                    <div class=\"quiz-option\" data-points=\"5\">\n                <input type=\"radio\" id=\"quiz_69f5c89c47795_option_0\" name=\"quiz_option\" value=\"0\" class=\"quiz-radio\" data-points=\"5\">\n                <label for=\"quiz_69f5c89c47795_option_0\" class=\"quiz-label\">\n                    Muito alto, tenho dificuldade para dormir e relaxar                <\/label>\n            <\/div>\n                    <div class=\"quiz-option\" data-points=\"10\">\n                <input type=\"radio\" id=\"quiz_69f5c89c47795_option_1\" name=\"quiz_option\" value=\"1\" class=\"quiz-radio\" data-points=\"10\">\n                <label for=\"quiz_69f5c89c47795_option_1\" class=\"quiz-label\">\n                    Moderado, mas consigo gerenciar                <\/label>\n            <\/div>\n                    <div class=\"quiz-option\" data-points=\"15\">\n                <input type=\"radio\" id=\"quiz_69f5c89c47795_option_2\" name=\"quiz_option\" value=\"2\" class=\"quiz-radio\" data-points=\"15\">\n                <label for=\"quiz_69f5c89c47795_option_2\" class=\"quiz-label\">\n                    Baixo, estou em uma fase tranquila                <\/label>\n            <\/div>\n                    <div class=\"quiz-option\" data-points=\"20\">\n                <input type=\"radio\" id=\"quiz_69f5c89c47795_option_3\" name=\"quiz_option\" value=\"3\" class=\"quiz-radio\" data-points=\"20\">\n                <label for=\"quiz_69f5c89c47795_option_3\" class=\"quiz-label\">\n                    Vari\u00e1vel, com altos e baixos                <\/label>\n            <\/div>\n            <\/div>\n    \n    <div class=\"quiz-navigation\">\n        <a href=\"https:\/\/mulherinteressante.net\/en\/quiz-causa-queda-cabelo\/2\/\" id=\"quiz_69f5c89c47795_next\" class=\"quiz-btn next-question botao-cta av-rewarded\" style=\"background:#db4982;\">\n            View Result        <\/a>\n    <\/div>\n\n    <div class=\"quiz-error\" style=\"display:none\">\n        <h3>You need to answer the previous questions first!<\/h3>\n        <a href=\"https:\/\/mulherinteressante.net\/en\/quiz-causa-queda-cabelo\/?quiz_reset=1\" class=\"quiz-btn restart-quiz\" style=\"background:#db4982;\">\n            Start Test\n        <\/a>\n    <\/div>\n<\/div>\n\n<style>\n.quiz-container { text-align:center; padding:20px; }\n.quiz-container .quiz-options { display: flex; flex-direction: column; gap: 15px; margin: 20px 0; }\n.quiz-container .quiz-option { position: relative; width: 100%; }\n.quiz-container .quiz-radio { position: absolute; opacity: 0; width: 0; height: 0; }\n.quiz-container .quiz-label { display: block; padding: 15px 20px; background-color: #f8f8f8; border: 2px solid #e0e0e0; border-radius: 8px; cursor: pointer; transition: all 0.3s ease; font-size: 1.1em; }\n.quiz-container .quiz-radio:checked + .quiz-label { background-color: #e6f7ff; border-color: #1890ff; color: #1890ff; font-weight: bold; }\n.quiz-container .quiz-label:hover { background-color: #f0f0f0; border-color: #d0d0d0; }\n.quiz-container .quiz-btn { cursor: pointer; border-radius: 6px; font-weight: bold; transition: all 0.3s ease; display:inline-block; margin: 15px 0 5px; padding: 15px 20px; text-decoration:none!important; font-size: 1.1em; width:100%; color:#fff; }\n.quiz-container .quiz-navigation .next-question.disabled { opacity: 0.6; cursor: not-allowed; pointer-events: none; }\n<\/style>\n\n<script>\n(function() {\n    const quizId = 'quiz_69f5c89c47795';\n    const quizContainer = document.getElementById(quizId);\n    const nextButton = document.getElementById(`${quizId}_next`);\n    const options = quizContainer.querySelectorAll('.quiz-radio');\n    const isLastQuestion = true;\n    const currentPage = 1;\n    \n    if (!sessionStorage.getItem('quizScores')) {\n        sessionStorage.setItem('quizScores', JSON.stringify({}));\n    }\n    \n    const urlParams = new URLSearchParams(window.location.search);\n    if (urlParams.has('quiz_reset')) {\n        sessionStorage.removeItem('quizScores');\n        sessionStorage.setItem('quizScores', JSON.stringify({}));\n    }\n    \n    const getTotalScore = () => {\n        const scores = JSON.parse(sessionStorage.getItem('quizScores') || '{}');\n        let total = 0;\n        Object.values(scores).forEach(score => {\n            total += parseInt(score);\n        });\n        return total;\n    };\n    \n    const updatePageScore = (points) => {\n        const scores = JSON.parse(sessionStorage.getItem('quizScores') || '{}');\n        scores[currentPage] = points;\n        sessionStorage.setItem('quizScores', JSON.stringify(scores));\n    };\n    \n    const checkPreviousPages = () => {\n        if (currentPage <= 1) return true;\n        \n        const scores = JSON.parse(sessionStorage.getItem('quizScores') || '{}');\n        for (let i = 1; i < currentPage; i++) {\n            if (scores[i] === undefined) {\n                return false;\n            }\n        }\n        return true;\n    };\n    \n    const scrollToNextButton = () => {\n        if (nextButton) {\n            const buttonRect = nextButton.getBoundingClientRect();\n            const scrollTop = window.pageYOffset || document.documentElement.scrollTop;\n            const targetPosition = buttonRect.top + scrollTop - 40;\n            window.scrollTo({\n                top: targetPosition,\n                behavior: 'smooth'\n            });\n            setTimeout(() => {\n                nextButton.focus();\n            }, 700);\n        }\n    };\n    \n    const updateResultQuery = () => {\n        if (!nextButton || !isLastQuestion) return;\n        \n        const urlString = nextButton.getAttribute('href');\n        const totalScore = getTotalScore();\n        const url = new URL(urlString, window.location.origin);\n        url.searchParams.set('qpt', totalScore);\n        nextButton.setAttribute('href', url.toString());\n    };\n    \n    if (!checkPreviousPages()) {\n        quizContainer.querySelectorAll(':scope > *:not(.quiz-error)').forEach(element => {\n            element.style.display = 'none';\n        });\n        quizContainer.querySelector('.quiz-error').style.display = 'block';\n        return;\n    }\n    \n    let selectedOption = null;\n    \n    const scores = JSON.parse(sessionStorage.getItem('quizScores') || '{}');\n    if (scores[currentPage] !== undefined) {\n        options.forEach(option => {\n            const points = parseInt(option.dataset.points);\n            if (points === parseInt(scores[currentPage])) {\n                option.checked = true;\n                selectedOption = option;\n                \n                if (nextButton) {\n                    nextButton.classList.remove('disabled');\n                    updateResultQuery();\n                }\n            }\n        });\n    } else {\n        if (nextButton) {\n            nextButton.classList.add('disabled');\n        }\n    }\n    \n    options.forEach(option => {\n        option.addEventListener('change', function() {\n            selectedOption = this;\n            const points = parseInt(this.dataset.points);\n            \n            updatePageScore(points);\n            \n            if (nextButton) {\n                nextButton.classList.remove('disabled');\n                updateResultQuery();\n                \n                setTimeout(() => {\n                    \/\/scrollToNextButton(); \/\/policy\n                }, 300);\n            }\n        });\n    });\n    \n    const restartButtons = document.querySelectorAll('.restart-quiz');\n    restartButtons.forEach(button => {\n        button.addEventListener('click', function() {\n            sessionStorage.removeItem('quizScores');\n        });\n    });\n})();\n<\/script><\/div>\n\n\n<p class=\"has-text-align-center has-small-font-size\"><em>Watch the ad to see your result.<\/em><\/p>\n\n\n\n<hr class=\"wp-block-separator has-text-color has-alpha-channel-opacity has-background is-style-wide\" style=\"background-color:#dedede;color:#dedede\"\/>\n\n\n<div class='code-block code-block-4' style='margin: 8px auto; text-align: center; display: block; clear: both;'>\n<div id=\"mi_content_2_wrapper\" align=\"center\" style=\"width: 100%; margin-top: 2rem; margin-bottom: 2rem; min-height: 400px;\">\n    <div>\n        <p style=\"font-size:9px; text-transform:uppercase; text-align:center; color:#9a9a9a\">\n            Advertisements\n        <\/p>\n        <div id=\"mi_content_2\">\n        <\/div>\n    <\/div>\n<\/div><\/div>\n\n\n\n\n<h4 class=\"wp-block-heading\"><strong>O Impacto Profundo do Estresse na Sa\u00fade Capilar<\/strong><\/h4>\n\n\n\n<p>O estresse \u00e9 a resposta natural do corpo a situa\u00e7\u00f5es desafiadoras, amea\u00e7adoras ou exigentes.<\/p>\n\n\n\n<p>Quando voc\u00ea enfrenta uma situa\u00e7\u00e3o estressante, seu corpo ativa um sistema complexo de horm\u00f4nios e rea\u00e7\u00f5es fisiol\u00f3gicas projetado para ajud\u00e1-la a lidar com a amea\u00e7a.<\/p>\n\n\n\n<p>Esse sistema, conhecido como resposta de luta ou fuga, foi desenvolvido ao longo da evolu\u00e7\u00e3o para lidar com amea\u00e7as f\u00edsicas imediatas, como fugir de um predador.<\/p>\n\n\n\n<p>No mundo moderno, raramente enfrentamos predadores literais, mas nosso corpo reage da mesma forma ao estresse psicol\u00f3gico e emocional.<\/p>\n\n\n\n<p>O problema \u00e9 que nossos estressores modernos tendem a ser cr\u00f4nicos e prolongados em vez de agudos e tempor\u00e1rios.<\/p>\n\n\n\n<p>E quando o estresse se torna cr\u00f4nico, os efeitos sobre a sa\u00fade, incluindo a sa\u00fade capilar, podem ser significativos e persistentes.<\/p>\n\n\n\n<p>Vamos entender detalhadamente como o estresse afeta o cabelo atrav\u00e9s de m\u00faltiplos mecanismos.<\/p>\n\n\n\n<p>Quando voc\u00ea est\u00e1 estressada, seu corpo libera uma cascata de horm\u00f4nios, principalmente cortisol e adrenalina.<\/p>\n\n\n\n<p>O cortisol \u00e9 frequentemente chamado de horm\u00f4nio do estresse porque seus n\u00edveis aumentam dramaticamente durante situa\u00e7\u00f5es estressantes.<\/p>\n\n\n\n<p>Esses horm\u00f4nios preparam seu corpo para a\u00e7\u00e3o imediata, aumentando a frequ\u00eancia card\u00edaca, elevando a press\u00e3o sangu\u00ednea, direcionando glicose para os m\u00fasculos e c\u00e9rebro, e ativando o sistema imunol\u00f3gico.<\/p>\n\n\n\n<p>Mas eles tamb\u00e9m desviam recursos de fun\u00e7\u00f5es que n\u00e3o s\u00e3o imediatamente essenciais para sobreviv\u00eancia.<\/p>\n\n\n\n<p>E o crescimento do cabelo definitivamente n\u00e3o \u00e9 essencial quando seu corpo pensa que voc\u00ea est\u00e1 em perigo.<\/p>\n\n\n\n<p>N\u00edveis cronicamente elevados de cortisol podem empurrar prematuramente um n\u00famero maior de fol\u00edculos capilares da fase de crescimento ativo para a fase de repouso.<\/p>\n\n\n\n<p>Isso \u00e9 um mecanismo de economia de recursos, o corpo est\u00e1 essencialmente dizendo que n\u00e3o pode se dar ao luxo de gastar energia fazendo cabelo crescer quando recursos s\u00e3o escassos.<\/p>\n\n\n\n<p>Cerca de dois a tr\u00eas meses depois de um per\u00edodo de estresse intenso, todos esses fol\u00edculos que entraram prematuramente em repouso chegam ao final dessa fase e os fios caem simultaneamente.<\/p>\n\n\n\n<p>Isso resulta em um aumento s\u00fabito e dram\u00e1tico na queda de cabelo, caracterizando o efl\u00favio tel\u00f3geno agudo.<\/p>\n\n\n\n<p>Muitas pessoas n\u00e3o fazem a conex\u00e3o entre o evento estressante e a queda porque existe esse intervalo de tempo.<\/p>\n\n\n\n<p>Voc\u00ea passou por algo muito dif\u00edcil em janeiro, e s\u00f3 em abril come\u00e7a a notar queda aumentada.<\/p>\n\n\n\n<p>J\u00e1 se passaram meses, voc\u00ea pode at\u00e9 estar se sentindo melhor emocionalmente, mas a\u00ed o cabelo come\u00e7a a cair de forma assustadora.<\/p>\n\n\n\n<p>Fazer essa conex\u00e3o temporal \u00e9 importante para entender que a queda \u00e9 reativa e provavelmente tempor\u00e1ria.<\/p>\n\n\n\n<p>O estresse cr\u00f4nico, aquele que persiste por semanas, meses ou anos, pode criar um estado de queda persistente.<\/p>\n\n\n\n<p>Se voc\u00ea vive constantemente em estado de estresse alto sem per\u00edodos adequados de recupera\u00e7\u00e3o, seus fol\u00edculos podem ficar presos em um padr\u00e3o disfuncional.<\/p>\n\n\n\n<p>Em vez de apenas um epis\u00f3dio isolado de efl\u00favio tel\u00f3geno que se resolve, voc\u00ea pode ter queda continuada que persiste enquanto o estresse permanecer.<\/p>\n\n\n\n<p>Al\u00e9m dos efeitos diretos do cortisol, o estresse afeta o cabelo atrav\u00e9s de comportamentos associados.<\/p>\n\n\n\n<p>Pessoas muito estressadas frequentemente dormem mal, e o sono inadequado por si s\u00f3 afeta negativamente o crescimento capilar.<\/p>\n\n\n\n<p>Durante o sono profundo, o corpo faz reparos e renova\u00e7\u00f5es celulares, incluindo nos fol\u00edculos capilares.<\/p>\n\n\n\n<p>Noites mal dormidas cr\u00f4nicas privam o corpo desse tempo de recupera\u00e7\u00e3o.<\/p>\n\n\n\n<p>O estresse tamb\u00e9m afeta os h\u00e1bitos alimentares de muitas pessoas.<\/p>\n\n\n\n<p>Algumas pessoas perdem completamente o apetite quando estressadas e comem muito menos que o necess\u00e1rio.<\/p>\n\n\n\n<p>Outras recorrem a comfort food, alimentos ultraprocessados, a\u00e7ucarados ou gordurosos que fornecem calorias mas poucos nutrientes.<\/p>\n\n\n\n<p>Ambos os padr\u00f5es podem levar a defici\u00eancias nutricionais que afetam o cabelo.<\/p>\n\n\n\n<p>Pessoas estressadas tamb\u00e9m tendem a negligenciar autocuidado, incluindo cuidados com o cabelo.<\/p>\n\n\n\n<p>Lavar, condicionar e tratar o cabelo adequadamente podem cair na lista de prioridades quando voc\u00ea est\u00e1 emocionalmente sobrecarregada.<\/p>\n\n\n\n<p>O estresse cr\u00f4nico tamb\u00e9m afeta o sistema imunol\u00f3gico de formas complexas.<\/p>\n\n\n\n<p>Curiosamente, n\u00edveis moderados de estresse agudo podem temporariamente ativar o sistema imunol\u00f3gico.<\/p>\n\n\n\n<p>Mas estresse cr\u00f4nico e prolongado tende a suprimir a fun\u00e7\u00e3o imunol\u00f3gica, deixando voc\u00ea mais suscet\u00edvel a infec\u00e7\u00f5es.<\/p>\n\n\n\n<p>Por outro lado, o estresse cr\u00f4nico tamb\u00e9m pode desregular o sistema imunol\u00f3gico de forma que ele comece a atacar tecidos do pr\u00f3prio corpo.<\/p>\n\n\n\n<p>Existe evid\u00eancia de que estresse pode ser um gatilho para o desenvolvimento ou agravamento de doen\u00e7as autoimunes, incluindo alopecia areata.<\/p>\n\n\n\n<p>A alopecia areata \u00e9 uma condi\u00e7\u00e3o onde o sistema imunol\u00f3gico ataca os fol\u00edculos capilares, causando falhas circulares.<\/p>\n\n\n\n<p>Embora o estresse n\u00e3o cause alopecia areata por si s\u00f3 em algu\u00e9m sem predisposi\u00e7\u00e3o gen\u00e9tica, pode ser o gatilho que dispara a condi\u00e7\u00e3o em pessoas geneticamente suscet\u00edveis.<\/p>\n\n\n\n<p>Muitas pessoas com alopecia areata relatam que o primeiro epis\u00f3dio ou as recorr\u00eancias aconteceram durante ou logo ap\u00f3s per\u00edodos de estresse intenso.<\/p>\n\n\n\n<p>O estresse tamb\u00e9m pode agravar condi\u00e7\u00f5es inflamat\u00f3rias do couro cabeludo como dermatite seborreica e psor\u00edase.<\/p>\n\n\n\n<p>A inflama\u00e7\u00e3o aumentada pode contribuir para queda adicional ou para desconforto no couro cabeludo.<\/p>\n\n\n\n<p>Outro comportamento relacionado ao estresse que afeta diretamente o cabelo \u00e9 a tricotilomania.<\/p>\n\n\n\n<p>Tricotilomania \u00e9 um transtorno caracterizado pelo impulso irresist\u00edvel de arrancar os pr\u00f3prios cabelos.<\/p>\n\n\n\n<p>Geralmente come\u00e7a como um mecanismo de enfrentamento do estresse ou ansiedade, e pode se tornar um h\u00e1bito compulsivo dif\u00edcil de controlar.<\/p>\n\n\n\n<p>Pessoas com tricotilomania arrancam fios do couro cabeludo, sobrancelhas, c\u00edlios ou outras \u00e1reas, criando falhas vis\u00edveis.<\/p>\n\n\n\n<p>Essa condi\u00e7\u00e3o requer tratamento psicol\u00f3gico especializado, geralmente envolvendo terapia cognitivo-comportamental.<\/p>\n\n\n\n<p>\u00c9 importante distinguir entre diferentes n\u00edveis e tipos de estresse.<\/p>\n\n\n\n<p>Estresse agudo \u00e9 aquele que vem de um evento espec\u00edfico e limitado no tempo: uma cirurgia, a perda de algu\u00e9m querido, um div\u00f3rcio, perder o emprego.<\/p>\n\n\n\n<p>Esse tipo de estresse, embora intenso, tem in\u00edcio e fim relativamente definidos.<\/p>\n\n\n\n<p>A queda de cabelo resultante tende a ser um epis\u00f3dio isolado que se resolve quando o corpo se recupera do evento.<\/p>\n\n\n\n<p>Estresse cr\u00f4nico \u00e9 aquele que persiste continuamente: um trabalho extremamente exigente, um relacionamento abusivo, problemas financeiros cont\u00ednuos, cuidar de um familiar doente por longo per\u00edodo.<\/p>\n\n\n\n<p>Esse estresse n\u00e3o tem fim claro e mant\u00e9m o corpo em estado de alerta constante.<\/p>\n\n\n\n<p>A queda resultante pode ser mais persistente e dif\u00edcil de resolver enquanto a fonte de estresse permanecer.<\/p>\n\n\n\n<p>Vale mencionar tamb\u00e9m que a pr\u00f3pria queda de cabelo pode se tornar uma fonte adicional de estresse, criando um ciclo vicioso.<\/p>\n\n\n\n<p>Voc\u00ea est\u00e1 estressada, o que causa queda de cabelo, ent\u00e3o voc\u00ea fica ainda mais estressada por estar perdendo cabelo, o que piora a queda.<\/p>\n\n\n\n<p>Quebrar esse ciclo requer abordar tanto o estresse de base quanto a ansiedade sobre o cabelo.<\/p>\n\n\n\n<p>Gerenciar o estresse de forma eficaz pode ter impacto profundo n\u00e3o s\u00f3 no cabelo mas na sa\u00fade geral.<\/p>\n\n\n\n<p>T\u00e9cnicas comprovadas incluem exerc\u00edcio f\u00edsico regular, que reduz cortisol e libera endorfinas.<\/p>\n\n\n\n<p>Pr\u00e1ticas de mindfulness e medita\u00e7\u00e3o que ajudam a regular a resposta ao estresse.<\/p>\n\n\n\n<p>Terapia psicol\u00f3gica para desenvolver estrat\u00e9gias de enfrentamento mais saud\u00e1veis.<\/p>\n\n\n\n<p>Sono adequado de qualidade, priorizando sete a nove horas por noite.<\/p>\n\n\n\n<p>Conex\u00f5es sociais significativas e tempo com pessoas que nos apoiam.<\/p>\n\n\n\n<p>Hobbies e atividades prazerosas que proporcionam escape e relaxamento.<\/p>\n\n\n\n<p>Estabelecer limites saud\u00e1veis no trabalho e nas rela\u00e7\u00f5es pessoais.<\/p>\n\n\n\n<p>Em alguns casos, medica\u00e7\u00e3o pode ser apropriada para gerenciar ansiedade ou depress\u00e3o que alimentam o estresse cr\u00f4nico.<\/p>\n\n\n\n<p>\u00c9 crucial entender que voc\u00ea n\u00e3o precisa estar em crise absoluta para que o estresse afete seu cabelo.<\/p>\n\n\n\n<p>Mesmo estresse moderado mas sustentado pode ter impacto ao longo do tempo.<\/p>\n\n\n\n<p>Se voc\u00ea classificou seu estresse como muito alto, com sintomas como dificuldade para dormir e relaxar, isso definitivamente pode estar contribuindo para sua queda.<\/p>\n\n\n\n<p>Se classificou como moderado mas consegue gerenciar, ainda h\u00e1 espa\u00e7o para melhorias nas estrat\u00e9gias de gest\u00e3o do estresse.<\/p>\n\n\n\n<p>Se est\u00e1 em fase tranquila, isso \u00e9 um fator que provavelmente n\u00e3o est\u00e1 contribuindo para a queda no momento.<\/p>\n\n\n\n<p>Se \u00e9 vari\u00e1vel com altos e baixos, preste aten\u00e7\u00e3o aos padr\u00f5es e veja se os per\u00edodos de maior queda coincidem com os picos de estresse.<\/p>\n\n\n\n<p>A boa not\u00edcia \u00e9 que queda de cabelo induzida por estresse geralmente \u00e9 tempor\u00e1ria e revers\u00edvel.<\/p>\n\n\n\n<p>Uma vez que voc\u00ea consegue reduzir os n\u00edveis de estresse e dar ao corpo tempo para se recuperar, o crescimento normal do cabelo tende a retornar.<\/p>\n\n\n\n<p>Os fios que ca\u00edram durante o epis\u00f3dio de efl\u00favio tel\u00f3geno voltam a crescer conforme novos ciclos capilares se iniciam.<\/p>\n\n\n\n<p>A recupera\u00e7\u00e3o completa pode levar de seis meses a um ano, mas acontece.<\/p>\n\n\n\n<p>Por isso, investir em gerenciamento de estresse n\u00e3o \u00e9 apenas sobre se sentir melhor emocionalmente, embora isso seja extremamente importante.<\/p>\n\n\n\n<p>\u00c9 tamb\u00e9m sobre preservar sua sa\u00fade f\u00edsica, incluindo a sa\u00fade dos seus cabelos.<\/p>\n\n\n\n\n\n\n<!--nextpage-->\n\n\n\n<p>A seguir, confira o resultado do seu quiz! Lembre-se que este conte\u00fado tem car\u00e1ter exclusivamente informativo e educacional, n\u00e3o substitui a avalia\u00e7\u00e3o de um m\u00e9dico dermatologista ou tricologista, e n\u00e3o deve ser interpretado como diagn\u00f3stico m\u00e9dico.<\/p>\n\n\n\n<hr class=\"wp-block-separator has-text-color has-alpha-channel-opacity has-background is-style-wide\" style=\"background-color:#dedede;color:#dedede\"\/>\n\n\n<div class=\"gb-container gb-container-a5782ffa\">\n\n<h2 class=\"wp-block-heading\">Your result \ud83d\udc47<\/h2>\n\n\n\n\n\n\n\n\n\n\n\n\n<div class=\"gb-container gb-container-0228ccaf\">\n\n<h4 class=\"wp-block-heading\">See also<\/h4>\n\n\n\n<ul class=\"wp-block-list\">\n<li><a href=\"#\">Como escolher um nome que combine com o sobrenome<\/a><\/li>\n\n\n\n<li><a href=\"#\">Os 50 nomes de beb\u00eas mais populares no Brasil em 2025<\/a><\/li>\n\n\n\n<li><a href=\"#\">Nomes compostos: dicas para criar combina\u00e7\u00f5es harmoniosas<\/a><\/li>\n\n\n\n<li><a href=\"#\">A influ\u00eancia do nome na personalidade da crian\u00e7a<\/a><\/li>\n\n\n\n<li><a href=\"#\">Escolhendo o segundo nome: op\u00e7\u00f5es e combina\u00e7\u00f5es perfeitas<\/a><\/li>\n<\/ul>\n\n<\/div>\n\n<div class=\"gb-container gb-container-8ca44be0 alignwide\">\n\n<a class=\"gb-button gb-button-d5fe8197 gb-button-text botao-cta\" href=\"#\">RETAKE TEST<\/a>\n\n<\/div>\n<\/div>\n\n\n<hr class=\"wp-block-separator has-text-color has-alpha-channel-opacity has-background is-style-wide\" style=\"background-color:#dedede;color:#dedede\"\/>\n\n\n<div class='code-block code-block-4' style='margin: 8px auto; text-align: center; display: block; clear: both;'>\n<div id=\"mi_content_2_wrapper\" align=\"center\" style=\"width: 100%; margin-top: 2rem; margin-bottom: 2rem; min-height: 400px;\">\n    <div>\n        <p style=\"font-size:9px; text-transform:uppercase; text-align:center; color:#9a9a9a\">\n            Advertisements\n        <\/p>\n        <div id=\"mi_content_2\">\n        <\/div>\n    <\/div>\n<\/div><\/div>\n\n\n\n\n<h4 class=\"wp-block-heading\">Por Que Identificar a Causa \u00e9 o Primeiro Passo Para Recuperar Seus Fios<\/h4>\n\n\n\n<p>Cada tipo de queda de cabelo responde a tratamentos espec\u00edficos, e usar o produto errado pode significar perda de tempo e dinheiro sem resultados<\/p>\n\n\n\n<p>Conhecer a causa permite agir de forma preventiva antes que a queda se torne mais intensa ou cause danos permanentes aos fol\u00edculos<\/p>\n\n\n\n<p>Muitas condi\u00e7\u00f5es capilares t\u00eam sinais de alerta que podem indicar problemas de sa\u00fade mais amplos que merecem aten\u00e7\u00e3o m\u00e9dica<\/p>\n\n\n\n<p>O diagn\u00f3stico correto permite escolher entre op\u00e7\u00f5es como medicamentos t\u00f3picos, suplementa\u00e7\u00e3o, mudan\u00e7as hormonais ou procedimentos dermatol\u00f3gicos<\/p>\n\n\n\n<p>Quanto mais cedo voc\u00ea identifica e trata a causa real, maiores s\u00e3o as chances de recupera\u00e7\u00e3o completa da densidade capilar<\/p>\n\n\n\n<p>Entender o que est\u00e1 acontecendo reduz a ansiedade e permite que voc\u00ea tome decis\u00f5es informadas sobre sua sa\u00fade capilar<\/p>\n\n\n\n<p>A queda de cabelo feminina \u00e9 um problema extremamente comum que afeta milh\u00f5es de mulheres em diferentes fases da vida, mas que ainda carrega um estigma desnecess\u00e1rio e gera sofrimento emocional significativo.<\/p>\n\n\n\n<p>Buscar informa\u00e7\u00e3o de qualidade, entender o que pode estar acontecendo com voc\u00ea e procurar ajuda profissional quando necess\u00e1rio s\u00e3o passos fundamentais para recuperar n\u00e3o apenas a sa\u00fade dos seus fios, mas tamb\u00e9m sua autoestima e qualidade de vida.<br><\/p>\n\n\n\n<h4 class=\"wp-block-heading\">Perguntas Frequentes Sobre Queda de Cabelo<\/h4>\n\n\n\n<h5 class=\"wp-block-heading\"><strong>Quantos fios \u00e9 normal perder por dia?<\/strong><\/h5>\n\n\n\n<p>\u00c9 considerado normal perder entre 50 e 100 fios de cabelo por dia como parte do ciclo natural de renova\u00e7\u00e3o capilar. Esse n\u00famero pode parecer alto, mas \u00e9 completamente fisiol\u00f3gico quando voc\u00ea entende que temos entre 100.000 e 150.000 fios no couro cabeludo. Se voc\u00ea est\u00e1 notando quedas significativamente maiores que isso, especialmente se consegue ver os fios acumulados no ralo, travesseiro ou escova de forma persistente por mais de 3 meses, pode ser um sinal de que algo n\u00e3o est\u00e1 bem.<\/p>\n\n\n\n<h5 class=\"wp-block-heading\"><strong>Estresse realmente causa queda de cabelo?<\/strong><\/h5>\n\n\n\n<p>Sim, o estresse f\u00edsico ou emocional intenso pode desencadear uma condi\u00e7\u00e3o chamada efl\u00favio tel\u00f3geno, em que um n\u00famero maior de fios entra prematuramente na fase de repouso e cai cerca de 2 a 3 meses ap\u00f3s o evento estressante. O estresse cr\u00f4nico libera cortisol e outros horm\u00f4nios que podem empurrar os fol\u00edculos da fase de crescimento para a fase de repouso. Felizmente, essa queda costuma ser tempor\u00e1ria e os fios voltam a crescer quando o estresse \u00e9 controlado.<\/p>\n\n\n\n<h5 class=\"wp-block-heading\"><strong>A queda de cabelo ap\u00f3s o parto \u00e9 permanente?<\/strong><\/h5>\n\n\n\n<p>N\u00e3o, a queda de cabelo p\u00f3s-parto \u00e9 uma condi\u00e7\u00e3o tempor\u00e1ria e extremamente comum que afeta at\u00e9 50% das mulheres entre 2 e 6 meses ap\u00f3s o nascimento do beb\u00ea. Durante a gravidez, os horm\u00f4nios mant\u00eam os fios na fase de crescimento, e ap\u00f3s o parto esses fios entram simultaneamente na fase de queda. O crescimento normal se restabelece naturalmente em 6 a 9 meses, embora a recupera\u00e7\u00e3o completa da densidade possa levar at\u00e9 um ano.<\/p>\n\n\n\n<h5 class=\"wp-block-heading\"><strong>Vitaminas ajudam contra a queda de cabelo?<\/strong><\/h5>\n\n\n\n<p>Vitaminas e suplementos podem ajudar nos casos em que a queda est\u00e1 relacionada a defici\u00eancias nutricionais espec\u00edficas identificadas atrav\u00e9s de exames de sangue, como defici\u00eancia de ferro, vitamina D, zinco ou biotina. No entanto, se a causa da queda for hormonal, gen\u00e9tica ou autoimune, a suplementa\u00e7\u00e3o sozinha provavelmente n\u00e3o resolver\u00e1 o problema. \u00c9 importante fazer exames antes de iniciar qualquer suplementa\u00e7\u00e3o, pois o excesso de algumas vitaminas tamb\u00e9m pode ser prejudicial.<\/p>\n\n\n\n<h5 class=\"wp-block-heading\"><strong>Quando devo procurar um m\u00e9dico por causa da queda de cabelo?<\/strong><\/h5>\n\n\n\n<p>Voc\u00ea deve procurar um dermatologista ou tricologista se a queda for s\u00fabita e intensa, se estiver acompanhada de sintomas como coceira, descama\u00e7\u00e3o ou dor no couro cabeludo, se formar falhas ou \u00e1reas sem cabelo, se vier junto com outros sintomas como cansa\u00e7o extremo ou altera\u00e7\u00f5es menstruais, ou se persistir por mais de 3 meses sem melhora. Quanto mais cedo o diagn\u00f3stico, melhores s\u00e3o as chances de recupera\u00e7\u00e3o.<\/p>\n\n\n\n<p class=\"has-small-font-size\"><em><strong>Aviso Importante:<\/strong>\u00a0Todo o conte\u00fado apresentado nesta p\u00e1gina tem car\u00e1ter exclusivamente informativo e educacional, sendo baseado em informa\u00e7\u00f5es publicamente dispon\u00edveis sobre sa\u00fade capilar.<\/em> <em>Este quiz n\u00e3o constitui diagn\u00f3stico m\u00e9dico, n\u00e3o substitui a consulta com profissionais de sa\u00fade qualificados, e n\u00e3o deve ser utilizado como base \u00fanica para decis\u00f5es sobre tratamentos ou procedimentos.<\/em> <em>Apenas m\u00e9dicos dermatologistas, tricologistas ou outros profissionais de sa\u00fade devidamente habilitados podem avaliar adequadamente sua condi\u00e7\u00e3o, solicitar exames necess\u00e1rios e prescrever tratamentos espec\u00edficos para o seu caso.<\/em> <em>Este site e seus propriet\u00e1rios se isentam de qualquer responsabilidade por decis\u00f5es tomadas com base nas informa\u00e7\u00f5es aqui apresentadas sem a devida orienta\u00e7\u00e3o m\u00e9dica profissional.<\/em><\/p>","protected":false},"excerpt":{"rendered":"<p>Take the quick test and find out why you&#039;re losing hair so you can choose the right treatment.<\/p>","protected":false},"author":7,"featured_media":0,"comment_status":"closed","ping_status":"closed","sticky":false,"template":"","format":"standard","meta":{"footnotes":""},"categories":[6],"tags":[],"class_list":["post-9413","post","type-post","status-publish","format-standard","hentry","category-saude"],"yoast_head":"<!-- This site is optimized with the Yoast SEO plugin v27.4 - https:\/\/yoast.com\/product\/yoast-seo-wordpress\/ -->\n<title>Quiz: Descubra a Causa da Sua Queda e Cabelo<\/title>\n<meta name=\"robots\" content=\"index, follow, max-snippet:-1, max-image-preview:large, max-video-preview:-1\" \/>\n<link rel=\"canonical\" href=\"https:\/\/mulherinteressante.net\/en\/quiz-causa-queda-cabelo\/\" \/>\n<link rel=\"next\" href=\"https:\/\/mulherinteressante.net\/quiz-causa-queda-cabelo\/2\/\" \/>\n<meta property=\"og:locale\" content=\"en_US\" \/>\n<meta property=\"og:type\" content=\"article\" \/>\n<meta property=\"og:title\" content=\"Quiz: Descubra a Causa da Sua Queda e Cabelo\" \/>\n<meta property=\"og:description\" content=\"Fa\u00e7a o teste r\u00e1pido e descubra por que voc\u00ea est\u00e1 perdendo cabelo para escolher o tratamento certo\" \/>\n<meta property=\"og:url\" content=\"https:\/\/mulherinteressante.net\/en\/quiz-causa-queda-cabelo\/\" \/>\n<meta property=\"og:site_name\" content=\"Mulher Interessante\" \/>\n<meta property=\"article:published_time\" content=\"2026-05-02T03:51:48+00:00\" \/>\n<meta name=\"author\" content=\"Malu Oliveira\" \/>\n<meta name=\"twitter:card\" content=\"summary_large_image\" \/>\n<meta name=\"twitter:label1\" content=\"Written by\" \/>\n\t<meta name=\"twitter:data1\" content=\"Malu Oliveira\" \/>\n\t<meta name=\"twitter:label2\" content=\"Est. reading time\" \/>\n\t<meta name=\"twitter:data2\" content=\"13 minutes\" \/>\n<script type=\"application\/ld+json\" class=\"yoast-schema-graph\">{\"@context\":\"https:\\\/\\\/schema.org\",\"@graph\":[{\"@type\":\"Article\",\"@id\":\"https:\\\/\\\/mulherinteressante.net\\\/quiz-causa-queda-cabelo\\\/#article\",\"isPartOf\":{\"@id\":\"https:\\\/\\\/mulherinteressante.net\\\/quiz-causa-queda-cabelo\\\/\"},\"author\":{\"name\":\"Malu Oliveira\",\"@id\":\"https:\\\/\\\/mulherinteressante.net\\\/#\\\/schema\\\/person\\\/c152349907fdde8b302cfcce3f6faf82\"},\"headline\":\"Quiz: Descubra a Causa da Sua Queda e Cabelo\",\"datePublished\":\"2026-05-02T03:51:48+00:00\",\"mainEntityOfPage\":{\"@id\":\"https:\\\/\\\/mulherinteressante.net\\\/quiz-causa-queda-cabelo\\\/\"},\"wordCount\":14400,\"articleSection\":[\"Sa\u00fade\"],\"inLanguage\":\"en-US\"},{\"@type\":\"WebPage\",\"@id\":\"https:\\\/\\\/mulherinteressante.net\\\/quiz-causa-queda-cabelo\\\/\",\"url\":\"https:\\\/\\\/mulherinteressante.net\\\/quiz-causa-queda-cabelo\\\/\",\"name\":\"Quiz: Descubra a Causa da Sua Queda e Cabelo\",\"isPartOf\":{\"@id\":\"https:\\\/\\\/mulherinteressante.net\\\/#website\"},\"datePublished\":\"2026-05-02T03:51:48+00:00\",\"author\":{\"@id\":\"https:\\\/\\\/mulherinteressante.net\\\/#\\\/schema\\\/person\\\/c152349907fdde8b302cfcce3f6faf82\"},\"inLanguage\":\"en-US\",\"potentialAction\":[{\"@type\":\"ReadAction\",\"target\":[\"https:\\\/\\\/mulherinteressante.net\\\/quiz-causa-queda-cabelo\\\/\"]}]},{\"@type\":\"WebSite\",\"@id\":\"https:\\\/\\\/mulherinteressante.net\\\/#website\",\"url\":\"https:\\\/\\\/mulherinteressante.net\\\/\",\"name\":\"Mulher Interessante\",\"description\":\"Not\u00edcias e muito mais\",\"potentialAction\":[{\"@type\":\"SearchAction\",\"target\":{\"@type\":\"EntryPoint\",\"urlTemplate\":\"https:\\\/\\\/mulherinteressante.net\\\/?s={search_term_string}\"},\"query-input\":{\"@type\":\"PropertyValueSpecification\",\"valueRequired\":true,\"valueName\":\"search_term_string\"}}],\"inLanguage\":\"en-US\"},{\"@type\":\"Person\",\"@id\":\"https:\\\/\\\/mulherinteressante.net\\\/#\\\/schema\\\/person\\\/c152349907fdde8b302cfcce3f6faf82\",\"name\":\"Malu Oliveira\",\"image\":{\"@type\":\"ImageObject\",\"inLanguage\":\"en-US\",\"@id\":\"https:\\\/\\\/secure.gravatar.com\\\/avatar\\\/ebb97a8bb1669095376220c08ddd920d13afb82233eef01cfbca55d5e0abc567?s=96&d=mm&r=g\",\"url\":\"https:\\\/\\\/secure.gravatar.com\\\/avatar\\\/ebb97a8bb1669095376220c08ddd920d13afb82233eef01cfbca55d5e0abc567?s=96&d=mm&r=g\",\"contentUrl\":\"https:\\\/\\\/secure.gravatar.com\\\/avatar\\\/ebb97a8bb1669095376220c08ddd920d13afb82233eef01cfbca55d5e0abc567?s=96&d=mm&r=g\",\"caption\":\"Malu Oliveira\"},\"description\":\"Escrevo sobre atualidades e tecnologia, explorando tend\u00eancias e inova\u00e7\u00f5es. Minha paix\u00e3o \u00e9 comunicar ideias complexas de maneira acess\u00edvel e envolvente.\"}]}<\/script>\n<!-- \/ Yoast SEO plugin. -->","yoast_head_json":{"title":"Quiz: Descubra a Causa da Sua Queda e Cabelo","robots":{"index":"index","follow":"follow","max-snippet":"max-snippet:-1","max-image-preview":"max-image-preview:large","max-video-preview":"max-video-preview:-1"},"canonical":"https:\/\/mulherinteressante.net\/en\/quiz-causa-queda-cabelo\/","next":"https:\/\/mulherinteressante.net\/quiz-causa-queda-cabelo\/2\/","og_locale":"en_US","og_type":"article","og_title":"Quiz: Descubra a Causa da Sua Queda e Cabelo","og_description":"Fa\u00e7a o teste r\u00e1pido e descubra por que voc\u00ea est\u00e1 perdendo cabelo para escolher o tratamento certo","og_url":"https:\/\/mulherinteressante.net\/en\/quiz-causa-queda-cabelo\/","og_site_name":"Mulher Interessante","article_published_time":"2026-05-02T03:51:48+00:00","author":"Malu Oliveira","twitter_card":"summary_large_image","twitter_misc":{"Written by":"Malu Oliveira","Est. reading time":"13 minutes"},"schema":{"@context":"https:\/\/schema.org","@graph":[{"@type":"Article","@id":"https:\/\/mulherinteressante.net\/quiz-causa-queda-cabelo\/#article","isPartOf":{"@id":"https:\/\/mulherinteressante.net\/quiz-causa-queda-cabelo\/"},"author":{"name":"Malu Oliveira","@id":"https:\/\/mulherinteressante.net\/#\/schema\/person\/c152349907fdde8b302cfcce3f6faf82"},"headline":"Quiz: Descubra a Causa da Sua Queda e Cabelo","datePublished":"2026-05-02T03:51:48+00:00","mainEntityOfPage":{"@id":"https:\/\/mulherinteressante.net\/quiz-causa-queda-cabelo\/"},"wordCount":14400,"articleSection":["Sa\u00fade"],"inLanguage":"en-US"},{"@type":"WebPage","@id":"https:\/\/mulherinteressante.net\/quiz-causa-queda-cabelo\/","url":"https:\/\/mulherinteressante.net\/quiz-causa-queda-cabelo\/","name":"Quiz: Descubra a Causa da Sua Queda e Cabelo","isPartOf":{"@id":"https:\/\/mulherinteressante.net\/#website"},"datePublished":"2026-05-02T03:51:48+00:00","author":{"@id":"https:\/\/mulherinteressante.net\/#\/schema\/person\/c152349907fdde8b302cfcce3f6faf82"},"inLanguage":"en-US","potentialAction":[{"@type":"ReadAction","target":["https:\/\/mulherinteressante.net\/quiz-causa-queda-cabelo\/"]}]},{"@type":"WebSite","@id":"https:\/\/mulherinteressante.net\/#website","url":"https:\/\/mulherinteressante.net\/","name":"Mulher Interessante","description":"Not\u00edcias e muito mais","potentialAction":[{"@type":"SearchAction","target":{"@type":"EntryPoint","urlTemplate":"https:\/\/mulherinteressante.net\/?s={search_term_string}"},"query-input":{"@type":"PropertyValueSpecification","valueRequired":true,"valueName":"search_term_string"}}],"inLanguage":"en-US"},{"@type":"Person","@id":"https:\/\/mulherinteressante.net\/#\/schema\/person\/c152349907fdde8b302cfcce3f6faf82","name":"Malu Oliveira","image":{"@type":"ImageObject","inLanguage":"en-US","@id":"https:\/\/secure.gravatar.com\/avatar\/ebb97a8bb1669095376220c08ddd920d13afb82233eef01cfbca55d5e0abc567?s=96&d=mm&r=g","url":"https:\/\/secure.gravatar.com\/avatar\/ebb97a8bb1669095376220c08ddd920d13afb82233eef01cfbca55d5e0abc567?s=96&d=mm&r=g","contentUrl":"https:\/\/secure.gravatar.com\/avatar\/ebb97a8bb1669095376220c08ddd920d13afb82233eef01cfbca55d5e0abc567?s=96&d=mm&r=g","caption":"Malu Oliveira"},"description":"Escrevo sobre atualidades e tecnologia, explorando tend\u00eancias e inova\u00e7\u00f5es. Minha paix\u00e3o \u00e9 comunicar ideias complexas de maneira acess\u00edvel e envolvente."}]}},"_links":{"self":[{"href":"https:\/\/mulherinteressante.net\/en\/wp-json\/wp\/v2\/posts\/9413","targetHints":{"allow":["GET"]}}],"collection":[{"href":"https:\/\/mulherinteressante.net\/en\/wp-json\/wp\/v2\/posts"}],"about":[{"href":"https:\/\/mulherinteressante.net\/en\/wp-json\/wp\/v2\/types\/post"}],"author":[{"embeddable":true,"href":"https:\/\/mulherinteressante.net\/en\/wp-json\/wp\/v2\/users\/7"}],"replies":[{"embeddable":true,"href":"https:\/\/mulherinteressante.net\/en\/wp-json\/wp\/v2\/comments?post=9413"}],"version-history":[{"count":4,"href":"https:\/\/mulherinteressante.net\/en\/wp-json\/wp\/v2\/posts\/9413\/revisions"}],"predecessor-version":[{"id":9422,"href":"https:\/\/mulherinteressante.net\/en\/wp-json\/wp\/v2\/posts\/9413\/revisions\/9422"}],"wp:attachment":[{"href":"https:\/\/mulherinteressante.net\/en\/wp-json\/wp\/v2\/media?parent=9413"}],"wp:term":[{"taxonomy":"category","embeddable":true,"href":"https:\/\/mulherinteressante.net\/en\/wp-json\/wp\/v2\/categories?post=9413"},{"taxonomy":"post_tag","embeddable":true,"href":"https:\/\/mulherinteressante.net\/en\/wp-json\/wp\/v2\/tags?post=9413"}],"curies":[{"name":"wp","href":"https:\/\/api.w.org\/{rel}","templated":true}]}}