{"id":9413,"date":"2026-05-02T00:51:48","date_gmt":"2026-05-02T03:51:48","guid":{"rendered":"https:\/\/mulherinteressante.net\/?p=9413"},"modified":"2026-05-02T00:51:48","modified_gmt":"2026-05-02T03:51:48","slug":"quiz-causa-queda-cabelo","status":"publish","type":"post","link":"https:\/\/mulherinteressante.net\/es\/quiz-causa-queda-cabelo\/","title":{"rendered":"Cuestionario: Descubre la causa de tu ca\u00edda del cabello"},"content":{"rendered":"<p>La ca\u00edda del cabello puede deberse a muchas razones diferentes: podr\u00eda ser consecuencia de las hormonas, deficiencias vitam\u00ednicas, demasiado estr\u00e9s o incluso problemas cut\u00e1neos en el cuero cabelludo.<\/p>\n\n\n\n<p>Esta prueba te ayudar\u00e1 a descubrir la posible causa de tu ca\u00edda del cabello, pero recuerda: esto solo te ayudar\u00e1 a comprender mejor lo que podr\u00eda estar sucediendo; no es un diagn\u00f3stico real y no reemplaza una visita al dermat\u00f3logo.<\/p>\n\n\n<div class=\"lazyblock-fb-quiz-perguntas-Z1jBk6d wp-block-lazyblock-fb-quiz-perguntas\">\n<div id=\"quiz_69f5ccbebdea4\" class=\"quiz-container\">\n    <h3>1. \u00bfDesde cu\u00e1ndo ha notado la ca\u00edda del cabello?<\/h3>\n    \n    <div class=\"quiz-options\">\n                    <div class=\"quiz-option\" data-points=\"5\">\n                <input type=\"radio\" id=\"quiz_69f5ccbebdea4_option_0\" name=\"quiz_option\" value=\"0\" class=\"quiz-radio\" data-points=\"5\">\n                <label for=\"quiz_69f5ccbebdea4_option_0\" class=\"quiz-label\">\n                    Menos de 3 meses                <\/label>\n            <\/div>\n                    <div class=\"quiz-option\" data-points=\"10\">\n                <input type=\"radio\" id=\"quiz_69f5ccbebdea4_option_1\" name=\"quiz_option\" value=\"1\" class=\"quiz-radio\" data-points=\"10\">\n                <label for=\"quiz_69f5ccbebdea4_option_1\" class=\"quiz-label\">\n                    Entre 3 y 6 meses                <\/label>\n            <\/div>\n                    <div class=\"quiz-option\" data-points=\"15\">\n                <input type=\"radio\" id=\"quiz_69f5ccbebdea4_option_2\" name=\"quiz_option\" value=\"2\" class=\"quiz-radio\" data-points=\"15\">\n                <label for=\"quiz_69f5ccbebdea4_option_2\" class=\"quiz-label\">\n                    M\u00e1s de 6 meses                <\/label>\n            <\/div>\n                    <div class=\"quiz-option\" data-points=\"20\">\n                <input type=\"radio\" id=\"quiz_69f5ccbebdea4_option_3\" name=\"quiz_option\" value=\"3\" class=\"quiz-radio\" data-points=\"20\">\n                <label for=\"quiz_69f5ccbebdea4_option_3\" class=\"quiz-label\">\n                    Siempre he tenido una debilidad severa.                <\/label>\n            <\/div>\n            <\/div>\n    \n    <div class=\"quiz-navigation\">\n        <a href=\"https:\/\/mulherinteressante.net\/es\/quiz-causa-queda-cabelo\/2\/\" id=\"quiz_69f5ccbebdea4_next\" class=\"quiz-btn next-question botao-cta\" style=\"background:#db4982;\">\n            Siguiente pregunta        <\/a>\n    <\/div>\n\n    <div class=\"quiz-error\" style=\"display:none\">\n        <h3>\u00a1Primero debes responder las preguntas anteriores!<\/h3>\n        <a href=\"https:\/\/mulherinteressante.net\/es\/quiz-causa-queda-cabelo\/?quiz_reset=1\" class=\"quiz-btn restart-quiz\" style=\"background:#db4982;\">\n            Iniciar prueba\n        <\/a>\n    <\/div>\n<\/div>\n\n<style>\n.quiz-container { text-align:center; padding:20px; }\n.quiz-container .quiz-options { display: flex; flex-direction: column; gap: 15px; margin: 20px 0; }\n.quiz-container .quiz-option { position: relative; width: 100%; }\n.quiz-container .quiz-radio { position: absolute; opacity: 0; width: 0; height: 0; }\n.quiz-container .quiz-label { display: block; padding: 15px 20px; background-color: #f8f8f8; border: 2px solid #e0e0e0; border-radius: 8px; cursor: pointer; transition: all 0.3s ease; font-size: 1.1em; }\n.quiz-container .quiz-radio:checked + .quiz-label { background-color: #e6f7ff; border-color: #1890ff; color: #1890ff; font-weight: bold; }\n.quiz-container .quiz-label:hover { background-color: #f0f0f0; border-color: #d0d0d0; }\n.quiz-container .quiz-btn { cursor: pointer; border-radius: 6px; font-weight: bold; transition: all 0.3s ease; display:inline-block; margin: 15px 0 5px; padding: 15px 20px; text-decoration:none!important; font-size: 1.1em; width:100%; color:#fff; }\n.quiz-container .quiz-navigation .next-question.disabled { opacity: 0.6; cursor: not-allowed; pointer-events: none; }\n<\/style>\n\n<script>\n(function() {\n    const quizId = 'quiz_69f5ccbebdea4';\n    const quizContainer = document.getElementById(quizId);\n    const nextButton = document.getElementById(`${quizId}_next`);\n    const options = quizContainer.querySelectorAll('.quiz-radio');\n    const isLastQuestion = false;\n    const currentPage = 1;\n    \n    if (!sessionStorage.getItem('quizScores')) {\n        sessionStorage.setItem('quizScores', JSON.stringify({}));\n    }\n    \n    const urlParams = new URLSearchParams(window.location.search);\n    if (urlParams.has('quiz_reset')) {\n        sessionStorage.removeItem('quizScores');\n        sessionStorage.setItem('quizScores', JSON.stringify({}));\n    }\n    \n    const getTotalScore = () => {\n        const scores = JSON.parse(sessionStorage.getItem('quizScores') || '{}');\n        let total = 0;\n        Object.values(scores).forEach(score => {\n            total += parseInt(score);\n        });\n        return total;\n    };\n    \n    const updatePageScore = (points) => {\n        const scores = JSON.parse(sessionStorage.getItem('quizScores') || '{}');\n        scores[currentPage] = points;\n        sessionStorage.setItem('quizScores', JSON.stringify(scores));\n    };\n    \n    const checkPreviousPages = () => {\n        if (currentPage <= 1) return true;\n        \n        const scores = JSON.parse(sessionStorage.getItem('quizScores') || '{}');\n        for (let i = 1; i < currentPage; i++) {\n            if (scores[i] === undefined) {\n                return false;\n            }\n        }\n        return true;\n    };\n    \n    const scrollToNextButton = () => {\n        if (nextButton) {\n            const buttonRect = nextButton.getBoundingClientRect();\n            const scrollTop = window.pageYOffset || document.documentElement.scrollTop;\n            const targetPosition = buttonRect.top + scrollTop - 40;\n            window.scrollTo({\n                top: targetPosition,\n                behavior: 'smooth'\n            });\n            setTimeout(() => {\n                nextButton.focus();\n            }, 700);\n        }\n    };\n    \n    const updateResultQuery = () => {\n        if (!nextButton || !isLastQuestion) return;\n        \n        const urlString = nextButton.getAttribute('href');\n        const totalScore = getTotalScore();\n        const url = new URL(urlString, window.location.origin);\n        url.searchParams.set('qpt', totalScore);\n        nextButton.setAttribute('href', url.toString());\n    };\n    \n    if (!checkPreviousPages()) {\n        quizContainer.querySelectorAll(':scope > *:not(.quiz-error)').forEach(element => {\n            element.style.display = 'none';\n        });\n        quizContainer.querySelector('.quiz-error').style.display = 'block';\n        return;\n    }\n    \n    let selectedOption = null;\n    \n    const scores = JSON.parse(sessionStorage.getItem('quizScores') || '{}');\n    if (scores[currentPage] !== undefined) {\n        options.forEach(option => {\n            const points = parseInt(option.dataset.points);\n            if (points === parseInt(scores[currentPage])) {\n                option.checked = true;\n                selectedOption = option;\n                \n                if (nextButton) {\n                    nextButton.classList.remove('disabled');\n                    updateResultQuery();\n                }\n            }\n        });\n    } else {\n        if (nextButton) {\n            nextButton.classList.add('disabled');\n        }\n    }\n    \n    options.forEach(option => {\n        option.addEventListener('change', function() {\n            selectedOption = this;\n            const points = parseInt(this.dataset.points);\n            \n            updatePageScore(points);\n            \n            if (nextButton) {\n                nextButton.classList.remove('disabled');\n                updateResultQuery();\n                \n                setTimeout(() => {\n                    \/\/scrollToNextButton(); \/\/policy\n                }, 300);\n            }\n        });\n    });\n    \n    const restartButtons = document.querySelectorAll('.restart-quiz');\n    restartButtons.forEach(button => {\n        button.addEventListener('click', function() {\n            sessionStorage.removeItem('quizScores');\n        });\n    });\n})();\n<\/script><\/div>\n\n\n<hr class=\"wp-block-separator has-text-color has-alpha-channel-opacity has-background is-style-wide\" style=\"background-color:#dedede;color:#dedede\"\/>\n\n\n<div class='code-block code-block-4' style='margin: 8px auto; text-align: center; display: block; clear: both;'>\n<div id=\"mi_content_2_wrapper\" align=\"center\" style=\"width: 100%; margin-top: 2rem; margin-bottom: 2rem; min-height: 400px;\">\n    <div>\n        <p style=\"font-size:9px; text-transform:uppercase; text-align:center; color:#9a9a9a\">\n            Anuncios\n        <\/p>\n        <div id=\"mi_content_2\">\n        <\/div>\n    <\/div>\n<\/div><\/div>\n\n\n\n\n<h4 class=\"wp-block-heading\"><strong>C\u00f3mo funciona el ciclo natural del cabello<\/strong><\/h4>\n\n\n\n<p>Para saber si la ca\u00edda del cabello es normal o si existe un problema real que requiere atenci\u00f3n, primero debes comprender c\u00f3mo funciona el cabello de forma natural en nuestro organismo.<\/p>\n\n\n\n<p>Cada cabello de tu cabeza pasa por un ciclo que se repite muchas veces a lo largo de tu vida, como una rueda que gira sin cesar.<\/p>\n\n\n\n<p>Este ciclo tiene tres fases diferentes, y cada una tiene un nombre y una funci\u00f3n espec\u00edficos.<\/p>\n\n\n\n<p>La primera etapa se denomina fase de crecimiento o &quot;fase an\u00e1gena&quot;. Durante esta etapa, el cabello crece activamente, volvi\u00e9ndose cada vez m\u00e1s largo.<\/p>\n\n\n\n<p>Esta es la fase m\u00e1s larga de todas y puede durar de 2 a 7 a\u00f1os, dependiendo de la persona. Durante este periodo, el cabello permanece firmemente unido al cuero cabelludo y recibe todos los nutrientes necesarios para crecer fuerte y sano.<\/p>\n\n\n\n<p>La gran mayor\u00eda de tus cabellos, entre el 85 y el 90% del total, se encuentran en esta fase de crecimiento. Por eso, cuando te cortas el pelo, vuelve a crecer, porque esos cabellos est\u00e1n en la fase de crecimiento activo.<\/p>\n\n\n\n<p>La segunda etapa se denomina fase de transici\u00f3n o &quot;fase cat\u00e1gena&quot;. Es una etapa corta que dura solo dos o tres semanas. En esta fase, el cabello deja de crecer y el fol\u00edculo, que es como la ra\u00edz del cabello dentro de la piel, comienza a prepararse para descansar. Menos del 11% de tu cabello se encuentra en esta fase de transici\u00f3n en un momento dado.<\/p>\n\n\n\n<p>La tercera etapa se denomina fase de reposo o fase tel\u00f3gena. En esta etapa, el cabello simplemente descansa y deja de crecer. Permanece as\u00ed durante unos 3 meses. Aproximadamente entre el 10 % y el 151 % de todos los cabellos se encuentran en esta fase de reposo en este momento.<\/p>\n\n\n\n<p>Al final de estos tres meses de descanso, el cabello se cae de forma natural para dejar espacio a un nuevo cabello que comienza a crecer en el mismo lugar. Es como si el cabello reemplazara al anterior, pero manteniendo el fol\u00edculo piloso en funcionamiento.<\/p>\n\n\n\n<p>Ahora viene la parte importante para que comprendas tu ca\u00edda del cabello. Si tienes entre 100.000 y 150.000 cabellos en la cabeza, y entre 10 y 151 de ellos est\u00e1n en la fase de reposo a punto de caerse, esto significa que es completamente normal perder entre 50 y 100 cabellos al d\u00eda.<\/p>\n\n\n\n<p>Puede parecer mucho, pero si lo comparas con la cantidad total de cabello que tienes, es solo un peque\u00f1o porcentaje.<\/p>\n\n\n\n<p>Esta cantidad de 50 a 100 hebras por d\u00eda es lo que los m\u00e9dicos consideran normal y saludable. Es la renovaci\u00f3n natural del cabello.<\/p>\n\n\n\n<p>Pero hay algo importante sobre esta ca\u00edda normal del cabello que mucha gente desconoce. Si te lavas el cabello todos los d\u00edas, notar\u00e1s que se te cae menos pelo a lo largo del d\u00eda porque el que ya estaba suelto se cae durante la ducha.<\/p>\n\n\n\n<p>Por otro lado, si solo te lavas el cabello dos o tres veces por semana, el d\u00eda que te lo lavas parecer\u00e1 que se te cae mucho m\u00e1s. Pero en realidad no se te cae m\u00e1s; simplemente, los mechones que normalmente se caer\u00edan gradualmente a lo largo de varios d\u00edas se caen todos a la vez. <\/p>\n\n\n\n<p>Es como concentrar la ca\u00edda del cabello de dos o tres d\u00edas en un solo instante. Por lo tanto, ver mucho cabello en el desag\u00fce de la ducha despu\u00e9s de unos d\u00edas sin lavarse no significa necesariamente que tengas un problema.<\/p>\n\n\n\n<p>Entonces, \u00bfcu\u00e1ndo la ca\u00edda del cabello se convierte en motivo de preocupaci\u00f3n y requiere atenci\u00f3n m\u00e9dica? Existen algunas se\u00f1ales claras que indican que algo no funciona correctamente en el ciclo de crecimiento del cabello.<\/p>\n\n\n\n<p>Si puedes arrancar f\u00e1cilmente varios mechones de pelo pasando la mano por \u00e9l sin tener que tirar ni aplicar fuerza, eso no es normal.<\/p>\n\n\n\n<p>Si cada ma\u00f1ana al despertar encuentras mucho pelo en la almohada, podr\u00eda ser se\u00f1al de un problema.<\/p>\n\n\n\n<p>Si despu\u00e9s de una sola pasada el cepillo o peine se cubre completamente de pelo, superando con creces la cantidad normal, conviene revisarlo.<\/p>\n\n\n\n<p>Si el desag\u00fce de la ducha se obstruye con frecuencia, incluso si solo te lavas el pelo unas pocas veces por semana, podr\u00eda deberse a una ca\u00edda excesiva del cabello.<\/p>\n\n\n\n<p>Si empiezas a notar que tu cabello se est\u00e1 debilitando visiblemente, que se te ve m\u00e1s el cuero cabelludo en ciertas zonas o que tu coleta es m\u00e1s fina, esto indica que la ca\u00edda del cabello es mayor que su crecimiento.<\/p>\n\n\n\n<p>Otro detalle importante es comprender que ciertos per\u00edodos de la vida pueden alterar temporalmente este patr\u00f3n de ca\u00edda del cabello.<\/p>\n\n\n\n<p>Durante el embarazo, por ejemplo, muchas mujeres notan que su cabello se vuelve m\u00e1s abundante, voluminoso y parece crecer m\u00e1s r\u00e1pido. Esto sucede porque las hormonas del embarazo hacen que m\u00e1s cabellos permanezcan en la fase de crecimiento durante m\u00e1s tiempo, por lo que se cae menos.<\/p>\n\n\n\n<p>Pero despu\u00e9s del nacimiento del beb\u00e9, estas hormonas vuelven r\u00e1pidamente a la normalidad. Entonces, todos esos vellos adicionales que crecieron durante el embarazo entran juntos en la fase de reposo.<\/p>\n\n\n\n<p>Entre los 2 y 6 meses despu\u00e9s del parto, todos estos cabellos se caen al mismo tiempo, dando la impresi\u00f3n de una p\u00e9rdida de cabello masiva y alarmante. Pero esto es temporal y normal, y el cabello vuelve a la normalidad por s\u00ed solo despu\u00e9s de unos meses.<\/p>\n\n\n\n<p>Los cambios estacionales tambi\u00e9n pueden influir en la ca\u00edda del cabello en algunas personas. Por ejemplo, es relativamente com\u00fan que algunas mujeres noten una mayor p\u00e9rdida de cabello en oto\u00f1o.<\/p>\n\n\n\n<p>Los eventos que generan mucho estr\u00e9s en el cuerpo tambi\u00e9n afectan el ciclo capilar. Cirug\u00edas mayores, fiebres muy altas que duran varios d\u00edas, infecciones graves o situaciones de estr\u00e9s emocional muy intenso pueden provocar que un mayor n\u00famero de cabellos entre en la fase de reposo prematuramente.<\/p>\n\n\n\n<p>Lo interesante es que no se observa un aumento de la ca\u00edda del cabello inmediatamente despu\u00e9s de estos eventos. La ca\u00edda se manifiesta aproximadamente dos o tres meses despu\u00e9s, que es precisamente el tiempo que tarda el cabello en completar su fase de reposo y caerse.<\/p>\n\n\n\n<p>Por eso, a veces resulta dif\u00edcil relacionar la ca\u00edda con su causa, porque ha transcurrido mucho tiempo.<\/p>\n\n\n\n<p>La buena noticia en todos estos casos es que, si el fol\u00edculo piloso se mantiene sano, un nuevo cabello comenzar\u00e1 a crecer en lugar del que se cay\u00f3. El problema surge cuando alguna afecci\u00f3n ataca o da\u00f1a permanentemente los fol\u00edculos.<\/p>\n\n\n\n<p>Por eso es tan importante diferenciar entre la ca\u00edda temporal del cabello, en la que el fol\u00edculo est\u00e1 sano y volver\u00e1 a producir cabello, y una afecci\u00f3n que realmente perjudica la capacidad del fol\u00edculo para generar cabello nuevo.<\/p>\n\n\n\n<p>Algunas afecciones provocan una mayor ca\u00edda del cabello, pero los fol\u00edculos siguen funcionando perfectamente. Otras, en cambio, atacan directamente los fol\u00edculos y pueden causar da\u00f1os permanentes si no se tratan a tiempo.<\/p>\n\n\n\n<p>Precisamente por eso, la duraci\u00f3n de la ca\u00edda es una informaci\u00f3n tan importante.<\/p>\n\n\n\n<p>La ca\u00edda del cabello que ha comenzado recientemente, hace menos de tres meses, suele indicar que se ha producido alg\u00fan problema agudo y temporal.<\/p>\n\n\n\n<p>La ca\u00edda del cabello que dura entre tres y seis meses puede ser temporal o el comienzo de algo m\u00e1s duradero.<\/p>\n\n\n\n<p>La ca\u00edda del cabello que persiste durante m\u00e1s de seis meses o que se ha padecido desde el nacimiento suele indicar afecciones cr\u00f3nicas que requieren una investigaci\u00f3n m\u00e1s exhaustiva.<\/p>\n\n\n\n\n\n\n<!--nextpage-->\n\n\n<div class=\"lazyblock-fb-quiz-perguntas-Z1cMn92 wp-block-lazyblock-fb-quiz-perguntas\">\n<div id=\"quiz_69f5ccbebf182\" class=\"quiz-container\">\n    <h3>2. \u00bfC\u00f3mo describir\u00eda su ca\u00edda del cabello?<\/h3>\n    \n    <div class=\"quiz-options\">\n                    <div class=\"quiz-option\" data-points=\"5\">\n                <input type=\"radio\" id=\"quiz_69f5ccbebf182_option_0\" name=\"quiz_option\" value=\"0\" class=\"quiz-radio\" data-points=\"5\">\n                <label for=\"quiz_69f5ccbebf182_option_0\" class=\"quiz-label\">\n                    Al peinar o lavar el cabello, aparecen mechones sueltos por toda la cabeza.                <\/label>\n            <\/div>\n                    <div class=\"quiz-option\" data-points=\"10\">\n                <input type=\"radio\" id=\"quiz_69f5ccbebf182_option_1\" name=\"quiz_option\" value=\"1\" class=\"quiz-radio\" data-points=\"10\">\n                <label for=\"quiz_69f5ccbebf182_option_1\" class=\"quiz-label\">\n                    calvas circulares o zonas sin pelo                <\/label>\n            <\/div>\n                    <div class=\"quiz-option\" data-points=\"15\">\n                <input type=\"radio\" id=\"quiz_69f5ccbebf182_option_2\" name=\"quiz_option\" value=\"2\" class=\"quiz-radio\" data-points=\"15\">\n                <label for=\"quiz_69f5ccbebf182_option_2\" class=\"quiz-label\">\n                    Adelgazamiento progresivo del cabello                <\/label>\n            <\/div>\n                    <div class=\"quiz-option\" data-points=\"20\">\n                <input type=\"radio\" id=\"quiz_69f5ccbebf182_option_3\" name=\"quiz_option\" value=\"3\" class=\"quiz-radio\" data-points=\"20\">\n                <label for=\"quiz_69f5ccbebf182_option_3\" class=\"quiz-label\">\n                    Lanzamiento concentrado en la l\u00ednea frontal o superior.                <\/label>\n            <\/div>\n            <\/div>\n    \n    <div class=\"quiz-navigation\">\n        <a href=\"https:\/\/mulherinteressante.net\/es\/quiz-causa-queda-cabelo\/2\/\" id=\"quiz_69f5ccbebf182_next\" class=\"quiz-btn next-question botao-cta\" style=\"background:#db4982;\">\n            Siguiente pregunta        <\/a>\n    <\/div>\n\n    <div class=\"quiz-error\" style=\"display:none\">\n        <h3>\u00a1Primero debes responder las preguntas anteriores!<\/h3>\n        <a href=\"https:\/\/mulherinteressante.net\/es\/quiz-causa-queda-cabelo\/?quiz_reset=1\" class=\"quiz-btn restart-quiz\" style=\"background:#db4982;\">\n            Iniciar prueba\n        <\/a>\n    <\/div>\n<\/div>\n\n<style>\n.quiz-container { text-align:center; padding:20px; }\n.quiz-container .quiz-options { display: flex; flex-direction: column; gap: 15px; margin: 20px 0; }\n.quiz-container .quiz-option { position: relative; width: 100%; }\n.quiz-container .quiz-radio { position: absolute; opacity: 0; width: 0; height: 0; }\n.quiz-container .quiz-label { display: block; padding: 15px 20px; background-color: #f8f8f8; border: 2px solid #e0e0e0; border-radius: 8px; cursor: pointer; transition: all 0.3s ease; font-size: 1.1em; }\n.quiz-container .quiz-radio:checked + .quiz-label { background-color: #e6f7ff; border-color: #1890ff; color: #1890ff; font-weight: bold; }\n.quiz-container .quiz-label:hover { background-color: #f0f0f0; border-color: #d0d0d0; }\n.quiz-container .quiz-btn { cursor: pointer; border-radius: 6px; font-weight: bold; transition: all 0.3s ease; display:inline-block; margin: 15px 0 5px; padding: 15px 20px; text-decoration:none!important; font-size: 1.1em; width:100%; color:#fff; }\n.quiz-container .quiz-navigation .next-question.disabled { opacity: 0.6; cursor: not-allowed; pointer-events: none; }\n<\/style>\n\n<script>\n(function() {\n    const quizId = 'quiz_69f5ccbebf182';\n    const quizContainer = document.getElementById(quizId);\n    const nextButton = document.getElementById(`${quizId}_next`);\n    const options = quizContainer.querySelectorAll('.quiz-radio');\n    const isLastQuestion = false;\n    const currentPage = 1;\n    \n    if (!sessionStorage.getItem('quizScores')) {\n        sessionStorage.setItem('quizScores', JSON.stringify({}));\n    }\n    \n    const urlParams = new URLSearchParams(window.location.search);\n    if (urlParams.has('quiz_reset')) {\n        sessionStorage.removeItem('quizScores');\n        sessionStorage.setItem('quizScores', JSON.stringify({}));\n    }\n    \n    const getTotalScore = () => {\n        const scores = JSON.parse(sessionStorage.getItem('quizScores') || '{}');\n        let total = 0;\n        Object.values(scores).forEach(score => {\n            total += parseInt(score);\n        });\n        return total;\n    };\n    \n    const updatePageScore = (points) => {\n        const scores = JSON.parse(sessionStorage.getItem('quizScores') || '{}');\n        scores[currentPage] = points;\n        sessionStorage.setItem('quizScores', JSON.stringify(scores));\n    };\n    \n    const checkPreviousPages = () => {\n        if (currentPage <= 1) return true;\n        \n        const scores = JSON.parse(sessionStorage.getItem('quizScores') || '{}');\n        for (let i = 1; i < currentPage; i++) {\n            if (scores[i] === undefined) {\n                return false;\n            }\n        }\n        return true;\n    };\n    \n    const scrollToNextButton = () => {\n        if (nextButton) {\n            const buttonRect = nextButton.getBoundingClientRect();\n            const scrollTop = window.pageYOffset || document.documentElement.scrollTop;\n            const targetPosition = buttonRect.top + scrollTop - 40;\n            window.scrollTo({\n                top: targetPosition,\n                behavior: 'smooth'\n            });\n            setTimeout(() => {\n                nextButton.focus();\n            }, 700);\n        }\n    };\n    \n    const updateResultQuery = () => {\n        if (!nextButton || !isLastQuestion) return;\n        \n        const urlString = nextButton.getAttribute('href');\n        const totalScore = getTotalScore();\n        const url = new URL(urlString, window.location.origin);\n        url.searchParams.set('qpt', totalScore);\n        nextButton.setAttribute('href', url.toString());\n    };\n    \n    if (!checkPreviousPages()) {\n        quizContainer.querySelectorAll(':scope > *:not(.quiz-error)').forEach(element => {\n            element.style.display = 'none';\n        });\n        quizContainer.querySelector('.quiz-error').style.display = 'block';\n        return;\n    }\n    \n    let selectedOption = null;\n    \n    const scores = JSON.parse(sessionStorage.getItem('quizScores') || '{}');\n    if (scores[currentPage] !== undefined) {\n        options.forEach(option => {\n            const points = parseInt(option.dataset.points);\n            if (points === parseInt(scores[currentPage])) {\n                option.checked = true;\n                selectedOption = option;\n                \n                if (nextButton) {\n                    nextButton.classList.remove('disabled');\n                    updateResultQuery();\n                }\n            }\n        });\n    } else {\n        if (nextButton) {\n            nextButton.classList.add('disabled');\n        }\n    }\n    \n    options.forEach(option => {\n        option.addEventListener('change', function() {\n            selectedOption = this;\n            const points = parseInt(this.dataset.points);\n            \n            updatePageScore(points);\n            \n            if (nextButton) {\n                nextButton.classList.remove('disabled');\n                updateResultQuery();\n                \n                setTimeout(() => {\n                    \/\/scrollToNextButton(); \/\/policy\n                }, 300);\n            }\n        });\n    });\n    \n    const restartButtons = document.querySelectorAll('.restart-quiz');\n    restartButtons.forEach(button => {\n        button.addEventListener('click', function() {\n            sessionStorage.removeItem('quizScores');\n        });\n    });\n})();\n<\/script><\/div>\n\n\n<hr class=\"wp-block-separator has-text-color has-alpha-channel-opacity has-background is-style-wide\" style=\"background-color:#dedede;color:#dedede\"\/>\n\n\n<div class='code-block code-block-4' style='margin: 8px auto; text-align: center; display: block; clear: both;'>\n<div id=\"mi_content_2_wrapper\" align=\"center\" style=\"width: 100%; margin-top: 2rem; margin-bottom: 2rem; min-height: 400px;\">\n    <div>\n        <p style=\"font-size:9px; text-transform:uppercase; text-align:center; color:#9a9a9a\">\n            Anuncios\n        <\/p>\n        <div id=\"mi_content_2\">\n        <\/div>\n    <\/div>\n<\/div><\/div>\n\n\n\n\n<h4 class=\"wp-block-heading\"><strong>Lo que revela el patr\u00f3n de la ca\u00edda sobre la causa<\/strong><\/h4>\n\n\n\n<p>La forma en que se te cae el pelo es una de las pistas m\u00e1s valiosas para averiguar qu\u00e9 est\u00e1 causando el problema.<\/p>\n\n\n\n<p>Las distintas causas de la ca\u00edda del cabello producen patrones completamente diferentes, como si cada enfermedad tuviera su propia huella visual.<\/p>\n\n\n\n<p>Cuando puedes identificar claramente el patr\u00f3n de tu ca\u00edda del cabello, eliminas varias posibilidades y te acercas mucho m\u00e1s al diagn\u00f3stico correcto.<\/p>\n\n\n\n<p>Vamos a comprender cada uno de estos patrones en detalle para que puedas identificar exactamente lo que te est\u00e1 sucediendo.<\/p>\n\n\n\n<p>El primer patr\u00f3n es la ca\u00edda difusa del cabello, lo que significa que los mechones sueltos se distribuyen uniformemente por toda la cabeza. <\/p>\n\n\n\n<p>En este tipo de ca\u00edda del cabello, tambi\u00e9n llamada &quot;efluvio tel\u00f3geno&quot;, no se puede identificar una zona espec\u00edfica donde se caiga m\u00e1s cabello. En cambio, los mechones se caen por igual en todo el cuero cabelludo.<\/p>\n\n\n\n<p>Al peinarte o lavarte el pelo, se caen varios mechones sueltos, pero provienen de distintas partes de la cabeza. No notas que algunas zonas se adelgacen m\u00e1s que otras, sino que, en general, tu cabello se vuelve menos denso.<\/p>\n\n\n\n<p>Este patr\u00f3n de descamaci\u00f3n difusa suele indicar causas temporales que afectan a todo el cuerpo a la vez.<\/p>\n\n\n\n<p>Por ejemplo, despu\u00e9s de dar a luz, someterse a una cirug\u00eda mayor, tener fiebre muy alta o experimentar un per\u00edodo de estr\u00e9s intenso, el cuerpo puede enviar muchas se\u00f1ales a la fase de reposo al mismo tiempo.<\/p>\n\n\n\n<p>Cuando estos cabellos se caen unos meses despu\u00e9s, lo hacen de forma dispersa porque el evento afect\u00f3 a todos los fol\u00edculos del cuero cabelludo por igual.<\/p>\n\n\n\n<p>Las deficiencias nutricionales tambi\u00e9n suelen causar una ca\u00edda difusa del cabello, ya que cuando faltan nutrientes importantes en la sangre, todos los fol\u00edculos se ven afectados a la vez.<\/p>\n\n\n\n<p>El segundo patr\u00f3n es completamente diferente y se denomina alopecia areata o p\u00e9rdida de cabello en parches. En este patr\u00f3n, se pueden observar claramente \u00e1reas redondas u ovaladas donde simplemente no hay cabello.<\/p>\n\n\n\n<p>Estas zonas est\u00e1n bien definidas, con bordes n\u00edtidos, como si alguien hubiera cortado c\u00edrculos en tu cabello.<\/p>\n\n\n\n<p>Por lo general, estas calvas aparecen de repente; uno no se da cuenta de que el cabello se va debilitando gradualmente en esa zona, simplemente se cae r\u00e1pidamente y crea una calva.<\/p>\n\n\n\n<p>Los defectos pueden ser peque\u00f1os, del tama\u00f1o de una moneda, o pueden ser m\u00e1s grandes, dependiendo de la gravedad del caso. <\/p>\n\n\n\n<p>Algunas personas tienen solo una calva, mientras que otras desarrollan varias dispersas por el cuero cabelludo.<\/p>\n\n\n\n<p>En casos m\u00e1s raros y graves, una persona puede perder todo el cabello del cuero cabelludo o incluso de otras zonas del cuerpo, como las cejas, las pesta\u00f1as y el vello corporal.<\/p>\n\n\n\n<p>Este patr\u00f3n de parches circulares sin pelo es extremadamente caracter\u00edstico de una afecci\u00f3n espec\u00edfica llamada &quot;alopecia areata&quot;.<\/p>\n\n\n\n<p>Se trata de una enfermedad autoinmune, lo que significa que el propio sistema de defensa del cuerpo ataca por error los fol\u00edculos pilosos como si fueran invasores peligrosos.<\/p>\n\n\n\n<p>El sistema inmunitario provoca una inflamaci\u00f3n intensa alrededor de los fol\u00edculos en las zonas afectadas, lo que hace que el cabello se caiga r\u00e1pidamente en esa regi\u00f3n.<\/p>\n\n\n\n<p>Si observa este patr\u00f3n de grietas circulares, es muy importante que consulte a un dermat\u00f3logo, ya que esta afecci\u00f3n espec\u00edfica requiere un tratamiento espec\u00edfico.<\/p>\n\n\n\n<p>El tercer patr\u00f3n es el adelgazamiento progresivo del cabello, denominado &quot;alopecia androgen\u00e9tica&quot;. En este caso, lo que se observa no es necesariamente una ca\u00edda abundante del cabello de forma repentina, sino m\u00e1s bien un cabello que se vuelve m\u00e1s fino, escaso y d\u00e9bil con el tiempo.<\/p>\n\n\n\n<p>Es un proceso gradual que se desarrolla lentamente a lo largo de meses o incluso a\u00f1os.<\/p>\n\n\n\n<p>Es posible que notes que tu coleta est\u00e1 m\u00e1s fina que antes, que se ve m\u00e1s el cuero cabelludo cuando te haces la raya en medio o que ciertas zonas se est\u00e1n volviendo m\u00e1s transparentes.<\/p>\n\n\n\n<p>En las mujeres, este adelgazamiento del cabello suele producirse m\u00e1s en la parte superior de la cabeza, en la coronilla, mientras que la l\u00ednea frontal del cabello se mantiene relativamente intacta.<\/p>\n\n\n\n<p>Es diferente de la calvicie de patr\u00f3n masculino, donde la p\u00e9rdida de cabello generalmente ocurre en la parte frontal y superior, formando esas caracter\u00edsticas l\u00edneas de cabello que retroceden.<\/p>\n\n\n\n<p>Este patr\u00f3n de adelgazamiento progresivo del cabello es t\u00edpico de la &quot;alopecia androgen\u00e9tica&quot;, tambi\u00e9n conocida como calvicie de patr\u00f3n femenino o alopecia femenina.<\/p>\n\n\n\n<p>Esta afecci\u00f3n est\u00e1 influenciada principalmente por dos factores: la gen\u00e9tica heredada de los padres y la acci\u00f3n de las hormonas andr\u00f3genas sobre los fol\u00edculos pilosos.<\/p>\n\n\n\n<p>Algunas personas nacen con fol\u00edculos gen\u00e9ticamente sensibles a estas hormonas.<\/p>\n\n\n\n<p>Cuando las hormonas interact\u00faan con estos fol\u00edculos sensibles, provocan que los mechones de cabello se vuelvan progresivamente m\u00e1s finos y cortos con cada nuevo ciclo de crecimiento.<\/p>\n\n\n\n<p>Con el tiempo, los fol\u00edculos se van haciendo m\u00e1s peque\u00f1os, produciendo pelos tan finos que parecen casi pelusa, hasta que finalmente pueden dejar de producir pelos visibles por completo.<\/p>\n\n\n\n<p>El cuarto patr\u00f3n se caracteriza por la ca\u00edda del cabello concentrada en zonas espec\u00edficas, principalmente en la l\u00ednea del cabello o en la parte superior de la cabeza.<\/p>\n\n\n\n<p>A diferencia del adelgazamiento difuso, que se produce lentamente, en este caso se observa que ciertas zonas pierden cabello con mayor intensidad que otras.<\/p>\n\n\n\n<p>La l\u00ednea del cabello en la parte frontal puede estar retrocediendo, o la parte superior puede estar adelgazando mientras que los lados y la parte posterior permanecen m\u00e1s poblados.<\/p>\n\n\n\n<p>Este patr\u00f3n tambi\u00e9n puede ser un signo de &quot;alopecia androgen\u00e9tica&quot;, pero con una presentaci\u00f3n ligeramente diferente a la anterior.<\/p>\n\n\n\n<p>Tambi\u00e9n puede indicar &quot;alopecia por tracci\u00f3n&quot;, que se produce cuando una persona usa repetidamente peinados muy ajustados, como trenzas muy apretadas, mo\u00f1os muy apretados o extensiones de cabello muy pesadas.<\/p>\n\n\n\n<p>La tensi\u00f3n constante sobre el cabello termina da\u00f1ando los fol\u00edculos en la zona espec\u00edfica donde se aplica la fuerza.<\/p>\n\n\n\n<p>Identificar correctamente cu\u00e1l de estos patrones est\u00e1s presentando es un paso crucial para descubrir la causa.<\/p>\n\n\n\n<p>Algunas personas pueden presentar m\u00e1s de un patr\u00f3n al mismo tiempo, lo que puede indicar que m\u00e1s de una causa est\u00e1 actuando simult\u00e1neamente.<\/p>\n\n\n\n<p>Por ejemplo, una persona puede tener una &quot;alopecia androgen\u00e9tica&quot; subyacente, que provoca un adelgazamiento gradual del cabello, y tambi\u00e9n puede experimentar un episodio de &quot;efluvio tel\u00f3geno&quot; despu\u00e9s de una cirug\u00eda, lo que provoca una p\u00e9rdida de cabello difusa adicional.<\/p>\n\n\n\n<p>En estos casos, la ca\u00edda puede parecer m\u00e1s intensa porque se producen dos problemas diferentes al mismo tiempo.<\/p>\n\n\n\n<p>Por eso es tan importante observar atentamente el cabello e intentar identificar exactamente c\u00f3mo se manifiesta la ca\u00edda del cabello.<\/p>\n\n\n\n<p>T\u00f3mate fotos regularmente de la misma zona del cuero cabelludo con la misma iluminaci\u00f3n para que puedas compararlas a lo largo del tiempo.<\/p>\n\n\n\n<p>Presta atenci\u00f3n a si la ca\u00edda del cabello es uniforme o se concentra en zonas espec\u00edficas. Comprueba si se forman huecos o si se trata m\u00e1s bien de un adelgazamiento generalizado.<\/p>\n\n\n\n<p>Toda esta informaci\u00f3n le ser\u00e1 de gran utilidad cuando acuda al m\u00e9dico, ya que ayudar\u00e1 al profesional a orientar mejor las pruebas y el tratamiento.<\/p>\n\n\n\n\n\n\n<!--nextpage-->\n\n\n<div class=\"lazyblock-fb-quiz-perguntas-e5eNM wp-block-lazyblock-fb-quiz-perguntas\">\n<div id=\"quiz_69f5ccbebfd12\" class=\"quiz-container\">\n    <h3>3. \u00bfSe ha producido alguna de estas situaciones en los \u00faltimos meses?<\/h3>\n    \n    <div class=\"quiz-options\">\n                    <div class=\"quiz-option\" data-points=\"5\">\n                <input type=\"radio\" id=\"quiz_69f5ccbebfd12_option_0\" name=\"quiz_option\" value=\"0\" class=\"quiz-radio\" data-points=\"5\">\n                <label for=\"quiz_69f5ccbebfd12_option_0\" class=\"quiz-label\">\n                    Tuve un beb\u00e9 recientemente (hace aproximadamente un a\u00f1o).                <\/label>\n            <\/div>\n                    <div class=\"quiz-option\" data-points=\"10\">\n                <input type=\"radio\" id=\"quiz_69f5ccbebfd12_option_1\" name=\"quiz_option\" value=\"1\" class=\"quiz-radio\" data-points=\"10\">\n                <label for=\"quiz_69f5ccbebfd12_option_1\" class=\"quiz-label\">\n                    Atraves\u00e9 un per\u00edodo de estr\u00e9s intenso o de cambios significativos.                <\/label>\n            <\/div>\n                    <div class=\"quiz-option\" data-points=\"15\">\n                <input type=\"radio\" id=\"quiz_69f5ccbebfd12_option_2\" name=\"quiz_option\" value=\"2\" class=\"quiz-radio\" data-points=\"15\">\n                <label for=\"quiz_69f5ccbebfd12_option_2\" class=\"quiz-label\">\n                    He cambiado dr\u00e1sticamente mi dieta o estoy siguiendo una dieta restrictiva.                <\/label>\n            <\/div>\n                    <div class=\"quiz-option\" data-points=\"20\">\n                <input type=\"radio\" id=\"quiz_69f5ccbebfd12_option_3\" name=\"quiz_option\" value=\"3\" class=\"quiz-radio\" data-points=\"20\">\n                <label for=\"quiz_69f5ccbebfd12_option_3\" class=\"quiz-label\">\n                    No he notado ninguna situaci\u00f3n espec\u00edfica.                <\/label>\n            <\/div>\n            <\/div>\n    \n    <div class=\"quiz-navigation\">\n        <a href=\"https:\/\/mulherinteressante.net\/es\/quiz-causa-queda-cabelo\/2\/\" id=\"quiz_69f5ccbebfd12_next\" class=\"quiz-btn next-question botao-cta\" style=\"background:#db4982;\">\n            Siguiente pregunta        <\/a>\n    <\/div>\n\n    <div class=\"quiz-error\" style=\"display:none\">\n        <h3>\u00a1Primero debes responder las preguntas anteriores!<\/h3>\n        <a href=\"https:\/\/mulherinteressante.net\/es\/quiz-causa-queda-cabelo\/?quiz_reset=1\" class=\"quiz-btn restart-quiz\" style=\"background:#db4982;\">\n            Iniciar prueba\n        <\/a>\n    <\/div>\n<\/div>\n\n<style>\n.quiz-container { text-align:center; padding:20px; }\n.quiz-container .quiz-options { display: flex; flex-direction: column; gap: 15px; margin: 20px 0; }\n.quiz-container .quiz-option { position: relative; width: 100%; }\n.quiz-container .quiz-radio { position: absolute; opacity: 0; width: 0; height: 0; }\n.quiz-container .quiz-label { display: block; padding: 15px 20px; background-color: #f8f8f8; border: 2px solid #e0e0e0; border-radius: 8px; cursor: pointer; transition: all 0.3s ease; font-size: 1.1em; }\n.quiz-container .quiz-radio:checked + .quiz-label { background-color: #e6f7ff; border-color: #1890ff; color: #1890ff; font-weight: bold; }\n.quiz-container .quiz-label:hover { background-color: #f0f0f0; border-color: #d0d0d0; }\n.quiz-container .quiz-btn { cursor: pointer; border-radius: 6px; font-weight: bold; transition: all 0.3s ease; display:inline-block; margin: 15px 0 5px; padding: 15px 20px; text-decoration:none!important; font-size: 1.1em; width:100%; color:#fff; }\n.quiz-container .quiz-navigation .next-question.disabled { opacity: 0.6; cursor: not-allowed; pointer-events: none; }\n<\/style>\n\n<script>\n(function() {\n    const quizId = 'quiz_69f5ccbebfd12';\n    const quizContainer = document.getElementById(quizId);\n    const nextButton = document.getElementById(`${quizId}_next`);\n    const options = quizContainer.querySelectorAll('.quiz-radio');\n    const isLastQuestion = false;\n    const currentPage = 1;\n    \n    if (!sessionStorage.getItem('quizScores')) {\n        sessionStorage.setItem('quizScores', JSON.stringify({}));\n    }\n    \n    const urlParams = new URLSearchParams(window.location.search);\n    if (urlParams.has('quiz_reset')) {\n        sessionStorage.removeItem('quizScores');\n        sessionStorage.setItem('quizScores', JSON.stringify({}));\n    }\n    \n    const getTotalScore = () => {\n        const scores = JSON.parse(sessionStorage.getItem('quizScores') || '{}');\n        let total = 0;\n        Object.values(scores).forEach(score => {\n            total += parseInt(score);\n        });\n        return total;\n    };\n    \n    const updatePageScore = (points) => {\n        const scores = JSON.parse(sessionStorage.getItem('quizScores') || '{}');\n        scores[currentPage] = points;\n        sessionStorage.setItem('quizScores', JSON.stringify(scores));\n    };\n    \n    const checkPreviousPages = () => {\n        if (currentPage <= 1) return true;\n        \n        const scores = JSON.parse(sessionStorage.getItem('quizScores') || '{}');\n        for (let i = 1; i < currentPage; i++) {\n            if (scores[i] === undefined) {\n                return false;\n            }\n        }\n        return true;\n    };\n    \n    const scrollToNextButton = () => {\n        if (nextButton) {\n            const buttonRect = nextButton.getBoundingClientRect();\n            const scrollTop = window.pageYOffset || document.documentElement.scrollTop;\n            const targetPosition = buttonRect.top + scrollTop - 40;\n            window.scrollTo({\n                top: targetPosition,\n                behavior: 'smooth'\n            });\n            setTimeout(() => {\n                nextButton.focus();\n            }, 700);\n        }\n    };\n    \n    const updateResultQuery = () => {\n        if (!nextButton || !isLastQuestion) return;\n        \n        const urlString = nextButton.getAttribute('href');\n        const totalScore = getTotalScore();\n        const url = new URL(urlString, window.location.origin);\n        url.searchParams.set('qpt', totalScore);\n        nextButton.setAttribute('href', url.toString());\n    };\n    \n    if (!checkPreviousPages()) {\n        quizContainer.querySelectorAll(':scope > *:not(.quiz-error)').forEach(element => {\n            element.style.display = 'none';\n        });\n        quizContainer.querySelector('.quiz-error').style.display = 'block';\n        return;\n    }\n    \n    let selectedOption = null;\n    \n    const scores = JSON.parse(sessionStorage.getItem('quizScores') || '{}');\n    if (scores[currentPage] !== undefined) {\n        options.forEach(option => {\n            const points = parseInt(option.dataset.points);\n            if (points === parseInt(scores[currentPage])) {\n                option.checked = true;\n                selectedOption = option;\n                \n                if (nextButton) {\n                    nextButton.classList.remove('disabled');\n                    updateResultQuery();\n                }\n            }\n        });\n    } else {\n        if (nextButton) {\n            nextButton.classList.add('disabled');\n        }\n    }\n    \n    options.forEach(option => {\n        option.addEventListener('change', function() {\n            selectedOption = this;\n            const points = parseInt(this.dataset.points);\n            \n            updatePageScore(points);\n            \n            if (nextButton) {\n                nextButton.classList.remove('disabled');\n                updateResultQuery();\n                \n                setTimeout(() => {\n                    \/\/scrollToNextButton(); \/\/policy\n                }, 300);\n            }\n        });\n    });\n    \n    const restartButtons = document.querySelectorAll('.restart-quiz');\n    restartButtons.forEach(button => {\n        button.addEventListener('click', function() {\n            sessionStorage.removeItem('quizScores');\n        });\n    });\n})();\n<\/script><\/div>\n\n\n<hr class=\"wp-block-separator has-text-color has-alpha-channel-opacity has-background is-style-wide\" style=\"background-color:#dedede;color:#dedede\"\/>\n\n\n<div class='code-block code-block-4' style='margin: 8px auto; text-align: center; display: block; clear: both;'>\n<div id=\"mi_content_2_wrapper\" align=\"center\" style=\"width: 100%; margin-top: 2rem; margin-bottom: 2rem; min-height: 400px;\">\n    <div>\n        <p style=\"font-size:9px; text-transform:uppercase; text-align:center; color:#9a9a9a\">\n            Anuncios\n        <\/p>\n        <div id=\"mi_content_2\">\n        <\/div>\n    <\/div>\n<\/div><\/div>\n\n\n\n\n<h4 class=\"wp-block-heading\"><strong>Eventos que pueden desencadenar la ca\u00edda del cabello<\/strong><\/h4>\n\n\n\n<p>El cuerpo humano es extremadamente sensible a los cambios y a los acontecimientos estresantes, y el cabello act\u00faa como un verdadero term\u00f3metro de nuestra salud general.<\/p>\n\n\n\n<p>Con frecuencia, acontecimientos importantes de la vida pueden desencadenar episodios de ca\u00edda del cabello unos meses despu\u00e9s.<\/p>\n\n\n\n<p>Comprender esta conexi\u00f3n entre eventos espec\u00edficos y la ca\u00edda del cabello es fundamental para determinar si su problema es temporal o requiere una investigaci\u00f3n m\u00e1s profunda.<\/p>\n\n\n\n<p>Uno de los factores desencadenantes m\u00e1s comunes y mejor documentados de la ca\u00edda del cabello es el per\u00edodo posparto, es decir, despu\u00e9s de tener un beb\u00e9.<\/p>\n\n\n\n<p>Durante el embarazo, los niveles de estr\u00f3geno, una de las principales hormonas femeninas, aumentan considerablemente.<\/p>\n\n\n\n<p>Este nivel elevado de estr\u00f3geno tiene un efecto protector sobre el cabello, manteniendo m\u00e1s hebras en la fase de crecimiento activo durante m\u00e1s tiempo.<\/p>\n\n\n\n<p>Por eso, muchas mujeres embarazadas notan que su cabello se vuelve m\u00e1s abundante, brillante y parece crecer m\u00e1s r\u00e1pido durante el embarazo.<\/p>\n\n\n\n<p>Literalmente tienen m\u00e1s pelo en la cabeza porque menos hebras entran en la fase de reposo y se caen.<\/p>\n\n\n\n<p>Pero cuando nace el beb\u00e9, los niveles hormonales vuelven r\u00e1pidamente a la normalidad en cuesti\u00f3n de d\u00edas o semanas.<\/p>\n\n\n\n<p>Todos esos vellos adicionales que se mantuvieron en la fase de crecimiento durante el embarazo ahora est\u00e1n recibiendo la se\u00f1al para entrar en la fase de reposo al mismo tiempo.<\/p>\n\n\n\n<p>Entre los dos y los seis meses despu\u00e9s del parto, generalmente con un pico entre los tres y los cuatro meses, todos estos cabellos entran en la fase de ca\u00edda simult\u00e1neamente.<\/p>\n\n\n\n<p>La madre nota una alarmante cantidad de ca\u00edda del cabello, que se desprende en grandes cantidades en la ducha, en el cepillo y en la almohada.<\/p>\n\n\n\n<p>Puede parecer que se est\u00e1 quedando calva, pero en realidad, es solo una compensaci\u00f3n.<\/p>\n\n\n\n<p>Durante su embarazo tuvo m\u00e1s vello del normal, ahora est\u00e1 volviendo a la normalidad, pero como se le caen tantos mechones a la vez, el resultado es dram\u00e1tico.<\/p>\n\n\n\n<p>Esta ca\u00edda del cabello posparto es temporal y se resuelve por s\u00ed sola en la gran mayor\u00eda de los casos.<\/p>\n\n\n\n<p>El cabello suele recuperar su volumen normal entre los 6 y los 12 meses despu\u00e9s del parto, sin necesidad de ning\u00fan tratamiento espec\u00edfico.<\/p>\n\n\n\n<p>Es importante que sepas esto para que no te preocupes y entiendas que forma parte del proceso normal de recuperaci\u00f3n del cuerpo tras el embarazo.<\/p>\n\n\n\n<p>Otro factor desencadenante importante de la ca\u00edda del cabello es el estr\u00e9s f\u00edsico o emocional intenso.<\/p>\n\n\n\n<p>Cuando atravesamos situaciones muy estresantes, el cuerpo libera una serie de hormonas relacionadas con el estr\u00e9s, principalmente cortisol.<\/p>\n\n\n\n<p>Estas hormonas preparan al cuerpo para afrontar la situaci\u00f3n de emergencia, dirigiendo la energ\u00eda y los recursos a funciones esenciales como el coraz\u00f3n, el cerebro y los m\u00fasculos.<\/p>\n\n\n\n<p>En este proceso de priorizaci\u00f3n, las funciones menos esenciales para la supervivencia inmediata, como el crecimiento del cabello, terminan vi\u00e9ndose comprometidas temporalmente.<\/p>\n\n\n\n<p>El estr\u00e9s puede provocar que un mayor n\u00famero de fol\u00edculos entren prematuramente en la fase de reposo.<\/p>\n\n\n\n<p>Esto ocurre aproximadamente entre 2 y 3 meses despu\u00e9s del evento estresante, que es el tiempo que tardan los fol\u00edculos en completar la fase de reposo.<\/p>\n\n\n\n<p>As\u00ed que, si has pasado por una situaci\u00f3n muy estresante, como la p\u00e9rdida de un ser querido, un divorcio dif\u00edcil, la p\u00e9rdida del empleo, un cambio radical en la vida o cualquier otra situaci\u00f3n emocionalmente agotadora, es posible que empieces a notar un mayor deterioro unos meses despu\u00e9s.<\/p>\n\n\n\n<p>El estr\u00e9s f\u00edsico tambi\u00e9n influye.<\/p>\n\n\n\n<p>Las cirug\u00edas mayores, especialmente aquellas que implican anestesia general y un tiempo de recuperaci\u00f3n prolongado, son interpretadas por el cuerpo como eventos muy estresantes.<\/p>\n\n\n\n<p>Infecciones graves, fiebres muy altas que duran varios d\u00edas, accidentes, hospitalizaciones: todos estos son factores de estr\u00e9s f\u00edsico que pueden provocar ca\u00eddas.<\/p>\n\n\n\n<p>Incluso los cambios dr\u00e1sticos de peso, ya sea una p\u00e9rdida o un aumento de peso r\u00e1pidos, pueden ser lo suficientemente estresantes como para afectar al cabello.<\/p>\n\n\n\n<p>La buena noticia es que, cuando el estr\u00e9s es la causa de la ca\u00edda del cabello, suele ser temporal.<\/p>\n\n\n\n<p>Una vez superada la situaci\u00f3n estresante y recuperado el cuerpo, el crecimiento normal del cabello tiende a reanudarse espont\u00e1neamente.<\/p>\n\n\n\n<p>Pero si el estr\u00e9s es cr\u00f3nico, es decir, si se vive constantemente en un estado de estr\u00e9s elevado sin alivio, el deterioro puede volverse persistente.<\/p>\n\n\n\n<p>Los cambios dr\u00e1sticos en la dieta son otro factor desencadenante importante y a menudo subestimado.<\/p>\n\n\n\n<p>El cabello necesita una serie de nutrientes espec\u00edficos para crecer sano: prote\u00ednas, hierro, zinc, vitaminas del grupo B, vitamina D, entre otros.<\/p>\n\n\n\n<p>Cuando sigues una dieta muy restrictiva que elimina grupos de alimentos enteros o reduce dr\u00e1sticamente las calor\u00edas, es posible que tu cuerpo no reciba suficientes de estos nutrientes esenciales.<\/p>\n\n\n\n<p>Las dietas que eliminan por completo las prote\u00ednas animales sin una reposici\u00f3n adecuada pueden provocar deficiencias proteicas que afectan al cabello.<\/p>\n\n\n\n<p>Las dietas extremadamente bajas en calor\u00edas hacen que el cuerpo entre en &quot;modo de ahorro&quot;, reduciendo funciones no esenciales como el crecimiento del cabello.<\/p>\n\n\n\n<p>Las dietas que eliminan por completo las grasas pueden perjudicar la absorci\u00f3n de vitaminas liposolubles, que son importantes para el cabello.<\/p>\n\n\n\n<p>El cuerpo es inteligente y tiene un sistema de prioridades.<\/p>\n\n\n\n<p>Si los nutrientes disponibles son escasos, el cuerpo los dirigir\u00e1 primero a \u00f3rganos vitales como el coraz\u00f3n, el cerebro, el h\u00edgado y los ri\u00f1ones.<\/p>\n\n\n\n<p>El cabello es lo \u00faltimo en la lista de prioridades, por lo que es una de las primeras cosas que se resienten cuando faltan nutrientes.<\/p>\n\n\n\n<p>Las personas que siguen dietas muy restrictivas o que desarrollan trastornos alimenticios a menudo experimentan la ca\u00edda del cabello como uno de los s\u00edntomas.<\/p>\n\n\n\n<p>Los vegetarianos y veganos tambi\u00e9n deben prestar especial atenci\u00f3n para asegurarse de obtener todos los nutrientes necesarios a trav\u00e9s de fuentes vegetales o mediante la suplementaci\u00f3n adecuada.<\/p>\n\n\n\n<p>La deficiencia de hierro es particularmente com\u00fan en mujeres menstruantes, especialmente en aquellas con sangrado menstrual abundante, y puede causar una p\u00e9rdida de peso significativa.<\/p>\n\n\n\n<p>Otro punto importante es que algunas situaciones pueden no parecerte obvias, pero fueron acontecimientos significativos para tu cuerpo.<\/p>\n\n\n\n<p>Comenzar o dejar de tomar p\u00edldoras anticonceptivas es un cambio hormonal que puede desencadenar la ca\u00edda del cabello en algunas mujeres.<\/p>\n\n\n\n<p>Someterse a procedimientos de cirug\u00eda est\u00e9tica, incluso los menores, sigue siendo estresante para el cuerpo.<\/p>\n\n\n\n<p>Los episodios de gripe o COVID-19 con fiebre alta y s\u00edntomas intensos pueden ser desencadenantes.<\/p>\n\n\n\n<p>Incluso el desfase horario en viajes largos puede afectar a algunas personas m\u00e1s sensibles.<\/p>\n\n\n\n<p>Por eso es tan importante crear una cronolog\u00eda mental de los \u00faltimos seis meses a un a\u00f1o e intentar identificar si hubo alg\u00fan acontecimiento significativo.<\/p>\n\n\n\n<p>A menudo, la conexi\u00f3n entre el suceso y la ca\u00edda no es inmediata porque transcurren dos o tres meses, por lo que la persona no asocia una cosa con la otra.<\/p>\n\n\n\n<p>Pero si uno se detiene a pensar y cuenta los meses que han transcurrido, a menudo puede identificar el detonante.<\/p>\n\n\n\n<p>Si no puedes identificar ning\u00fan evento espec\u00edfico que pueda haber desencadenado la ca\u00edda, esa tambi\u00e9n es informaci\u00f3n valiosa.<\/p>\n\n\n\n<p>Esto podr\u00eda indicar que la causa no es un efluvio tel\u00f3geno reactivo a alg\u00fan evento, sino m\u00e1s bien una afecci\u00f3n cr\u00f3nica subyacente, como la alopecia androg\u00e9nica o alg\u00fan problema hormonal o nutricional que se ha estado desarrollando silenciosamente.<\/p>\n\n\n\n\n\n\n<!--nextpage-->\n\n\n<div class=\"lazyblock-fb-quiz-perguntas-Z100DES wp-block-lazyblock-fb-quiz-perguntas\">\n<div id=\"quiz_69f5ccbec053e\" class=\"quiz-container\">\n    <h3>4. \u00bfNotas alg\u00fan otro s\u00edntoma adem\u00e1s de la ca\u00edda del cabello?<\/h3>\n    \n    <div class=\"quiz-options\">\n                    <div class=\"quiz-option\" data-points=\"5\">\n                <input type=\"radio\" id=\"quiz_69f5ccbec053e_option_0\" name=\"quiz_option\" value=\"0\" class=\"quiz-radio\" data-points=\"5\">\n                <label for=\"quiz_69f5ccbec053e_option_0\" class=\"quiz-label\">\n                    Picaz\u00f3n, enrojecimiento o descamaci\u00f3n en el cuero cabelludo.                <\/label>\n            <\/div>\n                    <div class=\"quiz-option\" data-points=\"10\">\n                <input type=\"radio\" id=\"quiz_69f5ccbec053e_option_1\" name=\"quiz_option\" value=\"1\" class=\"quiz-radio\" data-points=\"10\">\n                <label for=\"quiz_69f5ccbec053e_option_1\" class=\"quiz-label\">\n                    Aumento de la grasa o acn\u00e9                <\/label>\n            <\/div>\n                    <div class=\"quiz-option\" data-points=\"15\">\n                <input type=\"radio\" id=\"quiz_69f5ccbec053e_option_2\" name=\"quiz_option\" value=\"2\" class=\"quiz-radio\" data-points=\"15\">\n                <label for=\"quiz_69f5ccbec053e_option_2\" class=\"quiz-label\">\n                    Cansancio excesivo, u\u00f1as d\u00e9biles o palidez.                <\/label>\n            <\/div>\n                    <div class=\"quiz-option\" data-points=\"20\">\n                <input type=\"radio\" id=\"quiz_69f5ccbec053e_option_3\" name=\"quiz_option\" value=\"3\" class=\"quiz-radio\" data-points=\"20\">\n                <label for=\"quiz_69f5ccbec053e_option_3\" class=\"quiz-label\">\n                    No se observan s\u00edntomas adicionales.                <\/label>\n            <\/div>\n            <\/div>\n    \n    <div class=\"quiz-navigation\">\n        <a href=\"https:\/\/mulherinteressante.net\/es\/quiz-causa-queda-cabelo\/2\/\" id=\"quiz_69f5ccbec053e_next\" class=\"quiz-btn next-question botao-cta\" style=\"background:#db4982;\">\n            Siguiente pregunta        <\/a>\n    <\/div>\n\n    <div class=\"quiz-error\" style=\"display:none\">\n        <h3>\u00a1Primero debes responder las preguntas anteriores!<\/h3>\n        <a href=\"https:\/\/mulherinteressante.net\/es\/quiz-causa-queda-cabelo\/?quiz_reset=1\" class=\"quiz-btn restart-quiz\" style=\"background:#db4982;\">\n            Iniciar prueba\n        <\/a>\n    <\/div>\n<\/div>\n\n<style>\n.quiz-container { text-align:center; padding:20px; }\n.quiz-container .quiz-options { display: flex; flex-direction: column; gap: 15px; margin: 20px 0; }\n.quiz-container .quiz-option { position: relative; width: 100%; }\n.quiz-container .quiz-radio { position: absolute; opacity: 0; width: 0; height: 0; }\n.quiz-container .quiz-label { display: block; padding: 15px 20px; background-color: #f8f8f8; border: 2px solid #e0e0e0; border-radius: 8px; cursor: pointer; transition: all 0.3s ease; font-size: 1.1em; }\n.quiz-container .quiz-radio:checked + .quiz-label { background-color: #e6f7ff; border-color: #1890ff; color: #1890ff; font-weight: bold; }\n.quiz-container .quiz-label:hover { background-color: #f0f0f0; border-color: #d0d0d0; }\n.quiz-container .quiz-btn { cursor: pointer; border-radius: 6px; font-weight: bold; transition: all 0.3s ease; display:inline-block; margin: 15px 0 5px; padding: 15px 20px; text-decoration:none!important; font-size: 1.1em; width:100%; color:#fff; }\n.quiz-container .quiz-navigation .next-question.disabled { opacity: 0.6; cursor: not-allowed; pointer-events: none; }\n<\/style>\n\n<script>\n(function() {\n    const quizId = 'quiz_69f5ccbec053e';\n    const quizContainer = document.getElementById(quizId);\n    const nextButton = document.getElementById(`${quizId}_next`);\n    const options = quizContainer.querySelectorAll('.quiz-radio');\n    const isLastQuestion = false;\n    const currentPage = 1;\n    \n    if (!sessionStorage.getItem('quizScores')) {\n        sessionStorage.setItem('quizScores', JSON.stringify({}));\n    }\n    \n    const urlParams = new URLSearchParams(window.location.search);\n    if (urlParams.has('quiz_reset')) {\n        sessionStorage.removeItem('quizScores');\n        sessionStorage.setItem('quizScores', JSON.stringify({}));\n    }\n    \n    const getTotalScore = () => {\n        const scores = JSON.parse(sessionStorage.getItem('quizScores') || '{}');\n        let total = 0;\n        Object.values(scores).forEach(score => {\n            total += parseInt(score);\n        });\n        return total;\n    };\n    \n    const updatePageScore = (points) => {\n        const scores = JSON.parse(sessionStorage.getItem('quizScores') || '{}');\n        scores[currentPage] = points;\n        sessionStorage.setItem('quizScores', JSON.stringify(scores));\n    };\n    \n    const checkPreviousPages = () => {\n        if (currentPage <= 1) return true;\n        \n        const scores = JSON.parse(sessionStorage.getItem('quizScores') || '{}');\n        for (let i = 1; i < currentPage; i++) {\n            if (scores[i] === undefined) {\n                return false;\n            }\n        }\n        return true;\n    };\n    \n    const scrollToNextButton = () => {\n        if (nextButton) {\n            const buttonRect = nextButton.getBoundingClientRect();\n            const scrollTop = window.pageYOffset || document.documentElement.scrollTop;\n            const targetPosition = buttonRect.top + scrollTop - 40;\n            window.scrollTo({\n                top: targetPosition,\n                behavior: 'smooth'\n            });\n            setTimeout(() => {\n                nextButton.focus();\n            }, 700);\n        }\n    };\n    \n    const updateResultQuery = () => {\n        if (!nextButton || !isLastQuestion) return;\n        \n        const urlString = nextButton.getAttribute('href');\n        const totalScore = getTotalScore();\n        const url = new URL(urlString, window.location.origin);\n        url.searchParams.set('qpt', totalScore);\n        nextButton.setAttribute('href', url.toString());\n    };\n    \n    if (!checkPreviousPages()) {\n        quizContainer.querySelectorAll(':scope > *:not(.quiz-error)').forEach(element => {\n            element.style.display = 'none';\n        });\n        quizContainer.querySelector('.quiz-error').style.display = 'block';\n        return;\n    }\n    \n    let selectedOption = null;\n    \n    const scores = JSON.parse(sessionStorage.getItem('quizScores') || '{}');\n    if (scores[currentPage] !== undefined) {\n        options.forEach(option => {\n            const points = parseInt(option.dataset.points);\n            if (points === parseInt(scores[currentPage])) {\n                option.checked = true;\n                selectedOption = option;\n                \n                if (nextButton) {\n                    nextButton.classList.remove('disabled');\n                    updateResultQuery();\n                }\n            }\n        });\n    } else {\n        if (nextButton) {\n            nextButton.classList.add('disabled');\n        }\n    }\n    \n    options.forEach(option => {\n        option.addEventListener('change', function() {\n            selectedOption = this;\n            const points = parseInt(this.dataset.points);\n            \n            updatePageScore(points);\n            \n            if (nextButton) {\n                nextButton.classList.remove('disabled');\n                updateResultQuery();\n                \n                setTimeout(() => {\n                    \/\/scrollToNextButton(); \/\/policy\n                }, 300);\n            }\n        });\n    });\n    \n    const restartButtons = document.querySelectorAll('.restart-quiz');\n    restartButtons.forEach(button => {\n        button.addEventListener('click', function() {\n            sessionStorage.removeItem('quizScores');\n        });\n    });\n})();\n<\/script><\/div>\n\n\n<hr class=\"wp-block-separator has-text-color has-alpha-channel-opacity has-background is-style-wide\" style=\"background-color:#dedede;color:#dedede\"\/>\n\n\n<div class='code-block code-block-4' style='margin: 8px auto; text-align: center; display: block; clear: both;'>\n<div id=\"mi_content_2_wrapper\" align=\"center\" style=\"width: 100%; margin-top: 2rem; margin-bottom: 2rem; min-height: 400px;\">\n    <div>\n        <p style=\"font-size:9px; text-transform:uppercase; text-align:center; color:#9a9a9a\">\n            Anuncios\n        <\/p>\n        <div id=\"mi_content_2\">\n        <\/div>\n    <\/div>\n<\/div><\/div>\n\n\n\n\n<h4 class=\"wp-block-heading\"><strong>S\u00edntomas adicionales y su relaci\u00f3n con la ca\u00edda del cabello<\/strong><\/h4>\n\n\n\n<p>La presencia o ausencia de otros s\u00edntomas adem\u00e1s de la ca\u00edda del cabello puede proporcionar pistas sumamente valiosas sobre lo que est\u00e1 sucediendo en su cuerpo.<\/p>\n\n\n\n<p>El cabello no existe aislado del resto del cuerpo, por lo que los problemas capilares suelen ir acompa\u00f1ados de otros signos que indican la causa principal.<\/p>\n\n\n\n<p>Analicemos cada uno de estos s\u00edntomas adicionales y qu\u00e9 pueden revelar sobre su afecci\u00f3n.<\/p>\n\n\n\n<p>Cuando experimentas picaz\u00f3n, enrojecimiento o descamaci\u00f3n en el cuero cabelludo junto con ca\u00edda del cabello, esto generalmente indica que hay un problema que se est\u00e1 produciendo directamente en el cuero cabelludo.<\/p>\n\n\n\n<p>El picor puede variar de leve a intenso, y puede ser constante o aparecer en momentos espec\u00edficos.<\/p>\n\n\n\n<p>El enrojecimiento puede ser generalizado en todo el cuero cabelludo o concentrarse en \u00e1reas espec\u00edficas.<\/p>\n\n\n\n<p>La descamaci\u00f3n puede presentarse como peque\u00f1as escamas blancas similares a la caspa, o como parches m\u00e1s grandes y gruesos de piel que se desprende.<\/p>\n\n\n\n<p>Estos s\u00edntomas apuntan a afecciones dermatol\u00f3gicas, es decir, enfermedades de la piel, que afectan directamente al cuero cabelludo.<\/p>\n\n\n\n<p>Una de las causas m\u00e1s comunes es la dermatitis seborreica, que es una inflamaci\u00f3n cr\u00f3nica de la piel que afecta a zonas ricas en gl\u00e1ndulas seb\u00e1ceas.<\/p>\n\n\n\n<p>En el cuero cabelludo, provoca descamaci\u00f3n, enrojecimiento y picaz\u00f3n, y puede contribuir a una mayor ca\u00edda del cabello en las zonas afectadas.<\/p>\n\n\n\n<p>Otra posibilidad es la psoriasis del cuero cabelludo, una afecci\u00f3n inflamatoria que provoca la aparici\u00f3n de parches gruesos de piel con escamas plateadas.<\/p>\n\n\n\n<p>La psoriasis es una enfermedad autoinmune en la que el sistema de defensa del cuerpo ataca su propia piel, lo que provoca que las c\u00e9lulas se multipliquen muy r\u00e1pidamente.<\/p>\n\n\n\n<p>Las infecciones f\u00fangicas del cuero cabelludo, aunque menos comunes en adultos, tambi\u00e9n pueden causar picaz\u00f3n, descamaci\u00f3n y ca\u00edda del cabello en \u00e1reas espec\u00edficas.<\/p>\n\n\n\n<p>Las reacciones al\u00e9rgicas a productos para el cabello, tintes, tratamientos de alisado u otros tratamientos qu\u00edmicos pueden causar dermatitis de contacto, que se manifiesta como enrojecimiento, picaz\u00f3n intensa y descamaci\u00f3n.<\/p>\n\n\n\n<p>En los casos m\u00e1s graves de inflamaci\u00f3n cr\u00f3nica del cuero cabelludo, los fol\u00edculos pilosos pueden da\u00f1arse, lo que da lugar a una afecci\u00f3n llamada alopecia cicatricial.<\/p>\n\n\n\n<p>En este tipo de alopecia, la inflamaci\u00f3n destruye permanentemente los fol\u00edculos y forma tejido cicatricial en su lugar, lo que provoca una p\u00e9rdida de cabello irreversible en esa zona.<\/p>\n\n\n\n<p>Por eso es tan importante tratar r\u00e1pidamente cualquier inflamaci\u00f3n persistente del cuero cabelludo.<\/p>\n\n\n\n<p>El segundo grupo de s\u00edntomas implica un aumento de la grasa o acn\u00e9.<\/p>\n\n\n\n<p>Si, adem\u00e1s de la ca\u00edda del cabello, nota que su cuero cabelludo est\u00e1 m\u00e1s graso de lo normal, que necesita lavarse el cabello con m\u00e1s frecuencia o que le est\u00e1 saliendo acn\u00e9 en la cara, especialmente en la mand\u00edbula y la barbilla, esto puede indicar cambios hormonales.<\/p>\n\n\n\n<p>En concreto, estos s\u00edntomas sugieren niveles elevados de andr\u00f3genos, que son hormonas que incluyen la testosterona y sus derivados.<\/p>\n\n\n\n<p>En las mujeres, los andr\u00f3genos son producidos en peque\u00f1as cantidades por los ovarios y las gl\u00e1ndulas suprarrenales.<\/p>\n\n\n\n<p>Cuando estas hormonas alcanzan niveles superiores a lo normal, estimulan las gl\u00e1ndulas seb\u00e1ceas de la piel para que produzcan m\u00e1s grasa.<\/p>\n\n\n\n<p>Esto provoca que la piel y el cabello se vuelvan m\u00e1s grasos.<\/p>\n\n\n\n<p>Los andr\u00f3genos tambi\u00e9n pueden estimular la aparici\u00f3n del acn\u00e9 porque el exceso de grasa obstruye los poros de la piel.<\/p>\n\n\n\n<p>Una afecci\u00f3n muy com\u00fan que causa este desequilibrio hormonal es el s\u00edndrome de ovario poliqu\u00edstico, conocido por sus siglas SOP.<\/p>\n\n\n\n<p>Las mujeres con s\u00edndrome de ovario poliqu\u00edstico (SOP) suelen tener niveles elevados de andr\u00f3genos, lo que puede provocar no solo acn\u00e9 y piel grasa, sino tambi\u00e9n alopecia androgen\u00e9tica (p\u00e9rdida de cabello).<\/p>\n\n\n\n<p>Otros s\u00edntomas del s\u00edndrome de ovario poliqu\u00edstico (SOP) incluyen ciclos menstruales irregulares, dificultad para quedar embarazada, aumento de peso, especialmente en la zona abdominal, y crecimiento de vello en zonas t\u00edpicamente masculinas como la cara, el pecho y el abdomen.<\/p>\n\n\n\n<p>El exceso de andr\u00f3genos tambi\u00e9n est\u00e1 directamente relacionado con la alopecia androgen\u00e9tica, ya que estas hormonas, al interactuar con los fol\u00edculos gen\u00e9ticamente sensibles, provocan la miniaturizaci\u00f3n progresiva de los fol\u00edculos pilosos.<\/p>\n\n\n\n<p>Por lo tanto, si experimentas ca\u00edda del cabello acompa\u00f1ada de un aumento de la grasa y acn\u00e9, es muy importante investigar si se est\u00e1 produciendo alg\u00fan desequilibrio hormonal.<\/p>\n\n\n\n<p>El tercer grupo de s\u00edntomas incluye fatiga excesiva, u\u00f1as d\u00e9biles o quebradizas y piel p\u00e1lida.<\/p>\n\n\n\n<p>Estos s\u00edntomas capilares, aparentemente sin relaci\u00f3n entre s\u00ed, podr\u00edan estar conectados por una causa com\u00fan: una deficiencia nutricional, especialmente la deficiencia de hierro.<\/p>\n\n\n\n<p>El hierro es un mineral esencial que desempe\u00f1a varias funciones muy importantes en el organismo.<\/p>\n\n\n\n<p>Forma parte de la hemoglobina, que es la mol\u00e9cula presente en los gl\u00f3bulos rojos responsable de transportar ox\u00edgeno desde los pulmones a todos los tejidos del cuerpo.<\/p>\n\n\n\n<p>Cuando hay deficiencia de hierro, el cuerpo no puede producir suficiente hemoglobina, lo que provoca anemia.<\/p>\n\n\n\n<p>Con menos hemoglobina, llega menos ox\u00edgeno a los tejidos, lo que provoca cansancio y fatiga intensos.<\/p>\n\n\n\n<p>La persona se siente con poca energ\u00eda incluso despu\u00e9s de haber dormido bien, tiene dificultades para realizar actividades que antes le resultaban f\u00e1ciles y puede experimentar falta de aire con un m\u00ednimo esfuerzo.<\/p>\n\n\n\n<p>La palidez se produce porque, al circular menos gl\u00f3bulos rojos, la piel pierde su color rosado saludable y se vuelve m\u00e1s p\u00e1lida, algo especialmente visible en las palmas de las manos, la parte interna de los p\u00e1rpados y las enc\u00edas.<\/p>\n\n\n\n<p>Las u\u00f1as se debilitan y se vuelven quebradizas porque, al igual que el cabello, son estructuras compuestas de prote\u00ednas que dependen de un buen suministro de nutrientes y ox\u00edgeno para crecer fuertes.<\/p>\n\n\n\n<p>Y el cabello se cae porque los fol\u00edculos pilosos necesitan ox\u00edgeno y nutrientes para funcionar correctamente.<\/p>\n\n\n\n<p>Cuando faltan estos recursos, los fol\u00edculos entran en un &quot;modo de ahorro&quot; y pueden empujar prematuramente los pelos a la fase de reposo.<\/p>\n\n\n\n<p>La deficiencia de hierro es extremadamente com\u00fan en mujeres en edad reproductiva, especialmente en aquellas con sangrado menstrual abundante, porque pierden hierro regularmente a trav\u00e9s de la sangre menstrual.<\/p>\n\n\n\n<p>Las mujeres embarazadas tambi\u00e9n corren un mayor riesgo porque el beb\u00e9 en desarrollo consume gran parte del hierro de la madre.<\/p>\n\n\n\n<p>Los vegetarianos y veganos deben prestar especial atenci\u00f3n, ya que el hierro de origen vegetal se absorbe con menos facilidad por el organismo que el hierro de origen animal.<\/p>\n\n\n\n<p>Las personas con problemas intestinales que afectan la absorci\u00f3n de nutrientes, como la enfermedad cel\u00edaca o la enfermedad de Crohn, tambi\u00e9n pueden desarrollar deficiencia de hierro.<\/p>\n\n\n\n<p>Adem\u00e1s del hierro, otras deficiencias nutricionales pueden causar s\u00edntomas similares.<\/p>\n\n\n\n<p>La deficiencia de vitamina B12 provoca cansancio, debilidad y puede afectar al cabello y las u\u00f1as.<\/p>\n\n\n\n<p>La deficiencia de zinc puede causar ca\u00edda del cabello, u\u00f1as d\u00e9biles y problemas de la piel.<\/p>\n\n\n\n<p>La deficiencia de vitamina D, que es extremadamente com\u00fan, est\u00e1 asociada con la ca\u00edda del cabello y la fatiga.<\/p>\n\n\n\n<p>Por \u00faltimo, si no presenta ning\u00fan otro s\u00edntoma adem\u00e1s de la ca\u00edda del cabello, eso tambi\u00e9n proporciona informaci\u00f3n importante.<\/p>\n\n\n\n<p>Esto podr\u00eda indicar que el problema est\u00e1 m\u00e1s localizado espec\u00edficamente en los fol\u00edculos pilosos, sin que intervengan afecciones sist\u00e9micas m\u00e1s amplias.<\/p>\n\n\n\n<p>Tambi\u00e9n puede sugerir causas puramente gen\u00e9ticas u hormonales que no producen otros s\u00edntomas evidentes.<\/p>\n\n\n\n<p>Sin embargo, conviene recordar que algunos s\u00edntomas pueden ser sutiles y pasar desapercibidos hasta que uno se detiene a prestarles atenci\u00f3n.<\/p>\n\n\n\n<p>Por lo tanto, vale la pena hacer una autoevaluaci\u00f3n honesta y observar si hay algo diferente en tu cuerpo adem\u00e1s de la ca\u00edda del cabello.<\/p>\n\n\n\n\n\n\n<!--nextpage-->\n\n\n<div class=\"lazyblock-fb-quiz-perguntas-2tEjbS wp-block-lazyblock-fb-quiz-perguntas\">\n<div id=\"quiz_69f5ccbec0d3a\" class=\"quiz-container\">\n    <h3>5. \u00bfC\u00f3mo es tu ciclo menstrual?<\/h3>\n    \n    <div class=\"quiz-options\">\n                    <div class=\"quiz-option\" data-points=\"5\">\n                <input type=\"radio\" id=\"quiz_69f5ccbec0d3a_option_0\" name=\"quiz_option\" value=\"0\" class=\"quiz-radio\" data-points=\"5\">\n                <label for=\"quiz_69f5ccbec0d3a_option_0\" class=\"quiz-label\">\n                    Irregulares o con intervalos muy largos                <\/label>\n            <\/div>\n                    <div class=\"quiz-option\" data-points=\"10\">\n                <input type=\"radio\" id=\"quiz_69f5ccbec0d3a_option_1\" name=\"quiz_option\" value=\"1\" class=\"quiz-radio\" data-points=\"10\">\n                <label for=\"quiz_69f5ccbec0d3a_option_1\" class=\"quiz-label\">\n                    Flujo muy abundante o prolongado                <\/label>\n            <\/div>\n                    <div class=\"quiz-option\" data-points=\"15\">\n                <input type=\"radio\" id=\"quiz_69f5ccbec0d3a_option_2\" name=\"quiz_option\" value=\"2\" class=\"quiz-radio\" data-points=\"15\">\n                <label for=\"quiz_69f5ccbec0d3a_option_2\" class=\"quiz-label\">\n                    Normal y regular                <\/label>\n            <\/div>\n                    <div class=\"quiz-option\" data-points=\"20\">\n                <input type=\"radio\" id=\"quiz_69f5ccbec0d3a_option_3\" name=\"quiz_option\" value=\"3\" class=\"quiz-radio\" data-points=\"20\">\n                <label for=\"quiz_69f5ccbec0d3a_option_3\" class=\"quiz-label\">\n                    \u00bfEstoy pasando por la menopausia o ya no menstruo?                <\/label>\n            <\/div>\n            <\/div>\n    \n    <div class=\"quiz-navigation\">\n        <a href=\"https:\/\/mulherinteressante.net\/es\/quiz-causa-queda-cabelo\/2\/\" id=\"quiz_69f5ccbec0d3a_next\" class=\"quiz-btn next-question botao-cta\" style=\"background:#db4982;\">\n            Siguiente pregunta        <\/a>\n    <\/div>\n\n    <div class=\"quiz-error\" style=\"display:none\">\n        <h3>\u00a1Primero debes responder las preguntas anteriores!<\/h3>\n        <a href=\"https:\/\/mulherinteressante.net\/es\/quiz-causa-queda-cabelo\/?quiz_reset=1\" class=\"quiz-btn restart-quiz\" style=\"background:#db4982;\">\n            Iniciar prueba\n        <\/a>\n    <\/div>\n<\/div>\n\n<style>\n.quiz-container { text-align:center; padding:20px; }\n.quiz-container .quiz-options { display: flex; flex-direction: column; gap: 15px; margin: 20px 0; }\n.quiz-container .quiz-option { position: relative; width: 100%; }\n.quiz-container .quiz-radio { position: absolute; opacity: 0; width: 0; height: 0; }\n.quiz-container .quiz-label { display: block; padding: 15px 20px; background-color: #f8f8f8; border: 2px solid #e0e0e0; border-radius: 8px; cursor: pointer; transition: all 0.3s ease; font-size: 1.1em; }\n.quiz-container .quiz-radio:checked + .quiz-label { background-color: #e6f7ff; border-color: #1890ff; color: #1890ff; font-weight: bold; }\n.quiz-container .quiz-label:hover { background-color: #f0f0f0; border-color: #d0d0d0; }\n.quiz-container .quiz-btn { cursor: pointer; border-radius: 6px; font-weight: bold; transition: all 0.3s ease; display:inline-block; margin: 15px 0 5px; padding: 15px 20px; text-decoration:none!important; font-size: 1.1em; width:100%; color:#fff; }\n.quiz-container .quiz-navigation .next-question.disabled { opacity: 0.6; cursor: not-allowed; pointer-events: none; }\n<\/style>\n\n<script>\n(function() {\n    const quizId = 'quiz_69f5ccbec0d3a';\n    const quizContainer = document.getElementById(quizId);\n    const nextButton = document.getElementById(`${quizId}_next`);\n    const options = quizContainer.querySelectorAll('.quiz-radio');\n    const isLastQuestion = false;\n    const currentPage = 1;\n    \n    if (!sessionStorage.getItem('quizScores')) {\n        sessionStorage.setItem('quizScores', JSON.stringify({}));\n    }\n    \n    const urlParams = new URLSearchParams(window.location.search);\n    if (urlParams.has('quiz_reset')) {\n        sessionStorage.removeItem('quizScores');\n        sessionStorage.setItem('quizScores', JSON.stringify({}));\n    }\n    \n    const getTotalScore = () => {\n        const scores = JSON.parse(sessionStorage.getItem('quizScores') || '{}');\n        let total = 0;\n        Object.values(scores).forEach(score => {\n            total += parseInt(score);\n        });\n        return total;\n    };\n    \n    const updatePageScore = (points) => {\n        const scores = JSON.parse(sessionStorage.getItem('quizScores') || '{}');\n        scores[currentPage] = points;\n        sessionStorage.setItem('quizScores', JSON.stringify(scores));\n    };\n    \n    const checkPreviousPages = () => {\n        if (currentPage <= 1) return true;\n        \n        const scores = JSON.parse(sessionStorage.getItem('quizScores') || '{}');\n        for (let i = 1; i < currentPage; i++) {\n            if (scores[i] === undefined) {\n                return false;\n            }\n        }\n        return true;\n    };\n    \n    const scrollToNextButton = () => {\n        if (nextButton) {\n            const buttonRect = nextButton.getBoundingClientRect();\n            const scrollTop = window.pageYOffset || document.documentElement.scrollTop;\n            const targetPosition = buttonRect.top + scrollTop - 40;\n            window.scrollTo({\n                top: targetPosition,\n                behavior: 'smooth'\n            });\n            setTimeout(() => {\n                nextButton.focus();\n            }, 700);\n        }\n    };\n    \n    const updateResultQuery = () => {\n        if (!nextButton || !isLastQuestion) return;\n        \n        const urlString = nextButton.getAttribute('href');\n        const totalScore = getTotalScore();\n        const url = new URL(urlString, window.location.origin);\n        url.searchParams.set('qpt', totalScore);\n        nextButton.setAttribute('href', url.toString());\n    };\n    \n    if (!checkPreviousPages()) {\n        quizContainer.querySelectorAll(':scope > *:not(.quiz-error)').forEach(element => {\n            element.style.display = 'none';\n        });\n        quizContainer.querySelector('.quiz-error').style.display = 'block';\n        return;\n    }\n    \n    let selectedOption = null;\n    \n    const scores = JSON.parse(sessionStorage.getItem('quizScores') || '{}');\n    if (scores[currentPage] !== undefined) {\n        options.forEach(option => {\n            const points = parseInt(option.dataset.points);\n            if (points === parseInt(scores[currentPage])) {\n                option.checked = true;\n                selectedOption = option;\n                \n                if (nextButton) {\n                    nextButton.classList.remove('disabled');\n                    updateResultQuery();\n                }\n            }\n        });\n    } else {\n        if (nextButton) {\n            nextButton.classList.add('disabled');\n        }\n    }\n    \n    options.forEach(option => {\n        option.addEventListener('change', function() {\n            selectedOption = this;\n            const points = parseInt(this.dataset.points);\n            \n            updatePageScore(points);\n            \n            if (nextButton) {\n                nextButton.classList.remove('disabled');\n                updateResultQuery();\n                \n                setTimeout(() => {\n                    \/\/scrollToNextButton(); \/\/policy\n                }, 300);\n            }\n        });\n    });\n    \n    const restartButtons = document.querySelectorAll('.restart-quiz');\n    restartButtons.forEach(button => {\n        button.addEventListener('click', function() {\n            sessionStorage.removeItem('quizScores');\n        });\n    });\n})();\n<\/script><\/div>\n\n\n<hr class=\"wp-block-separator has-text-color has-alpha-channel-opacity has-background is-style-wide\" style=\"background-color:#dedede;color:#dedede\"\/>\n\n\n<div class='code-block code-block-4' style='margin: 8px auto; text-align: center; display: block; clear: both;'>\n<div id=\"mi_content_2_wrapper\" align=\"center\" style=\"width: 100%; margin-top: 2rem; margin-bottom: 2rem; min-height: 400px;\">\n    <div>\n        <p style=\"font-size:9px; text-transform:uppercase; text-align:center; color:#9a9a9a\">\n            Anuncios\n        <\/p>\n        <div id=\"mi_content_2\">\n        <\/div>\n    <\/div>\n<\/div><\/div>\n\n\n\n\n<h4 class=\"wp-block-heading\"><strong>La relaci\u00f3n entre las hormonas y la salud del cabello<\/strong><\/h4>\n\n\n\n<p>Las hormonas son sustancias qu\u00edmicas producidas por diferentes gl\u00e1ndulas del cuerpo que funcionan como mensajeras, enviando instrucciones a diversos \u00f3rganos y tejidos sobre c\u00f3mo deben funcionar.<\/p>\n\n\n\n<p>Estos mensajeros qu\u00edmicos controlan pr\u00e1cticamente todo en nuestro organismo, desde el crecimiento y el desarrollo hasta el estado de \u00e1nimo, el metabolismo e incluso la salud del cabello.<\/p>\n\n\n\n<p>Los fol\u00edculos pilosos son extremadamente sensibles a las fluctuaciones hormonales, por lo que los cambios en los niveles hormonales pueden tener un impacto directo y significativo en el crecimiento y la ca\u00edda del cabello.<\/p>\n\n\n\n<p>En las mujeres, las hormonas m\u00e1s importantes relacionadas con el cabello son el estr\u00f3geno, la progesterona y los andr\u00f3genos.<\/p>\n\n\n\n<p>El estr\u00f3geno se considera la hormona beneficiosa para el cabello porque prolonga la fase de crecimiento, manteniendo as\u00ed m\u00e1s cabello en la cabeza durante m\u00e1s tiempo.<\/p>\n\n\n\n<p>Cuando los niveles de estr\u00f3geno son adecuados, el cabello tiende a ser m\u00e1s abundante, brillante y a crecer m\u00e1s sano.<\/p>\n\n\n\n<p>La progesterona tambi\u00e9n desempe\u00f1a un papel protector, aunque menos pronunciado que el estr\u00f3geno.<\/p>\n\n\n\n<p>Los andr\u00f3genos, que incluyen hormonas como la testosterona y la DHT, pueden tener un efecto negativo en el cabello cuando se encuentran en niveles elevados o cuando los fol\u00edculos son gen\u00e9ticamente sensibles a ellos.<\/p>\n\n\n\n<p>El ciclo menstrual es una ventana directa para comprender c\u00f3mo funcionan tus hormonas.<\/p>\n\n\n\n<p>Un ciclo menstrual normal y regular indica que las hormonas se producen y liberan de forma equilibrada y coordinada.<\/p>\n\n\n\n<p>El ciclo t\u00edpico dura entre 25 y 35 d\u00edas, con una menstruaci\u00f3n que dura entre 3 y 7 d\u00edas.<\/p>\n\n\n\n<p>Si tu ciclo menstrual sigue este patr\u00f3n de forma constante mes tras mes, es una buena se\u00f1al de que tus hormonas reproductivas est\u00e1n funcionando correctamente.<\/p>\n\n\n\n<p>Sin embargo, cuando el ciclo menstrual se vuelve irregular, esto puede ser un indicio de desequilibrios hormonales que tambi\u00e9n afectan al cabello.<\/p>\n\n\n\n<p>Los ciclos irregulares son aquellos que var\u00edan mucho de un mes a otro, a veces llegando muy pronto, a veces muy tarde, o incluso salt\u00e1ndose meses enteros.<\/p>\n\n\n\n<p>Los intervalos muy largos entre periodos menstruales, que superan sistem\u00e1ticamente los 35 d\u00edas, tambi\u00e9n se consideran irregulares.<\/p>\n\n\n\n<p>Una de las causas m\u00e1s comunes de ciclos irregulares es el s\u00edndrome de ovario poliqu\u00edstico, que ya mencionamos anteriormente.<\/p>\n\n\n\n<p>En el s\u00edndrome de ovario poliqu\u00edstico (SOP), los ovarios producen un exceso de andr\u00f3genos, lo que interfiere con el proceso normal de ovulaci\u00f3n.<\/p>\n\n\n\n<p>Sin una ovulaci\u00f3n regular, los ciclos se vuelven irregulares y pueden presentarse intervalos de dos, tres o incluso m\u00e1s meses sin menstruaci\u00f3n.<\/p>\n\n\n\n<p>Estos mismos niveles elevados de andr\u00f3genos que causan irregularidades menstruales tambi\u00e9n pueden causar alopecia androgen\u00e9tica (p\u00e9rdida de cabello).<\/p>\n\n\n\n<p>Las mujeres con s\u00edndrome de ovario poliqu\u00edstico (SOP) suelen notar que el cabello de su cuero cabelludo se vuelve m\u00e1s fino, mientras que les crece vello no deseado en otras zonas del cuerpo.<\/p>\n\n\n\n<p>Otros problemas hormonales tambi\u00e9n pueden causar irregularidades menstruales.<\/p>\n\n\n\n<p>Los cambios en la gl\u00e1ndula tiroides, ya sea hipertiroidismo (cuando la gl\u00e1ndula tiroides es hiperactiva) o hipotiroidismo (cuando es hipoactiva), pueden alterar el ciclo menstrual.<\/p>\n\n\n\n<p>La tiroides produce hormonas que regulan el metabolismo de todo el cuerpo, incluida la funci\u00f3n de los ovarios.<\/p>\n\n\n\n<p>Cuando la gl\u00e1ndula tiroides no funciona correctamente, se produce un efecto domin\u00f3 que tambi\u00e9n afecta a las hormonas reproductivas.<\/p>\n\n\n\n<p>Tanto el hipertiroidismo como el hipotiroidismo pueden causar ca\u00edda del cabello, ya que las hormonas tiroideas son esenciales para el correcto funcionamiento de los fol\u00edculos pilosos.<\/p>\n\n\n\n<p>Los niveles muy elevados de prolactina, la hormona responsable de la producci\u00f3n de leche materna, tambi\u00e9n pueden causar irregularidades menstruales, incluso en mujeres que no est\u00e1n amamantando.<\/p>\n\n\n\n<p>Esta elevaci\u00f3n puede deberse a ciertos medicamentos, tumores benignos en la gl\u00e1ndula pituitaria o estr\u00e9s cr\u00f3nico.<\/p>\n\n\n\n<p>El sangrado menstrual muy abundante o prolongado es otro signo importante que puede estar relacionado con la ca\u00edda del cabello.<\/p>\n\n\n\n<p>Se considera que un flujo menstrual es abundante cuando necesitas cambiarte las compresas o la copa menstrual con mucha frecuencia, cuando el sangrado dura m\u00e1s de siete d\u00edas o cuando expulsas co\u00e1gulos grandes.<\/p>\n\n\n\n<p>Este tipo de menstruaci\u00f3n provoca una p\u00e9rdida de sangre significativa cada mes, y junto con la sangre se pierde hierro.<\/p>\n\n\n\n<p>Como ya hemos explicado, el hierro es esencial para la producci\u00f3n de hemoglobina y para el transporte de ox\u00edgeno en el organismo.<\/p>\n\n\n\n<p>Cuando se pierde mucha sangre mensualmente debido a menstruaciones abundantes, es posible que el cuerpo no pueda reponer el hierro perdido, incluso si la dieta es adecuada.<\/p>\n\n\n\n<p>Con el tiempo, esto provoca una deficiencia de hierro que puede llegar a convertirse en anemia.<\/p>\n\n\n\n<p>Adem\u00e1s, la deficiencia de hierro, incluso antes de causar anemia, puede provocar una p\u00e9rdida de cabello significativa.<\/p>\n\n\n\n<p>Los fol\u00edculos pilosos necesitan un suministro constante de ox\u00edgeno y nutrientes para producir cabello sano.<\/p>\n\n\n\n<p>Cuando hay deficiencia de hierro, este suministro se ve comprometido y los fol\u00edculos no pueden funcionar correctamente.<\/p>\n\n\n\n<p>Existen varias causas posibles para una menstruaci\u00f3n muy abundante.<\/p>\n\n\n\n<p>Los fibromas uterinos, que son tumores benignos que crecen en la pared del \u00fatero, son una causa com\u00fan.<\/p>\n\n\n\n<p>Los p\u00f3lipos endometriales, que son crecimientos en el revestimiento interno del \u00fatero, tambi\u00e9n pueden causar un aumento del sangrado.<\/p>\n\n\n\n<p>La adenomiosis, una afecci\u00f3n en la que el tejido endometrial crece dentro de la pared muscular del \u00fatero, suele provocar menstruaciones muy abundantes y dolorosas.<\/p>\n\n\n\n<p>Aunque menos frecuentes, los trastornos de la coagulaci\u00f3n sangu\u00ednea tambi\u00e9n pueden ser la causa del sangrado menstrual excesivo.<\/p>\n\n\n\n<p>Si tienes menstruaciones muy abundantes acompa\u00f1adas de ca\u00edda del cabello, es importante investigar ambos problemas simult\u00e1neamente.<\/p>\n\n\n\n<p>Tratar la causa del sangrado excesivo no solo mejora tu calidad de vida mensual, sino que tambi\u00e9n puede resolver la deficiencia de hierro y, en consecuencia, ayudar al crecimiento del cabello.<\/p>\n\n\n\n<p>La menopausia representa otra fase importante de cambios hormonales que afecta profundamente al cabello.<\/p>\n\n\n\n<p>La menopausia es el momento en que los ovarios dejan de funcionar y de producir estr\u00f3geno y progesterona.<\/p>\n\n\n\n<p>T\u00e9cnicamente, la menopausia se diagnostica despu\u00e9s de que una mujer ha pasado 12 meses consecutivos sin menstruar.<\/p>\n\n\n\n<p>La edad promedio de la menopausia es alrededor de los 51 a\u00f1os, pero puede ocurrir de forma natural en cualquier momento entre los 45 y los 55 a\u00f1os.<\/p>\n\n\n\n<p>Cuando los niveles de estr\u00f3geno disminuyen dr\u00e1sticamente durante la menopausia, el cabello pierde el efecto protector que le proporcionaba el estr\u00f3geno.<\/p>\n\n\n\n<p>Los fol\u00edculos pilosos entran m\u00e1s f\u00e1cilmente en la fase de reposo, la fase de crecimiento se acorta y el cabello se vuelve m\u00e1s fino y d\u00e9bil.<\/p>\n\n\n\n<p>Adem\u00e1s, al haber menos estr\u00f3geno para contrarrestarlo, los andr\u00f3genos que siguen produciendo las gl\u00e1ndulas suprarrenales acaban teniendo una influencia proporcionalmente mayor.<\/p>\n\n\n\n<p>Aunque los niveles absolutos de andr\u00f3genos no aumenten, la proporci\u00f3n entre andr\u00f3genos y estr\u00f3genos cambia dr\u00e1sticamente.<\/p>\n\n\n\n<p>En mujeres gen\u00e9ticamente predispuestas a la alopecia androg\u00e9nica, este cambio en los niveles hormonales puede revelar o acelerar el problema.<\/p>\n\n\n\n<p>Muchas mujeres que nunca antes hab\u00edan tenido problemas capilares comienzan a notar que su cabello se debilita despu\u00e9s de la menopausia.<\/p>\n\n\n\n<p>La terapia de reemplazo hormonal, cuando est\u00e1 indicada y es prescrita por un m\u00e9dico, puede ayudar a aliviar algunos de estos efectos en el cabello.<\/p>\n\n\n\n<p>Sin embargo, no todas las mujeres son candidatas a la terapia de reemplazo hormonal, ya que existen contraindicaciones y riesgos que deben evaluarse cuidadosamente.<\/p>\n\n\n\n<p>Algunas mujeres dejan de menstruar por razones distintas a la menopausia natural.<\/p>\n\n\n\n<p>La menopausia precoz, que se produce antes de los 40 a\u00f1os, puede ser causada por factores gen\u00e9ticos, enfermedades autoinmunes, quimioterapia o radioterapia.<\/p>\n\n\n\n<p>Las cirug\u00edas que extirpan los ovarios tambi\u00e9n provocan una menopausia quir\u00fargica inmediata.<\/p>\n\n\n\n<p>Ciertas afecciones m\u00e9dicas o tratamientos pueden suprimir temporalmente la menstruaci\u00f3n, como el ejercicio f\u00edsico extremo, la p\u00e9rdida de peso severa, los trastornos alimenticios o el estr\u00e9s muy intenso.<\/p>\n\n\n\n<p>Todos estos escenarios implican cambios hormonales significativos que pueden afectar al cabello.<\/p>\n\n\n\n<p>Tambi\u00e9n es importante mencionar el uso de anticonceptivos hormonales y su relaci\u00f3n con el cabello.<\/p>\n\n\n\n<p>Las p\u00edldoras anticonceptivas contienen versiones sint\u00e9ticas de estr\u00f3geno y progesterona que suprimen la ovulaci\u00f3n natural.<\/p>\n\n\n\n<p>Algunas f\u00f3rmulas en pastillas pueden mejorar el cabello, especialmente aquellas que contienen progest\u00e1genos con poca o ninguna actividad androg\u00e9nica.<\/p>\n\n\n\n<p>Estas pastillas incluso pueden recetarse como parte del tratamiento para la alopecia androgen\u00e9tica en mujeres.<\/p>\n\n\n\n<p>Por otro lado, las p\u00edldoras con progest\u00e1genos que tienen una actividad m\u00e1s androg\u00e9nica pueden empeorar la ca\u00edda del cabello en mujeres predispuestas.<\/p>\n\n\n\n<p>Adem\u00e1s, tanto el inicio como la interrupci\u00f3n de las p\u00edldoras anticonceptivas representan un cambio hormonal que puede desencadenar una ca\u00edda temporal del cabello similar al efluvio tel\u00f3geno.<\/p>\n\n\n\n<p>Dadas todas estas conexiones entre las hormonas reproductivas y la salud del cabello, cualquier irregularidad menstrual que est\u00e9s experimentando merece atenci\u00f3n.<\/p>\n\n\n\n<p>No solo es importante para la salud del cabello, sino tambi\u00e9n porque puede indicar desequilibrios que afectan a la salud en general.<\/p>\n\n\n\n<p>Si tienes ciclos irregulares, menstruaciones muy abundantes o cualquier otro cambio en tu patr\u00f3n menstrual junto con la ca\u00edda del cabello, vale la pena investigarlo con an\u00e1lisis hormonales completos.<\/p>\n\n\n\n\n\n\n<!--nextpage-->\n\n\n<div class=\"lazyblock-fb-quiz-perguntas-Z2k0gr2 wp-block-lazyblock-fb-quiz-perguntas\">\n<div id=\"quiz_69f5ccbec1639\" class=\"quiz-container\">\n    <h3>6. \u00bfExiste alg\u00fan antecedente de ca\u00edda del cabello en su familia?<\/h3>\n    \n    <div class=\"quiz-options\">\n                    <div class=\"quiz-option\" data-points=\"5\">\n                <input type=\"radio\" id=\"quiz_69f5ccbec1639_option_0\" name=\"quiz_option\" value=\"0\" class=\"quiz-radio\" data-points=\"5\">\n                <label for=\"quiz_69f5ccbec1639_option_0\" class=\"quiz-label\">\n                    S\u00ed, mi madre o mi abuela tienen el pelo fino.                <\/label>\n            <\/div>\n                    <div class=\"quiz-option\" data-points=\"10\">\n                <input type=\"radio\" id=\"quiz_69f5ccbec1639_option_1\" name=\"quiz_option\" value=\"1\" class=\"quiz-radio\" data-points=\"10\">\n                <label for=\"quiz_69f5ccbec1639_option_1\" class=\"quiz-label\">\n                    S\u00ed, mi padre o mi abuelo son calvos.                <\/label>\n            <\/div>\n                    <div class=\"quiz-option\" data-points=\"15\">\n                <input type=\"radio\" id=\"quiz_69f5ccbec1639_option_2\" name=\"quiz_option\" value=\"2\" class=\"quiz-radio\" data-points=\"15\">\n                <label for=\"quiz_69f5ccbec1639_option_2\" class=\"quiz-label\">\n                    S\u00ed, pero para un tipo de cabello diferente.                <\/label>\n            <\/div>\n                    <div class=\"quiz-option\" data-points=\"20\">\n                <input type=\"radio\" id=\"quiz_69f5ccbec1639_option_3\" name=\"quiz_option\" value=\"3\" class=\"quiz-radio\" data-points=\"20\">\n                <label for=\"quiz_69f5ccbec1639_option_3\" class=\"quiz-label\">\n                    No tengo antecedentes familiares.                <\/label>\n            <\/div>\n            <\/div>\n    \n    <div class=\"quiz-navigation\">\n        <a href=\"https:\/\/mulherinteressante.net\/es\/quiz-causa-queda-cabelo\/2\/\" id=\"quiz_69f5ccbec1639_next\" class=\"quiz-btn next-question botao-cta\" style=\"background:#db4982;\">\n            Siguiente pregunta        <\/a>\n    <\/div>\n\n    <div class=\"quiz-error\" style=\"display:none\">\n        <h3>\u00a1Primero debes responder las preguntas anteriores!<\/h3>\n        <a href=\"https:\/\/mulherinteressante.net\/es\/quiz-causa-queda-cabelo\/?quiz_reset=1\" class=\"quiz-btn restart-quiz\" style=\"background:#db4982;\">\n            Iniciar prueba\n        <\/a>\n    <\/div>\n<\/div>\n\n<style>\n.quiz-container { text-align:center; padding:20px; }\n.quiz-container .quiz-options { display: flex; flex-direction: column; gap: 15px; margin: 20px 0; }\n.quiz-container .quiz-option { position: relative; width: 100%; }\n.quiz-container .quiz-radio { position: absolute; opacity: 0; width: 0; height: 0; }\n.quiz-container .quiz-label { display: block; padding: 15px 20px; background-color: #f8f8f8; border: 2px solid #e0e0e0; border-radius: 8px; cursor: pointer; transition: all 0.3s ease; font-size: 1.1em; }\n.quiz-container .quiz-radio:checked + .quiz-label { background-color: #e6f7ff; border-color: #1890ff; color: #1890ff; font-weight: bold; }\n.quiz-container .quiz-label:hover { background-color: #f0f0f0; border-color: #d0d0d0; }\n.quiz-container .quiz-btn { cursor: pointer; border-radius: 6px; font-weight: bold; transition: all 0.3s ease; display:inline-block; margin: 15px 0 5px; padding: 15px 20px; text-decoration:none!important; font-size: 1.1em; width:100%; color:#fff; }\n.quiz-container .quiz-navigation .next-question.disabled { opacity: 0.6; cursor: not-allowed; pointer-events: none; }\n<\/style>\n\n<script>\n(function() {\n    const quizId = 'quiz_69f5ccbec1639';\n    const quizContainer = document.getElementById(quizId);\n    const nextButton = document.getElementById(`${quizId}_next`);\n    const options = quizContainer.querySelectorAll('.quiz-radio');\n    const isLastQuestion = false;\n    const currentPage = 1;\n    \n    if (!sessionStorage.getItem('quizScores')) {\n        sessionStorage.setItem('quizScores', JSON.stringify({}));\n    }\n    \n    const urlParams = new URLSearchParams(window.location.search);\n    if (urlParams.has('quiz_reset')) {\n        sessionStorage.removeItem('quizScores');\n        sessionStorage.setItem('quizScores', JSON.stringify({}));\n    }\n    \n    const getTotalScore = () => {\n        const scores = JSON.parse(sessionStorage.getItem('quizScores') || '{}');\n        let total = 0;\n        Object.values(scores).forEach(score => {\n            total += parseInt(score);\n        });\n        return total;\n    };\n    \n    const updatePageScore = (points) => {\n        const scores = JSON.parse(sessionStorage.getItem('quizScores') || '{}');\n        scores[currentPage] = points;\n        sessionStorage.setItem('quizScores', JSON.stringify(scores));\n    };\n    \n    const checkPreviousPages = () => {\n        if (currentPage <= 1) return true;\n        \n        const scores = JSON.parse(sessionStorage.getItem('quizScores') || '{}');\n        for (let i = 1; i < currentPage; i++) {\n            if (scores[i] === undefined) {\n                return false;\n            }\n        }\n        return true;\n    };\n    \n    const scrollToNextButton = () => {\n        if (nextButton) {\n            const buttonRect = nextButton.getBoundingClientRect();\n            const scrollTop = window.pageYOffset || document.documentElement.scrollTop;\n            const targetPosition = buttonRect.top + scrollTop - 40;\n            window.scrollTo({\n                top: targetPosition,\n                behavior: 'smooth'\n            });\n            setTimeout(() => {\n                nextButton.focus();\n            }, 700);\n        }\n    };\n    \n    const updateResultQuery = () => {\n        if (!nextButton || !isLastQuestion) return;\n        \n        const urlString = nextButton.getAttribute('href');\n        const totalScore = getTotalScore();\n        const url = new URL(urlString, window.location.origin);\n        url.searchParams.set('qpt', totalScore);\n        nextButton.setAttribute('href', url.toString());\n    };\n    \n    if (!checkPreviousPages()) {\n        quizContainer.querySelectorAll(':scope > *:not(.quiz-error)').forEach(element => {\n            element.style.display = 'none';\n        });\n        quizContainer.querySelector('.quiz-error').style.display = 'block';\n        return;\n    }\n    \n    let selectedOption = null;\n    \n    const scores = JSON.parse(sessionStorage.getItem('quizScores') || '{}');\n    if (scores[currentPage] !== undefined) {\n        options.forEach(option => {\n            const points = parseInt(option.dataset.points);\n            if (points === parseInt(scores[currentPage])) {\n                option.checked = true;\n                selectedOption = option;\n                \n                if (nextButton) {\n                    nextButton.classList.remove('disabled');\n                    updateResultQuery();\n                }\n            }\n        });\n    } else {\n        if (nextButton) {\n            nextButton.classList.add('disabled');\n        }\n    }\n    \n    options.forEach(option => {\n        option.addEventListener('change', function() {\n            selectedOption = this;\n            const points = parseInt(this.dataset.points);\n            \n            updatePageScore(points);\n            \n            if (nextButton) {\n                nextButton.classList.remove('disabled');\n                updateResultQuery();\n                \n                setTimeout(() => {\n                    \/\/scrollToNextButton(); \/\/policy\n                }, 300);\n            }\n        });\n    });\n    \n    const restartButtons = document.querySelectorAll('.restart-quiz');\n    restartButtons.forEach(button => {\n        button.addEventListener('click', function() {\n            sessionStorage.removeItem('quizScores');\n        });\n    });\n})();\n<\/script><\/div>\n\n\n<hr class=\"wp-block-separator has-text-color has-alpha-channel-opacity has-background is-style-wide\" style=\"background-color:#dedede;color:#dedede\"\/>\n\n\n<div class='code-block code-block-4' style='margin: 8px auto; text-align: center; display: block; clear: both;'>\n<div id=\"mi_content_2_wrapper\" align=\"center\" style=\"width: 100%; margin-top: 2rem; margin-bottom: 2rem; min-height: 400px;\">\n    <div>\n        <p style=\"font-size:9px; text-transform:uppercase; text-align:center; color:#9a9a9a\">\n            Anuncios\n        <\/p>\n        <div id=\"mi_content_2\">\n        <\/div>\n    <\/div>\n<\/div><\/div>\n\n\n\n\n<h4 class=\"wp-block-heading\"><strong>C\u00f3mo influye la gen\u00e9tica en la ca\u00edda del cabello<\/strong><\/h4>\n\n\n\n<p>La gen\u00e9tica es la ciencia que estudia c\u00f3mo se transmiten los rasgos de padres a hijos a trav\u00e9s de los genes.<\/p>\n\n\n\n<p>Los genes son peque\u00f1as unidades de informaci\u00f3n contenidas en el ADN que llevan instrucciones sobre c\u00f3mo deben construirse nuestros cuerpos y c\u00f3mo deben funcionar.<\/p>\n\n\n\n<p>Heredas la mitad de tus genes de tu madre y la otra mitad de tu padre, y esta combinaci\u00f3n \u00fanica determina muchas de tus caracter\u00edsticas f\u00edsicas, incluyendo aspectos relacionados con tu cabello.<\/p>\n\n\n\n<p>La influencia gen\u00e9tica en la ca\u00edda del cabello es sumamente importante y puede determinar no solo si se desarrollar\u00e1 un determinado tipo de ca\u00edda del cabello, sino tambi\u00e9n cu\u00e1ndo podr\u00eda comenzar y cu\u00e1n intensa podr\u00eda ser su progresi\u00f3n.<\/p>\n\n\n\n<p>Comprender los antecedentes familiares de problemas capilares proporciona pistas valiosas sobre el riesgo individual de cada persona.<\/p>\n\n\n\n<p>La alopecia androgen\u00e9tica, tambi\u00e9n conocida como calvicie de patr\u00f3n femenino o masculino, es la forma m\u00e1s com\u00fan de p\u00e9rdida de cabello y tiene un fuerte componente gen\u00e9tico.<\/p>\n\n\n\n<p>Contrariamente a lo que mucha gente piensa, esta afecci\u00f3n no se hereda simplemente de uno solo de los padres.<\/p>\n\n\n\n<p>De hecho, la alopecia androg\u00e9nica es lo que llamamos herencia polig\u00e9nica, lo que significa que implica la acci\u00f3n conjunta de m\u00faltiples genes diferentes.<\/p>\n\n\n\n<p>Puedes heredar genes de riesgo tanto del lado materno como del paterno de la familia.<\/p>\n\n\n\n<p>Antiguamente se cre\u00eda que la calvicie se heredaba principalmente por v\u00eda materna, a trav\u00e9s del cromosoma X.<\/p>\n\n\n\n<p>Si bien es cierto que uno de los principales genes relacionados con la calvicie se encuentra en el cromosoma X, que proviene de la madre, estudios m\u00e1s recientes han identificado muchos otros genes en diferentes cromosomas que tambi\u00e9n contribuyen.<\/p>\n\n\n\n<p>Esto significa que puedes heredar la predisposici\u00f3n tanto de tu madre como de tu padre.<\/p>\n\n\n\n<p>Si tu madre, abuela materna, t\u00edas maternas u otras mujeres de la familia materna tienen el cabello debilitado o una p\u00e9rdida de cabello progresiva, esto indica que es posible que se est\u00e9n transmitiendo genes relacionados con la alopecia androgen\u00e9tica en ese linaje.<\/p>\n\n\n\n<p>Dado que heredaste cromosomas de tu madre, existe una probabilidad significativa de que tambi\u00e9n hayas heredado estos genes de susceptibilidad.<\/p>\n\n\n\n<p>Sin embargo, heredar los genes no significa necesariamente que se vaya a desarrollar el problema con la misma intensidad o a la misma edad.<\/p>\n\n\n\n<p>La expresi\u00f3n g\u00e9nica, es decir, cu\u00e1ndo y c\u00f3mo se manifiestan los genes, puede variar de persona a persona.<\/p>\n\n\n\n<p>Es posible que hayas heredado los genes, pero que desarrolles la enfermedad de forma m\u00e1s leve, o que tarde m\u00e1s en aparecer.<\/p>\n\n\n\n<p>Si tu padre, abuelo paterno o alg\u00fan pariente masculino por parte de tu padre padece calvicie, esto tambi\u00e9n aumenta tu riesgo.<\/p>\n\n\n\n<p>Los hombres suelen manifestar la alopecia androgen\u00e9tica de forma m\u00e1s dr\u00e1stica que las mujeres, con ese patr\u00f3n caracter\u00edstico de retroceso de la l\u00ednea del cabello y calvicie en la coronilla.<\/p>\n\n\n\n<p>Pero los genes que causan la calvicie masculina son esencialmente los mismos que causan la calvicie femenina; simplemente se expresan de manera diferente debido a las diferencias hormonales entre hombres y mujeres.<\/p>\n\n\n\n<p>Las mujeres que tienen antecedentes maternos y paternos de problemas capilares tienen un riesgo a\u00fan mayor de desarrollar alopecia androgen\u00e9tica.<\/p>\n\n\n\n<p>Es importante comprender que los genes que heredas determinan la sensibilidad de tus fol\u00edculos pilosos a las hormonas andr\u00f3genas.<\/p>\n\n\n\n<p>Todos tenemos andr\u00f3genos circulando en nuestro cuerpo, pero no todos tenemos fol\u00edculos gen\u00e9ticamente programados para reaccionar negativamente a estas hormonas.<\/p>\n\n\n\n<p>Si usted ha heredado genes que hacen que sus fol\u00edculos sean sensibles, cuando los andr\u00f3genos interact\u00faan con estos fol\u00edculos, desencadenan un proceso de miniaturizaci\u00f3n progresiva.<\/p>\n\n\n\n<p>Con cada nuevo ciclo de crecimiento, el fol\u00edculo produce un cabello ligeramente m\u00e1s fino y corto que el anterior.<\/p>\n\n\n\n<p>Con el tiempo, los pelos se vuelven tan finos que parecen casi invisibles, como el vello de un beb\u00e9.<\/p>\n\n\n\n<p>En casos avanzados, los fol\u00edculos pueden llegar a dejar de producir pelos visibles por completo, aunque t\u00e9cnicamente sigan vivos a nivel microsc\u00f3pico.<\/p>\n\n\n\n<p>Este proceso es gradual y progresivo, y se desarrolla a lo largo de a\u00f1os o d\u00e9cadas.<\/p>\n\n\n\n<p>La velocidad de progresi\u00f3n tambi\u00e9n tiene un componente gen\u00e9tico, por lo que algunas personas desarrollan un adelgazamiento visible del cabello a los 20 o 30 a\u00f1os, mientras que otras solo notan cambios despu\u00e9s de los 50 o 60 a\u00f1os de edad.<\/p>\n\n\n\n<p>Adem\u00e1s de la alopecia androgen\u00e9tica, otras afecciones capilares tambi\u00e9n tienen un componente gen\u00e9tico.<\/p>\n\n\n\n<p>La alopecia areata, una enfermedad autoinmune que provoca la p\u00e9rdida de cabello en parches circulares, tiene una predisposici\u00f3n gen\u00e9tica.<\/p>\n\n\n\n<p>Los estudios demuestran que entre el 10 y el 20 por ciento de las personas con alopecia areata tienen al menos un familiar de primer grado, como un padre, un hermano o un hijo, que tambi\u00e9n tiene o tuvo esta afecci\u00f3n.<\/p>\n\n\n\n<p>Tener un familiar con alopecia areata aumenta el riesgo de desarrollar la misma afecci\u00f3n, aunque no es una garant\u00eda.<\/p>\n\n\n\n<p>La gen\u00e9tica de la alopecia areata es compleja y a\u00fan no se comprende del todo, pero se sabe que involucra m\u00faltiples genes relacionados con el sistema inmunol\u00f3gico.<\/p>\n\n\n\n<p>Otras afecciones menos frecuentes de p\u00e9rdida de cabello, como algunas formas de alopecia cicatricial, tambi\u00e9n pueden tener un componente hereditario.<\/p>\n\n\n\n<p>Incluso caracter\u00edsticas como el grosor natural de los mechones de cabello, la densidad total del cabello, la tasa de crecimiento y la textura del cabello est\u00e1n influenciadas por la gen\u00e9tica.<\/p>\n\n\n\n<p>Si las mujeres de tu familia siempre han tenido el cabello fino de forma natural, es probable que t\u00fa tambi\u00e9n tengas este rasgo determinado gen\u00e9ticamente.<\/p>\n\n\n\n<p>Esto es diferente a desarrollar un adelgazamiento progresivo con el tiempo.<\/p>\n\n\n\n<p>Ahora bien, si no se identifica ning\u00fan antecedente familiar de p\u00e9rdida de cabello, eso proporciona informaci\u00f3n diferente, pero igualmente valiosa.<\/p>\n\n\n\n<p>La ausencia de antecedentes familiares no elimina por completo la posibilidad de alopecia androgen\u00e9tica, ya que usted podr\u00eda ser la primera persona en su familia en manifestar la afecci\u00f3n debido a una nueva combinaci\u00f3n gen\u00e9tica.<\/p>\n\n\n\n<p>Tambi\u00e9n es posible que parientes m\u00e1s lejanos hayan tenido el problema, pero usted simplemente no lo sabe o no ha vivido con ellos.<\/p>\n\n\n\n<p>Sin embargo, la ausencia de antecedentes familiares importantes hace m\u00e1s probable que la ca\u00edda del cabello se deba a otros factores no gen\u00e9ticos.<\/p>\n\n\n\n<p>Factores como las deficiencias nutricionales, los problemas hormonales adquiridos, el efluvio tel\u00f3geno reactivo a situaciones de estr\u00e9s, los efectos secundarios de los medicamentos o las afecciones dermatol\u00f3gicas del cuero cabelludo no dependen de la gen\u00e9tica familiar.<\/p>\n\n\n\n<p>Estas causas pueden afectar a cualquier persona, independientemente de sus antecedentes familiares.<\/p>\n\n\n\n<p>Es importante mencionar que, aunque tengas un fuerte historial familiar de calvicie o adelgazamiento del cabello, no significa que est\u00e9s destinado a experimentar lo mismo.<\/p>\n\n\n\n<p>Comprender tu riesgo gen\u00e9tico te permite tomar medidas preventivas o comenzar los tratamientos antes.<\/p>\n\n\n\n<p>Existen tratamientos aprobados para la alopecia androgen\u00e9tica que funcionan mejor cuando se inician en las primeras etapas, antes de que el adelgazamiento del cabello se vuelva demasiado pronunciado.<\/p>\n\n\n\n<p>Si sabes que tienes un alto riesgo gen\u00e9tico, puedes empezar a prestar atenci\u00f3n a los primeros signos de adelgazamiento del cabello y buscar consejo m\u00e9dico en cuanto notes alg\u00fan cambio.<\/p>\n\n\n\n<p>Las intervenciones tempranas pueden ralentizar significativamente la progresi\u00f3n de la enfermedad y preservar una mayor densidad capilar a lo largo de la vida.<\/p>\n\n\n\n<p>Adem\u00e1s, incluso con una predisposici\u00f3n gen\u00e9tica, los factores ambientales y de estilo de vida tambi\u00e9n influyen.<\/p>\n\n\n\n<p>Mantener niveles hormonales equilibrados, asegurar una nutrici\u00f3n adecuada, controlar el estr\u00e9s y evitar da\u00f1os mec\u00e1nicos y qu\u00edmicos excesivos en el cabello pueden marcar la diferencia.<\/p>\n\n\n\n<p>Como dice el refr\u00e1n, la gen\u00e9tica carga el rev\u00f3lver, pero el ambiente aprieta el gatillo.<\/p>\n\n\n\n<p>Al responder preguntas sobre la historia familiar, intente ser lo m\u00e1s espec\u00edfico posible sobre qu\u00e9 tipo de problemas capilares tienen los miembros de su familia.<\/p>\n\n\n\n<p>La calvicie de patr\u00f3n masculino cl\u00e1sico, la calvicie de patr\u00f3n femenino difuso, las placas de alopecia areata: todos estos son patrones diferentes que proporcionan diferentes pistas.<\/p>\n\n\n\n<p>Si es posible, recuerde tambi\u00e9n la edad a la que sus familiares comenzaron a notar los problemas, ya que esto puede darle una idea de cu\u00e1ndo usted tambi\u00e9n podr\u00eda estar en riesgo.<\/p>\n\n\n\n\n\n\n<!--nextpage-->\n\n\n<div class=\"lazyblock-fb-quiz-perguntas-ZGLbB4 wp-block-lazyblock-fb-quiz-perguntas\">\n<div id=\"quiz_69f5ccbec1e43\" class=\"quiz-container\">\n    <h3>7. \u00bfC\u00f3mo es su dieta actualmente?<\/h3>\n    \n    <div class=\"quiz-options\">\n                    <div class=\"quiz-option\" data-points=\"5\">\n                <input type=\"radio\" id=\"quiz_69f5ccbec1e43_option_0\" name=\"quiz_option\" value=\"0\" class=\"quiz-radio\" data-points=\"5\">\n                <label for=\"quiz_69f5ccbec1e43_option_0\" class=\"quiz-label\">\n                    Muy restrictiva o con pocos grupos de alimentos.                <\/label>\n            <\/div>\n                    <div class=\"quiz-option\" data-points=\"10\">\n                <input type=\"radio\" id=\"quiz_69f5ccbec1e43_option_1\" name=\"quiz_option\" value=\"1\" class=\"quiz-radio\" data-points=\"10\">\n                <label for=\"quiz_69f5ccbec1e43_option_1\" class=\"quiz-label\">\n                    Como muy poca carne roja o soy vegetariano\/vegano.                <\/label>\n            <\/div>\n                    <div class=\"quiz-option\" data-points=\"15\">\n                <input type=\"radio\" id=\"quiz_69f5ccbec1e43_option_2\" name=\"quiz_option\" value=\"2\" class=\"quiz-radio\" data-points=\"15\">\n                <label for=\"quiz_69f5ccbec1e43_option_2\" class=\"quiz-label\">\n                    Equilibrado con todos los grupos de alimentos                <\/label>\n            <\/div>\n                    <div class=\"quiz-option\" data-points=\"20\">\n                <input type=\"radio\" id=\"quiz_69f5ccbec1e43_option_3\" name=\"quiz_option\" value=\"3\" class=\"quiz-radio\" data-points=\"20\">\n                <label for=\"quiz_69f5ccbec1e43_option_3\" class=\"quiz-label\">\n                    Soy irregular y suelo saltarme comidas con frecuencia.                <\/label>\n            <\/div>\n            <\/div>\n    \n    <div class=\"quiz-navigation\">\n        <a href=\"https:\/\/mulherinteressante.net\/es\/quiz-causa-queda-cabelo\/2\/\" id=\"quiz_69f5ccbec1e43_next\" class=\"quiz-btn next-question botao-cta\" style=\"background:#db4982;\">\n            Siguiente pregunta        <\/a>\n    <\/div>\n\n    <div class=\"quiz-error\" style=\"display:none\">\n        <h3>\u00a1Primero debes responder las preguntas anteriores!<\/h3>\n        <a href=\"https:\/\/mulherinteressante.net\/es\/quiz-causa-queda-cabelo\/?quiz_reset=1\" class=\"quiz-btn restart-quiz\" style=\"background:#db4982;\">\n            Iniciar prueba\n        <\/a>\n    <\/div>\n<\/div>\n\n<style>\n.quiz-container { text-align:center; padding:20px; }\n.quiz-container .quiz-options { display: flex; flex-direction: column; gap: 15px; margin: 20px 0; }\n.quiz-container .quiz-option { position: relative; width: 100%; }\n.quiz-container .quiz-radio { position: absolute; opacity: 0; width: 0; height: 0; }\n.quiz-container .quiz-label { display: block; padding: 15px 20px; background-color: #f8f8f8; border: 2px solid #e0e0e0; border-radius: 8px; cursor: pointer; transition: all 0.3s ease; font-size: 1.1em; }\n.quiz-container .quiz-radio:checked + .quiz-label { background-color: #e6f7ff; border-color: #1890ff; color: #1890ff; font-weight: bold; }\n.quiz-container .quiz-label:hover { background-color: #f0f0f0; border-color: #d0d0d0; }\n.quiz-container .quiz-btn { cursor: pointer; border-radius: 6px; font-weight: bold; transition: all 0.3s ease; display:inline-block; margin: 15px 0 5px; padding: 15px 20px; text-decoration:none!important; font-size: 1.1em; width:100%; color:#fff; }\n.quiz-container .quiz-navigation .next-question.disabled { opacity: 0.6; cursor: not-allowed; pointer-events: none; }\n<\/style>\n\n<script>\n(function() {\n    const quizId = 'quiz_69f5ccbec1e43';\n    const quizContainer = document.getElementById(quizId);\n    const nextButton = document.getElementById(`${quizId}_next`);\n    const options = quizContainer.querySelectorAll('.quiz-radio');\n    const isLastQuestion = false;\n    const currentPage = 1;\n    \n    if (!sessionStorage.getItem('quizScores')) {\n        sessionStorage.setItem('quizScores', JSON.stringify({}));\n    }\n    \n    const urlParams = new URLSearchParams(window.location.search);\n    if (urlParams.has('quiz_reset')) {\n        sessionStorage.removeItem('quizScores');\n        sessionStorage.setItem('quizScores', JSON.stringify({}));\n    }\n    \n    const getTotalScore = () => {\n        const scores = JSON.parse(sessionStorage.getItem('quizScores') || '{}');\n        let total = 0;\n        Object.values(scores).forEach(score => {\n            total += parseInt(score);\n        });\n        return total;\n    };\n    \n    const updatePageScore = (points) => {\n        const scores = JSON.parse(sessionStorage.getItem('quizScores') || '{}');\n        scores[currentPage] = points;\n        sessionStorage.setItem('quizScores', JSON.stringify(scores));\n    };\n    \n    const checkPreviousPages = () => {\n        if (currentPage <= 1) return true;\n        \n        const scores = JSON.parse(sessionStorage.getItem('quizScores') || '{}');\n        for (let i = 1; i < currentPage; i++) {\n            if (scores[i] === undefined) {\n                return false;\n            }\n        }\n        return true;\n    };\n    \n    const scrollToNextButton = () => {\n        if (nextButton) {\n            const buttonRect = nextButton.getBoundingClientRect();\n            const scrollTop = window.pageYOffset || document.documentElement.scrollTop;\n            const targetPosition = buttonRect.top + scrollTop - 40;\n            window.scrollTo({\n                top: targetPosition,\n                behavior: 'smooth'\n            });\n            setTimeout(() => {\n                nextButton.focus();\n            }, 700);\n        }\n    };\n    \n    const updateResultQuery = () => {\n        if (!nextButton || !isLastQuestion) return;\n        \n        const urlString = nextButton.getAttribute('href');\n        const totalScore = getTotalScore();\n        const url = new URL(urlString, window.location.origin);\n        url.searchParams.set('qpt', totalScore);\n        nextButton.setAttribute('href', url.toString());\n    };\n    \n    if (!checkPreviousPages()) {\n        quizContainer.querySelectorAll(':scope > *:not(.quiz-error)').forEach(element => {\n            element.style.display = 'none';\n        });\n        quizContainer.querySelector('.quiz-error').style.display = 'block';\n        return;\n    }\n    \n    let selectedOption = null;\n    \n    const scores = JSON.parse(sessionStorage.getItem('quizScores') || '{}');\n    if (scores[currentPage] !== undefined) {\n        options.forEach(option => {\n            const points = parseInt(option.dataset.points);\n            if (points === parseInt(scores[currentPage])) {\n                option.checked = true;\n                selectedOption = option;\n                \n                if (nextButton) {\n                    nextButton.classList.remove('disabled');\n                    updateResultQuery();\n                }\n            }\n        });\n    } else {\n        if (nextButton) {\n            nextButton.classList.add('disabled');\n        }\n    }\n    \n    options.forEach(option => {\n        option.addEventListener('change', function() {\n            selectedOption = this;\n            const points = parseInt(this.dataset.points);\n            \n            updatePageScore(points);\n            \n            if (nextButton) {\n                nextButton.classList.remove('disabled');\n                updateResultQuery();\n                \n                setTimeout(() => {\n                    \/\/scrollToNextButton(); \/\/policy\n                }, 300);\n            }\n        });\n    });\n    \n    const restartButtons = document.querySelectorAll('.restart-quiz');\n    restartButtons.forEach(button => {\n        button.addEventListener('click', function() {\n            sessionStorage.removeItem('quizScores');\n        });\n    });\n})();\n<\/script><\/div>\n\n\n<hr class=\"wp-block-separator has-text-color has-alpha-channel-opacity has-background is-style-wide\" style=\"background-color:#dedede;color:#dedede\"\/>\n\n\n<div class='code-block code-block-4' style='margin: 8px auto; text-align: center; display: block; clear: both;'>\n<div id=\"mi_content_2_wrapper\" align=\"center\" style=\"width: 100%; margin-top: 2rem; margin-bottom: 2rem; min-height: 400px;\">\n    <div>\n        <p style=\"font-size:9px; text-transform:uppercase; text-align:center; color:#9a9a9a\">\n            Anuncios\n        <\/p>\n        <div id=\"mi_content_2\">\n        <\/div>\n    <\/div>\n<\/div><\/div>\n\n\n\n\n<h4 class=\"wp-block-heading\"><strong>La importancia de la nutrici\u00f3n para un cabello sano<\/strong><\/h4>\n\n\n\n<p>El cabello, aunque pueda parecer simplemente una caracter\u00edstica externa y est\u00e9tica, es en realidad un tejido vivo que crece y se renueva constantemente.<\/p>\n\n\n\n<p>Para un crecimiento capilar saludable, es necesario un aporte constante y adecuado de diversos nutrientes espec\u00edficos que deben provenir de los alimentos.<\/p>\n\n\n\n<p>Cuando la nutrici\u00f3n es deficiente o desequilibrada, el cabello suele ser uno de los primeros lugares donde esto se manifiesta.<\/p>\n\n\n\n<p>Comprender la relaci\u00f3n entre la nutrici\u00f3n y la salud del cabello es fundamental para identificar si la ca\u00edda del cabello puede estar relacionada con deficiencias nutricionales.<\/p>\n\n\n\n<p>El cuerpo humano funciona con un sistema inteligente de prioridades cuando los recursos nutricionales son limitados.<\/p>\n\n\n\n<p>Si no consumes suficientes nutrientes, el cuerpo distribuir\u00e1 primero los que est\u00e9n disponibles a los \u00f3rganos y funciones vitales.<\/p>\n\n\n\n<p>El coraz\u00f3n, el cerebro, los ri\u00f1ones, el h\u00edgado, los pulmones: todos estos \u00f3rganos esenciales para mantenerte con vida reciben prioridad absoluta.<\/p>\n\n\n\n<p>El cabello, al no ser esencial para la supervivencia inmediata, se encuentra al final de la lista de prioridades.<\/p>\n\n\n\n<p>Por lo tanto, las deficiencias nutricionales a menudo se manifiestan primero como problemas capilares, incluso antes de causar s\u00edntomas m\u00e1s graves en otros sistemas.<\/p>\n\n\n\n<p>Analicemos qu\u00e9 nutrientes son los m\u00e1s importantes para el cabello y c\u00f3mo puede afectarlo cada patr\u00f3n alimenticio.<\/p>\n\n\n\n<p>Las prote\u00ednas son absolutamente esenciales porque el cabello est\u00e1 compuesto principalmente de una prote\u00edna llamada queratina.<\/p>\n\n\n\n<p>Para que el cuerpo produzca queratina, necesita amino\u00e1cidos, que son los componentes b\u00e1sicos de las prote\u00ednas.<\/p>\n\n\n\n<p>Estos amino\u00e1cidos provienen de la digesti\u00f3n de las prote\u00ednas que consumes en tu dieta.<\/p>\n\n\n\n<p>Las fuentes de prote\u00ednas incluyen carnes, aves, pescado, huevos, productos l\u00e1cteos, legumbres como frijoles y lentejas, soja y productos derivados de la soja, frutos secos y semillas.<\/p>\n\n\n\n<p>Cuando la dieta es muy baja en prote\u00ednas, el cuerpo simplemente no tiene suficientes materias primas para producir hebras de cabello fuertes.<\/p>\n\n\n\n<p>Los mechones de cabello resultantes son finos, d\u00e9biles, quebradizos y crecen lentamente.<\/p>\n\n\n\n<p>En casos de deficiencia grave de prote\u00ednas, el cuerpo puede poner m\u00e1s fol\u00edculos en la fase de reposo para conservar recursos, lo que provoca una mayor ca\u00edda del cabello.<\/p>\n\n\n\n<p>El hierro es otro nutriente crucial que merece especial atenci\u00f3n, sobre todo para las mujeres.<\/p>\n\n\n\n<p>El hierro desempe\u00f1a varias funciones vitales en el organismo, siendo la m\u00e1s conocida su papel en la formaci\u00f3n de la hemoglobina.<\/p>\n\n\n\n<p>La hemoglobina es la mol\u00e9cula que se encuentra dentro de los gl\u00f3bulos rojos y que transporta el ox\u00edgeno desde los pulmones a todos los tejidos del cuerpo.<\/p>\n\n\n\n<p>Los fol\u00edculos pilosos son estructuras metab\u00f3licamente muy activas que necesitan mucho ox\u00edgeno para funcionar correctamente.<\/p>\n\n\n\n<p>Cuando hay deficiencia de hierro, se produce menos hemoglobina, llega menos ox\u00edgeno a los fol\u00edculos y estos no pueden funcionar a pleno rendimiento.<\/p>\n\n\n\n<p>Esto da como resultado un cabello que crece m\u00e1s lentamente, es m\u00e1s fino y es m\u00e1s propenso a caerse.<\/p>\n\n\n\n<p>La deficiencia de hierro es una de las causas nutricionales m\u00e1s comunes de la ca\u00edda del cabello en las mujeres.<\/p>\n\n\n\n<p>Las mujeres que menstr\u00faan pierden hierro regularmente a trav\u00e9s de la sangre menstrual, y si su dieta no lo repone adecuadamente, pueden desarrollar una deficiencia.<\/p>\n\n\n\n<p>Las mujeres con sangrado menstrual abundante corren un riesgo a\u00fan mayor.<\/p>\n\n\n\n<p>Las mujeres embarazadas y en per\u00edodo de lactancia tambi\u00e9n necesitan una cantidad significativamente mayor de hierro, ya que no solo satisfacen sus propias necesidades, sino tambi\u00e9n las de su beb\u00e9.<\/p>\n\n\n\n<p>En los alimentos existen dos formas de hierro: el hierro hemo y el hierro no hemo.<\/p>\n\n\n\n<p>El hierro hemo proviene de fuentes animales como la carne roja, el pollo y el pescado, y es mucho m\u00e1s f\u00e1cilmente absorbido por los intestinos.<\/p>\n\n\n\n<p>El hierro no hemo proviene de fuentes vegetales como las jud\u00edas, las lentejas y las espinacas, y se absorbe con mayor dificultad.<\/p>\n\n\n\n<p>Por lo tanto, las personas que no consumen carne roja o que siguen una dieta vegetariana o vegana deben prestar especial atenci\u00f3n para asegurar una ingesta adecuada de hierro.<\/p>\n\n\n\n<p>Es posible obtener suficiente hierro de fuentes vegetales, pero requiere una planificaci\u00f3n cuidadosa y una suplementaci\u00f3n frecuente.<\/p>\n\n\n\n<p>Combinar alimentos ricos en vitamina C con fuentes vegetales de hierro ayuda a mejorar su absorci\u00f3n.<\/p>\n\n\n\n<p>El zinc es un mineral que participa en cientos de reacciones qu\u00edmicas en el cuerpo, incluidas aquellas necesarias para el crecimiento y la reparaci\u00f3n de los tejidos.<\/p>\n\n\n\n<p>Los fol\u00edculos pilosos tienen una alta tasa de divisi\u00f3n celular, por lo que necesitan abundante zinc.<\/p>\n\n\n\n<p>La deficiencia de zinc puede causar p\u00e9rdida de cabello difusa, cabello quebradizo y crecimiento lento.<\/p>\n\n\n\n<p>Entre las fuentes de zinc se incluyen las carnes, los mariscos, especialmente las ostras, los frutos secos, las semillas, los cereales integrales y las legumbres.<\/p>\n\n\n\n<p>Las vitaminas del grupo B, especialmente la biotina (B7), el \u00e1cido f\u00f3lico (B9) y la B12, son esenciales para el crecimiento del cabello.<\/p>\n\n\n\n<p>La biotina se ha vuelto muy popular en los \u00faltimos a\u00f1os como suplemento capilar, aunque la verdadera deficiencia de biotina es poco com\u00fan.<\/p>\n\n\n\n<p>La vitamina B12 se encuentra de forma natural solo en alimentos de origen animal, por lo que los vegetarianos estrictos y los veganos necesitan suplementaci\u00f3n obligatoria.<\/p>\n\n\n\n<p>La deficiencia de vitamina B12 puede causar no solo ca\u00edda del cabello, sino tambi\u00e9n anemia y problemas neurol\u00f3gicos.<\/p>\n\n\n\n<p>La vitamina D, t\u00e9cnicamente una hormona que producimos en la piel cuando nos exponemos a la luz solar, tambi\u00e9n es importante para la salud de los fol\u00edculos pilosos.<\/p>\n\n\n\n<p>La deficiencia de vitamina D es extremadamente com\u00fan, especialmente en personas que viven lejos del ecuador, que trabajan en interiores o que usan protector solar constantemente.<\/p>\n\n\n\n<p>Los estudios sugieren una relaci\u00f3n entre los bajos niveles de vitamina D y la alopecia areata, y tambi\u00e9n hay evidencia de que la vitamina D desempe\u00f1a un papel en el ciclo de crecimiento del fol\u00edculo piloso.<\/p>\n\n\n\n<p>Las grasas saludables, especialmente los \u00e1cidos grasos omega-3, ayudan a mantener un cuero cabelludo sano y un cabello hidratado.<\/p>\n\n\n\n<p>Las dietas extremadamente bajas en grasas pueden provocar cabello seco y quebradizo, as\u00ed como descamaci\u00f3n del cuero cabelludo.<\/p>\n\n\n\n<p>Ahora vamos a entender c\u00f3mo cada uno de los patrones alimenticios mencionados puede afectar al cabello.<\/p>\n\n\n\n<p>Las dietas muy restrictivas que eliminan grupos de alimentos enteros o limitan dr\u00e1sticamente las calor\u00edas son especialmente problem\u00e1ticas.<\/p>\n\n\n\n<p>Las dietas de moda que eliminan por completo los carbohidratos, o suprimen todas las grasas, o que se basan en solo unos pocos alimentos espec\u00edficos, crean desequilibrios nutricionales.<\/p>\n\n\n\n<p>El cuerpo entra en modo de ahorro de energ\u00eda, ralentizando funciones no esenciales como el crecimiento del cabello.<\/p>\n\n\n\n<p>Los trastornos alimentarios como la anorexia nerviosa y la bulimia nerviosa a menudo provocan una p\u00e9rdida de cabello significativa debido a la desnutrici\u00f3n.<\/p>\n\n\n\n<p>Las dietas vegetarianas y veganas, cuando est\u00e1n bien planificadas y se complementan adecuadamente, pueden ser perfectamente saludables y compatibles con un cabello sano.<\/p>\n\n\n\n<p>Sin embargo, requieren una atenci\u00f3n especial a ciertos nutrientes que son m\u00e1s dif\u00edciles de obtener de fuentes vegetales.<\/p>\n\n\n\n<p>El hierro, la vitamina B12, el zinc, las prote\u00ednas completas y los \u00e1cidos grasos omega-3 deben ser controlados cuidadosamente.<\/p>\n\n\n\n<p>Los vegetarianos y veganos que no planifican adecuadamente pueden desarrollar deficiencias que afectan a su cabello.<\/p>\n\n\n\n<p>Una dieta equilibrada que incluya todos los grupos de alimentos en las proporciones adecuadas proporciona de forma natural la mayor\u00eda de los nutrientes necesarios.<\/p>\n\n\n\n<p>Prote\u00ednas de diferentes fuentes, carbohidratos complejos, grasas saludables, una variedad de frutas y verduras, productos l\u00e1cteos o sustitutos fortificados: todo esto en conjunto crea una dieta nutricionalmente completa.<\/p>\n\n\n\n<p>Las personas con dietas equilibradas rara vez desarrollan deficiencias nutricionales lo suficientemente graves como para causar la ca\u00edda del cabello, a menos que tengan alg\u00fan tipo de problema de absorci\u00f3n intestinal.<\/p>\n\n\n\n<p>Los h\u00e1bitos alimenticios irregulares, como saltarse comidas con frecuencia, tambi\u00e9n son problem\u00e1ticos.<\/p>\n\n\n\n<p>Cuando te saltas comidas, los per\u00edodos prolongados sin comer provocan una bajada de los niveles de az\u00facar en sangre.<\/p>\n\n\n\n<p>El organismo interpreta esto como una escasez de alimentos y puede entrar en modo de conservaci\u00f3n de energ\u00eda.<\/p>\n\n\n\n<p>Adem\u00e1s, al saltarse comidas, simplemente no se consume la cantidad total adecuada de nutrientes a lo largo del d\u00eda.<\/p>\n\n\n\n<p>Aunque comas bien en una comida, si te saltas otras, tu ingesta diaria total puede ser insuficiente para cubrir tus necesidades.<\/p>\n\n\n\n<p>Es importante destacar que los suplementos vitam\u00ednicos no sustituyen una dieta equilibrada.<\/p>\n\n\n\n<p>Los suplementos deben utilizarse para corregir deficiencias espec\u00edficas detectadas mediante pruebas, no como sustitutos de los alimentos reales.<\/p>\n\n\n\n<p>Tomar megadosis de vitaminas sin receta m\u00e9dica puede ser perjudicial, ya que algunas vitaminas en exceso pueden causar toxicidad.<\/p>\n\n\n\n<p>Por ejemplo, un exceso de vitamina A puede, parad\u00f3jicamente, provocar la ca\u00edda del cabello.<\/p>\n\n\n\n<p>Si sospechas que tu dieta puede estar contribuyendo a la ca\u00edda del cabello, lo mejor es que te hagas an\u00e1lisis de sangre para comprobar tus niveles de nutrientes clave.<\/p>\n\n\n\n<p>Un hemograma completo, la ferritina (que mide las reservas de hierro), la vitamina B12, la vitamina D y el zinc son algunas de las pruebas que pueden revelar deficiencias.<\/p>\n\n\n\n<p>En funci\u00f3n de los resultados, un m\u00e9dico o nutricionista puede recomendar cambios en la dieta y la suplementaci\u00f3n adecuada.<\/p>\n\n\n\n<p>Es importante recordar que las mejoras nutricionales no producen resultados inmediatos para el cabello.<\/p>\n\n\n\n<p>El cabello crece lentamente, aproximadamente un cent\u00edmetro al mes, por lo que pueden ser necesarios de tres a seis meses de nutrici\u00f3n adecuada para observar una mejora visible en la ca\u00edda del cabello y en la calidad del nuevo crecimiento.<\/p>\n\n\n\n\n\n\n<!--nextpage-->\n\n\n<div class=\"lazyblock-fb-quiz-perguntas-1byd70 wp-block-lazyblock-fb-quiz-perguntas\">\n<div id=\"quiz_69f5ccbec2745\" class=\"quiz-container\">\n    <h3>8. \u00bfUtilizas con frecuencia productos qu\u00edmicos, tintes o tratamientos de alisado?<\/h3>\n    \n    <div class=\"quiz-options\">\n                    <div class=\"quiz-option\" data-points=\"5\">\n                <input type=\"radio\" id=\"quiz_69f5ccbec2745_option_0\" name=\"quiz_option\" value=\"0\" class=\"quiz-radio\" data-points=\"5\">\n                <label for=\"quiz_69f5ccbec2745_option_0\" class=\"quiz-label\">\n                    S\u00ed, me someto a tratamientos qu\u00edmicos con regularidad.                <\/label>\n            <\/div>\n                    <div class=\"quiz-option\" data-points=\"10\">\n                <input type=\"radio\" id=\"quiz_69f5ccbec2745_option_1\" name=\"quiz_option\" value=\"1\" class=\"quiz-radio\" data-points=\"10\">\n                <label for=\"quiz_69f5ccbec2745_option_1\" class=\"quiz-label\">\n                    S\u00ed, pero con intervalos m\u00e1s largos.                <\/label>\n            <\/div>\n                    <div class=\"quiz-option\" data-points=\"15\">\n                <input type=\"radio\" id=\"quiz_69f5ccbec2745_option_2\" name=\"quiz_option\" value=\"2\" class=\"quiz-radio\" data-points=\"15\">\n                <label for=\"quiz_69f5ccbec2745_option_2\" class=\"quiz-label\">\n                    Utilizo la plancha o el secador de pelo a alta temperatura todos los d\u00edas.                <\/label>\n            <\/div>\n                    <div class=\"quiz-option\" data-points=\"20\">\n                <input type=\"radio\" id=\"quiz_69f5ccbec2745_option_3\" name=\"quiz_option\" value=\"3\" class=\"quiz-radio\" data-points=\"20\">\n                <label for=\"quiz_69f5ccbec2745_option_3\" class=\"quiz-label\">\n                    No, llevo el pelo al natural.                <\/label>\n            <\/div>\n            <\/div>\n    \n    <div class=\"quiz-navigation\">\n        <a href=\"https:\/\/mulherinteressante.net\/es\/quiz-causa-queda-cabelo\/2\/\" id=\"quiz_69f5ccbec2745_next\" class=\"quiz-btn next-question botao-cta\" style=\"background:#db4982;\">\n            Siguiente pregunta        <\/a>\n    <\/div>\n\n    <div class=\"quiz-error\" style=\"display:none\">\n        <h3>\u00a1Primero debes responder las preguntas anteriores!<\/h3>\n        <a href=\"https:\/\/mulherinteressante.net\/es\/quiz-causa-queda-cabelo\/?quiz_reset=1\" class=\"quiz-btn restart-quiz\" style=\"background:#db4982;\">\n            Iniciar prueba\n        <\/a>\n    <\/div>\n<\/div>\n\n<style>\n.quiz-container { text-align:center; padding:20px; }\n.quiz-container .quiz-options { display: flex; flex-direction: column; gap: 15px; margin: 20px 0; }\n.quiz-container .quiz-option { position: relative; width: 100%; }\n.quiz-container .quiz-radio { position: absolute; opacity: 0; width: 0; height: 0; }\n.quiz-container .quiz-label { display: block; padding: 15px 20px; background-color: #f8f8f8; border: 2px solid #e0e0e0; border-radius: 8px; cursor: pointer; transition: all 0.3s ease; font-size: 1.1em; }\n.quiz-container .quiz-radio:checked + .quiz-label { background-color: #e6f7ff; border-color: #1890ff; color: #1890ff; font-weight: bold; }\n.quiz-container .quiz-label:hover { background-color: #f0f0f0; border-color: #d0d0d0; }\n.quiz-container .quiz-btn { cursor: pointer; border-radius: 6px; font-weight: bold; transition: all 0.3s ease; display:inline-block; margin: 15px 0 5px; padding: 15px 20px; text-decoration:none!important; font-size: 1.1em; width:100%; color:#fff; }\n.quiz-container .quiz-navigation .next-question.disabled { opacity: 0.6; cursor: not-allowed; pointer-events: none; }\n<\/style>\n\n<script>\n(function() {\n    const quizId = 'quiz_69f5ccbec2745';\n    const quizContainer = document.getElementById(quizId);\n    const nextButton = document.getElementById(`${quizId}_next`);\n    const options = quizContainer.querySelectorAll('.quiz-radio');\n    const isLastQuestion = false;\n    const currentPage = 1;\n    \n    if (!sessionStorage.getItem('quizScores')) {\n        sessionStorage.setItem('quizScores', JSON.stringify({}));\n    }\n    \n    const urlParams = new URLSearchParams(window.location.search);\n    if (urlParams.has('quiz_reset')) {\n        sessionStorage.removeItem('quizScores');\n        sessionStorage.setItem('quizScores', JSON.stringify({}));\n    }\n    \n    const getTotalScore = () => {\n        const scores = JSON.parse(sessionStorage.getItem('quizScores') || '{}');\n        let total = 0;\n        Object.values(scores).forEach(score => {\n            total += parseInt(score);\n        });\n        return total;\n    };\n    \n    const updatePageScore = (points) => {\n        const scores = JSON.parse(sessionStorage.getItem('quizScores') || '{}');\n        scores[currentPage] = points;\n        sessionStorage.setItem('quizScores', JSON.stringify(scores));\n    };\n    \n    const checkPreviousPages = () => {\n        if (currentPage <= 1) return true;\n        \n        const scores = JSON.parse(sessionStorage.getItem('quizScores') || '{}');\n        for (let i = 1; i < currentPage; i++) {\n            if (scores[i] === undefined) {\n                return false;\n            }\n        }\n        return true;\n    };\n    \n    const scrollToNextButton = () => {\n        if (nextButton) {\n            const buttonRect = nextButton.getBoundingClientRect();\n            const scrollTop = window.pageYOffset || document.documentElement.scrollTop;\n            const targetPosition = buttonRect.top + scrollTop - 40;\n            window.scrollTo({\n                top: targetPosition,\n                behavior: 'smooth'\n            });\n            setTimeout(() => {\n                nextButton.focus();\n            }, 700);\n        }\n    };\n    \n    const updateResultQuery = () => {\n        if (!nextButton || !isLastQuestion) return;\n        \n        const urlString = nextButton.getAttribute('href');\n        const totalScore = getTotalScore();\n        const url = new URL(urlString, window.location.origin);\n        url.searchParams.set('qpt', totalScore);\n        nextButton.setAttribute('href', url.toString());\n    };\n    \n    if (!checkPreviousPages()) {\n        quizContainer.querySelectorAll(':scope > *:not(.quiz-error)').forEach(element => {\n            element.style.display = 'none';\n        });\n        quizContainer.querySelector('.quiz-error').style.display = 'block';\n        return;\n    }\n    \n    let selectedOption = null;\n    \n    const scores = JSON.parse(sessionStorage.getItem('quizScores') || '{}');\n    if (scores[currentPage] !== undefined) {\n        options.forEach(option => {\n            const points = parseInt(option.dataset.points);\n            if (points === parseInt(scores[currentPage])) {\n                option.checked = true;\n                selectedOption = option;\n                \n                if (nextButton) {\n                    nextButton.classList.remove('disabled');\n                    updateResultQuery();\n                }\n            }\n        });\n    } else {\n        if (nextButton) {\n            nextButton.classList.add('disabled');\n        }\n    }\n    \n    options.forEach(option => {\n        option.addEventListener('change', function() {\n            selectedOption = this;\n            const points = parseInt(this.dataset.points);\n            \n            updatePageScore(points);\n            \n            if (nextButton) {\n                nextButton.classList.remove('disabled');\n                updateResultQuery();\n                \n                setTimeout(() => {\n                    \/\/scrollToNextButton(); \/\/policy\n                }, 300);\n            }\n        });\n    });\n    \n    const restartButtons = document.querySelectorAll('.restart-quiz');\n    restartButtons.forEach(button => {\n        button.addEventListener('click', function() {\n            sessionStorage.removeItem('quizScores');\n        });\n    });\n})();\n<\/script><\/div>\n\n\n<hr class=\"wp-block-separator has-text-color has-alpha-channel-opacity has-background is-style-wide\" style=\"background-color:#dedede;color:#dedede\"\/>\n\n\n<div class='code-block code-block-4' style='margin: 8px auto; text-align: center; display: block; clear: both;'>\n<div id=\"mi_content_2_wrapper\" align=\"center\" style=\"width: 100%; margin-top: 2rem; margin-bottom: 2rem; min-height: 400px;\">\n    <div>\n        <p style=\"font-size:9px; text-transform:uppercase; text-align:center; color:#9a9a9a\">\n            Anuncios\n        <\/p>\n        <div id=\"mi_content_2\">\n        <\/div>\n    <\/div>\n<\/div><\/div>\n\n\n\n\n<h4 class=\"wp-block-heading\"><strong>C\u00f3mo los tratamientos qu\u00edmicos y el calor afectan al cabello<\/strong><\/h4>\n\n\n\n<p>El cabello que ves crecer en tu cuero cabelludo es, t\u00e9cnicamente, tejido muerto compuesto principalmente por la prote\u00edna queratina.<\/p>\n\n\n\n<p>Aunque est\u00e9 muerto, la estructura e integridad de este tejido pueden conservarse o da\u00f1arse dependiendo de c\u00f3mo trates tus hilos.<\/p>\n\n\n\n<p>Los tratamientos qu\u00edmicos y el uso excesivo de calor pueden comprometer gravemente la estructura del cabello, provocando roturas y da\u00f1os que a menudo se confunden con la ca\u00edda del cabello.<\/p>\n\n\n\n<p>Es importante comprender la diferencia entre la verdadera ca\u00edda del cabello, en la que el cabello se cae desde la ra\u00edz junto con el fol\u00edculo, y la rotura, en la que el cabello se rompe a lo largo de su longitud.<\/p>\n\n\n\n<p>Ambas afecciones provocan una disminuci\u00f3n del cabello en la cabeza, pero las causas y los tratamientos son diferentes.<\/p>\n\n\n\n<p>La estructura de un cabello es compleja, con tres capas principales.<\/p>\n\n\n\n<p>La capa m\u00e1s externa se llama cut\u00edcula y est\u00e1 formada por c\u00e9lulas superpuestas, como las escamas de un pez o las tejas de un tejado.<\/p>\n\n\n\n<p>Cuando la cut\u00edcula est\u00e1 intacta y las escamas est\u00e1n bien cerradas, el cabello refleja la luz, luce brillante y suave, y est\u00e1 protegido.<\/p>\n\n\n\n<p>La capa intermedia se llama corteza y contiene la mayor parte de la prote\u00edna queratina, as\u00ed como los pigmentos que dan color al cabello.<\/p>\n\n\n\n<p>La corteza es responsable de la fuerza, la elasticidad y el color del cabello.<\/p>\n\n\n\n<p>La capa m\u00e1s interna se llama m\u00e9dula, se encuentra principalmente en los mechones de cabello grueso y su funci\u00f3n a\u00fan no se comprende del todo.<\/p>\n\n\n\n<p>Los procedimientos qu\u00edmicos act\u00faan alterando la estructura proteica del cabello para cambiar su forma, textura o color.<\/p>\n\n\n\n<p>Los tratamientos de alisado y relajaci\u00f3n del cabello rompen los enlaces disulfuro, que son enlaces qu\u00edmicos que mantienen las prote\u00ednas de la corteza en una configuraci\u00f3n espec\u00edfica.<\/p>\n\n\n\n<p>Al romper estos enlaces y reformarlos en una nueva posici\u00f3n, el cabello queda alisado de forma permanente.<\/p>\n\n\n\n<p>Las permanentes hacen lo contrario: rompen los enlaces y los reforman para crear rizos.<\/p>\n\n\n\n<p>La coloraci\u00f3n y la decoloraci\u00f3n del cabello funcionan de maneras diferentes, pero son igualmente agresivas.<\/p>\n\n\n\n<p>Para te\u00f1ir el cabello, especialmente con colores m\u00e1s claros que el tono natural, los productos deben abrir la cut\u00edcula, penetrar la corteza, eliminar el pigmento natural y depositar un nuevo pigmento.<\/p>\n\n\n\n<p>Los procesos de decoloraci\u00f3n utilizan potentes agentes oxidantes, como el per\u00f3xido de hidr\u00f3geno, para descomponer las mol\u00e9culas de melanina que dan color al cabello.<\/p>\n\n\n\n<p>Este proceso es extremadamente da\u00f1ino para la estructura de la prote\u00edna.<\/p>\n\n\n\n<p>Todos estos procedimientos qu\u00edmicos provocan da\u00f1os acumulativos e irreversibles en la estructura del cabello.<\/p>\n\n\n\n<p>La cut\u00edcula se levanta y se da\u00f1a, dejando la corteza expuesta y vulnerable.<\/p>\n\n\n\n<p>Las hebras del cabello pierden prote\u00ednas, se vuelven porosas, pierden elasticidad y se vuelven quebradizas.<\/p>\n\n\n\n<p>El cabello tratado qu\u00edmicamente es mucho m\u00e1s propenso a romperse, especialmente cuando est\u00e1 mojado y es m\u00e1s vulnerable.<\/p>\n\n\n\n<p>Cuando se realiza con regularidad sin un tiempo de recuperaci\u00f3n adecuado entre los procedimientos, el da\u00f1o se acumula.<\/p>\n\n\n\n<p>Realizar tratamientos de alisado y coloraci\u00f3n al mismo tiempo, o hacer retoques con demasiada frecuencia, puede provocar roturas graves del cabello.<\/p>\n\n\n\n<p>En los casos m\u00e1s graves, el cabello puede romperse tan cerca de la ra\u00edz que parece una ca\u00edda del cabello, pero en realidad se trata de una rotura extrema.<\/p>\n\n\n\n<p>Adem\u00e1s de la rotura del cabello, los productos qu\u00edmicos muy fuertes aplicados incorrectamente pueden causar quemaduras qu\u00edmicas en el cuero cabelludo.<\/p>\n\n\n\n<p>Estas quemaduras pueden da\u00f1ar los fol\u00edculos pilosos de la superficie de la piel.<\/p>\n\n\n\n<p>Si el da\u00f1o es grave y se repite, incluso puede causar alopecia cicatricial, en la que los fol\u00edculos se destruyen de forma permanente y son reemplazados por tejido cicatricial.<\/p>\n\n\n\n<p>Esto provoca la p\u00e9rdida permanente del cabello en las zonas afectadas.<\/p>\n\n\n\n<p>Los alisadores muy fuertes, especialmente si se dejan en el cabello durante un tiempo excesivo o se aplican sobre cabello previamente tratado, son particularmente riesgosos.<\/p>\n\n\n\n<p>El uso de calor mediante herramientas como planchas para el cabello y secadores funciona de manera diferente, pero tambi\u00e9n puede ser muy da\u00f1ino.<\/p>\n\n\n\n<p>El cabello contiene agua de forma natural, y esta humedad ayuda a mantener la flexibilidad y elasticidad de las hebras.<\/p>\n\n\n\n<p>Cuando se aplica calor muy intenso, el agua que se encuentra dentro del cabello literalmente hierve, creando diminutas burbujas de vapor dentro de la estructura capilar.<\/p>\n\n\n\n<p>Estas burbujas pueden romper la cut\u00edcula y crear espacios vac\u00edos dentro de la corteza, debilitando estructuralmente el cabello.<\/p>\n\n\n\n<p>Las temperaturas superiores a 180 grados Celsius comienzan a degradar las prote\u00ednas de la queratina.<\/p>\n\n\n\n<p>Muchas planchas para el cabello alcanzan f\u00e1cilmente los 200, 220 o incluso 230 grados, especialmente cuando se utilizan a la temperatura m\u00e1xima.<\/p>\n\n\n\n<p>El uso diario de una plancha para el cabello a estas temperaturas provoca un da\u00f1o t\u00e9rmico acumulativo significativo.<\/p>\n\n\n\n<p>Los secadores de pelo a muy alta temperatura, especialmente cuando se utilizan demasiado cerca del cabello, tambi\u00e9n provocan da\u00f1os por calor.<\/p>\n\n\n\n<p>El problema se agrava cuando se aplica calor al cabello mojado, que es cuando las hebras son m\u00e1s vulnerables.<\/p>\n\n\n\n<p>El cabello mojado es temporalmente m\u00e1s d\u00e9bil porque los enlaces de hidr\u00f3geno que ayudan a mantener su estructura se rompen temporalmente.<\/p>\n\n\n\n<p>Aplicar calor intenso al cabello mojado o h\u00famedo maximiza el da\u00f1o.<\/p>\n\n\n\n<p>Es importante hacer una distinci\u00f3n: el uso ocasional y cuidadoso de herramientas t\u00e9rmicas, con protecci\u00f3n t\u00e9rmica y a la temperatura adecuada, no causa da\u00f1os irreparables.<\/p>\n\n\n\n<p>El problema radica en el uso diario o muy frecuente sin protecci\u00f3n a temperaturas excesivamente altas.<\/p>\n\n\n\n<p>El uso de un protector t\u00e9rmico crea una barrera que ayuda a distribuir el calor de manera m\u00e1s uniforme y protege parcialmente la cut\u00edcula.<\/p>\n\n\n\n<p>Utilizar temperaturas m\u00e1s bajas, aunque lleve un poco m\u00e1s de tiempo, preserva la integridad de las hebras del cabello.<\/p>\n\n\n\n<p>Dejar que el cabello se seque al aire siempre que sea posible le da un respiro a las hebras.<\/p>\n\n\n\n<p>Las personas que se someten regularmente a tratamientos qu\u00edmicos y adem\u00e1s utilizan calor a diario est\u00e1n exponiendo su cabello a una combinaci\u00f3n de da\u00f1os devastadora.<\/p>\n\n\n\n<p>El cabello alisado qu\u00edmicamente y que adem\u00e1s se plancha a diario, o el cabello decolorado que adem\u00e1s se seca con secador a la m\u00e1xima temperatura todos los d\u00edas, sufre da\u00f1os extremos.<\/p>\n\n\n\n<p>En estos casos, una rotura grave es casi inevitable y puede dar la impresi\u00f3n de una ca\u00edda masiva.<\/p>\n\n\n\n<p>Otro tipo de da\u00f1o relacionado, pero distinto, es la alopecia por tracci\u00f3n.<\/p>\n\n\n\n<p>Esto ocurre cuando se tira del cabello repetidamente con fuerza, lo que provoca estr\u00e9s mec\u00e1nico en los fol\u00edculos.<\/p>\n\n\n\n<p>Los peinados muy ajustados, como las trenzas muy apretadas, los mo\u00f1os muy apretados, las coletas muy apretadas o el uso de extensiones de cabello pesadas que tiran del cabello, pueden causar esto.<\/p>\n\n\n\n<p>El estr\u00e9s constante sobre los fol\u00edculos puede da\u00f1arlos de forma permanente, especialmente en la l\u00ednea del cabello y las sienes, donde la piel es m\u00e1s fina.<\/p>\n\n\n\n<p>Este tipo de alopecia es m\u00e1s com\u00fan en personas que usan estos peinados a diario durante a\u00f1os.<\/p>\n\n\n\n<p>Inicialmente, la ca\u00edda del cabello es reversible si se elimina la causa del estr\u00e9s, pero si contin\u00faa durante un per\u00edodo prolongado, puede volverse permanente.<\/p>\n\n\n\n<p>Ahora bien, si mantienes tu cabello al natural, sin productos qu\u00edmicos y sin usar calor con frecuencia, estar\u00e1s evitando una importante fuente de da\u00f1o.<\/p>\n\n\n\n<p>El cabello natural tambi\u00e9n puede romperse por otras razones, como peinarlo con demasiada fuerza, usar gomas para el cabello demasiado apretadas o falta de hidrataci\u00f3n.<\/p>\n\n\n\n<p>Pero, en general, el cabello natural tiende a mantener mejor su integridad estructural.<\/p>\n\n\n\n<p>Es posible realizar procedimientos qu\u00edmicos de forma m\u00e1s segura respetando ciertos principios.<\/p>\n\n\n\n<p>Espacie los procedimientos adecuadamente, dejando tiempo para que el cabello se recupere entre cada aplicaci\u00f3n.<\/p>\n\n\n\n<p>Realice solo un tipo de tratamiento qu\u00edmico a la vez, evitando, por ejemplo, combinar el alisado y la coloraci\u00f3n.<\/p>\n\n\n\n<p>Busque profesionales cualificados que utilicen productos de calidad y t\u00e9cnicas adecuadas.<\/p>\n\n\n\n<p>Invierta considerablemente en tratamientos de reconstrucci\u00f3n e hidrataci\u00f3n para minimizar los da\u00f1os.<\/p>\n\n\n\n<p>Protege tu cabello del calor cuando uses herramientas de peinado t\u00e9rmicas.<\/p>\n\n\n\n<p>Pero es importante tener expectativas realistas: el cabello tratado qu\u00edmicamente nunca ser\u00e1 tan fuerte como el cabello virgen.<\/p>\n\n\n\n<p>Si sufres ca\u00edda o rotura del cabello y te sometes regularmente a tratamientos qu\u00edmicos o utilizas calor a diario, considera darle tiempo a tu cabello para que se recupere.<\/p>\n\n\n\n<p>A veces, un per\u00edodo de transici\u00f3n, dejando que el cabello crezca al natural o reduciendo dr\u00e1sticamente los tratamientos, permite ver cu\u00e1nto da\u00f1o hab\u00eda sufrido y cu\u00e1nto es ca\u00edda real del cabello.<\/p>\n\n\n\n\n\n\n<!--nextpage-->\n\n\n<div class=\"lazyblock-fb-quiz-perguntas-8gKDj wp-block-lazyblock-fb-quiz-perguntas\">\n<div id=\"quiz_69f5ccbec3063\" class=\"quiz-container\">\n    <h3>9. \u00bfToma usted alg\u00fan medicamento con regularidad?<\/h3>\n    \n    <div class=\"quiz-options\">\n                    <div class=\"quiz-option\" data-points=\"5\">\n                <input type=\"radio\" id=\"quiz_69f5ccbec3063_option_0\" name=\"quiz_option\" value=\"0\" class=\"quiz-radio\" data-points=\"5\">\n                <label for=\"quiz_69f5ccbec3063_option_0\" class=\"quiz-label\">\n                    S\u00ed, anticonceptivos o terapia hormonal.                <\/label>\n            <\/div>\n                    <div class=\"quiz-option\" data-points=\"10\">\n                <input type=\"radio\" id=\"quiz_69f5ccbec3063_option_1\" name=\"quiz_option\" value=\"1\" class=\"quiz-radio\" data-points=\"10\">\n                <label for=\"quiz_69f5ccbec3063_option_1\" class=\"quiz-label\">\n                    S\u00ed, antidepresivos o ansiol\u00edticos.                <\/label>\n            <\/div>\n                    <div class=\"quiz-option\" data-points=\"15\">\n                <input type=\"radio\" id=\"quiz_69f5ccbec3063_option_2\" name=\"quiz_option\" value=\"2\" class=\"quiz-radio\" data-points=\"15\">\n                <label for=\"quiz_69f5ccbec3063_option_2\" class=\"quiz-label\">\n                    S\u00ed, otros medicamentos de uso continuo.                <\/label>\n            <\/div>\n                    <div class=\"quiz-option\" data-points=\"20\">\n                <input type=\"radio\" id=\"quiz_69f5ccbec3063_option_3\" name=\"quiz_option\" value=\"3\" class=\"quiz-radio\" data-points=\"20\">\n                <label for=\"quiz_69f5ccbec3063_option_3\" class=\"quiz-label\">\n                    No tomo medicamentos con regularidad.                <\/label>\n            <\/div>\n            <\/div>\n    \n    <div class=\"quiz-navigation\">\n        <a href=\"https:\/\/mulherinteressante.net\/es\/quiz-causa-queda-cabelo\/2\/\" id=\"quiz_69f5ccbec3063_next\" class=\"quiz-btn next-question botao-cta\" style=\"background:#db4982;\">\n            Siguiente pregunta        <\/a>\n    <\/div>\n\n    <div class=\"quiz-error\" style=\"display:none\">\n        <h3>\u00a1Primero debes responder las preguntas anteriores!<\/h3>\n        <a href=\"https:\/\/mulherinteressante.net\/es\/quiz-causa-queda-cabelo\/?quiz_reset=1\" class=\"quiz-btn restart-quiz\" style=\"background:#db4982;\">\n            Iniciar prueba\n        <\/a>\n    <\/div>\n<\/div>\n\n<style>\n.quiz-container { text-align:center; padding:20px; }\n.quiz-container .quiz-options { display: flex; flex-direction: column; gap: 15px; margin: 20px 0; }\n.quiz-container .quiz-option { position: relative; width: 100%; }\n.quiz-container .quiz-radio { position: absolute; opacity: 0; width: 0; height: 0; }\n.quiz-container .quiz-label { display: block; padding: 15px 20px; background-color: #f8f8f8; border: 2px solid #e0e0e0; border-radius: 8px; cursor: pointer; transition: all 0.3s ease; font-size: 1.1em; }\n.quiz-container .quiz-radio:checked + .quiz-label { background-color: #e6f7ff; border-color: #1890ff; color: #1890ff; font-weight: bold; }\n.quiz-container .quiz-label:hover { background-color: #f0f0f0; border-color: #d0d0d0; }\n.quiz-container .quiz-btn { cursor: pointer; border-radius: 6px; font-weight: bold; transition: all 0.3s ease; display:inline-block; margin: 15px 0 5px; padding: 15px 20px; text-decoration:none!important; font-size: 1.1em; width:100%; color:#fff; }\n.quiz-container .quiz-navigation .next-question.disabled { opacity: 0.6; cursor: not-allowed; pointer-events: none; }\n<\/style>\n\n<script>\n(function() {\n    const quizId = 'quiz_69f5ccbec3063';\n    const quizContainer = document.getElementById(quizId);\n    const nextButton = document.getElementById(`${quizId}_next`);\n    const options = quizContainer.querySelectorAll('.quiz-radio');\n    const isLastQuestion = false;\n    const currentPage = 1;\n    \n    if (!sessionStorage.getItem('quizScores')) {\n        sessionStorage.setItem('quizScores', JSON.stringify({}));\n    }\n    \n    const urlParams = new URLSearchParams(window.location.search);\n    if (urlParams.has('quiz_reset')) {\n        sessionStorage.removeItem('quizScores');\n        sessionStorage.setItem('quizScores', JSON.stringify({}));\n    }\n    \n    const getTotalScore = () => {\n        const scores = JSON.parse(sessionStorage.getItem('quizScores') || '{}');\n        let total = 0;\n        Object.values(scores).forEach(score => {\n            total += parseInt(score);\n        });\n        return total;\n    };\n    \n    const updatePageScore = (points) => {\n        const scores = JSON.parse(sessionStorage.getItem('quizScores') || '{}');\n        scores[currentPage] = points;\n        sessionStorage.setItem('quizScores', JSON.stringify(scores));\n    };\n    \n    const checkPreviousPages = () => {\n        if (currentPage <= 1) return true;\n        \n        const scores = JSON.parse(sessionStorage.getItem('quizScores') || '{}');\n        for (let i = 1; i < currentPage; i++) {\n            if (scores[i] === undefined) {\n                return false;\n            }\n        }\n        return true;\n    };\n    \n    const scrollToNextButton = () => {\n        if (nextButton) {\n            const buttonRect = nextButton.getBoundingClientRect();\n            const scrollTop = window.pageYOffset || document.documentElement.scrollTop;\n            const targetPosition = buttonRect.top + scrollTop - 40;\n            window.scrollTo({\n                top: targetPosition,\n                behavior: 'smooth'\n            });\n            setTimeout(() => {\n                nextButton.focus();\n            }, 700);\n        }\n    };\n    \n    const updateResultQuery = () => {\n        if (!nextButton || !isLastQuestion) return;\n        \n        const urlString = nextButton.getAttribute('href');\n        const totalScore = getTotalScore();\n        const url = new URL(urlString, window.location.origin);\n        url.searchParams.set('qpt', totalScore);\n        nextButton.setAttribute('href', url.toString());\n    };\n    \n    if (!checkPreviousPages()) {\n        quizContainer.querySelectorAll(':scope > *:not(.quiz-error)').forEach(element => {\n            element.style.display = 'none';\n        });\n        quizContainer.querySelector('.quiz-error').style.display = 'block';\n        return;\n    }\n    \n    let selectedOption = null;\n    \n    const scores = JSON.parse(sessionStorage.getItem('quizScores') || '{}');\n    if (scores[currentPage] !== undefined) {\n        options.forEach(option => {\n            const points = parseInt(option.dataset.points);\n            if (points === parseInt(scores[currentPage])) {\n                option.checked = true;\n                selectedOption = option;\n                \n                if (nextButton) {\n                    nextButton.classList.remove('disabled');\n                    updateResultQuery();\n                }\n            }\n        });\n    } else {\n        if (nextButton) {\n            nextButton.classList.add('disabled');\n        }\n    }\n    \n    options.forEach(option => {\n        option.addEventListener('change', function() {\n            selectedOption = this;\n            const points = parseInt(this.dataset.points);\n            \n            updatePageScore(points);\n            \n            if (nextButton) {\n                nextButton.classList.remove('disabled');\n                updateResultQuery();\n                \n                setTimeout(() => {\n                    \/\/scrollToNextButton(); \/\/policy\n                }, 300);\n            }\n        });\n    });\n    \n    const restartButtons = document.querySelectorAll('.restart-quiz');\n    restartButtons.forEach(button => {\n        button.addEventListener('click', function() {\n            sessionStorage.removeItem('quizScores');\n        });\n    });\n})();\n<\/script><\/div>\n\n\n<hr class=\"wp-block-separator has-text-color has-alpha-channel-opacity has-background is-style-wide\" style=\"background-color:#dedede;color:#dedede\"\/>\n\n\n<div class='code-block code-block-4' style='margin: 8px auto; text-align: center; display: block; clear: both;'>\n<div id=\"mi_content_2_wrapper\" align=\"center\" style=\"width: 100%; margin-top: 2rem; margin-bottom: 2rem; min-height: 400px;\">\n    <div>\n        <p style=\"font-size:9px; text-transform:uppercase; text-align:center; color:#9a9a9a\">\n            Anuncios\n        <\/p>\n        <div id=\"mi_content_2\">\n        <\/div>\n    <\/div>\n<\/div><\/div>\n\n\n\n\n<h4 class=\"wp-block-heading\"><strong>Medicamentos que pueden afectar el cabello<\/strong><\/h4>\n\n\n\n<p>Los medicamentos son sustancias qu\u00edmicas desarrolladas para tratar enfermedades, aliviar s\u00edntomas o mejorar el estado de salud.<\/p>\n\n\n\n<p>Si bien son herramientas extremadamente importantes y a menudo necesarias en la medicina moderna, pr\u00e1cticamente todos los medicamentos pueden causar efectos secundarios que van m\u00e1s all\u00e1 de los previstos.<\/p>\n\n\n\n<p>Estos efectos no deseados se denominan efectos secundarios, y la ca\u00edda del cabello es un efecto secundario relativamente com\u00fan de diversos tipos de medicamentos.<\/p>\n\n\n\n<p>Comprender si alg\u00fan medicamento que est\u00e9 tomando puede estar contribuyendo a la ca\u00edda del cabello es una pieza importante del rompecabezas diagn\u00f3stico.<\/p>\n\n\n\n<p>Existen diferentes mecanismos por los cuales los medicamentos pueden causar la ca\u00edda del cabello.<\/p>\n\n\n\n<p>Algunos medicamentos inducen el efluvio tel\u00f3geno, lo que provoca que un mayor n\u00famero de fol\u00edculos entren prematuramente en la fase de reposo.<\/p>\n\n\n\n<p>Entre dos y tres meses despu\u00e9s de comenzar la medicaci\u00f3n, estos fol\u00edculos entran simult\u00e1neamente en la fase de desprendimiento, lo que provoca un aumento notable de la ca\u00edda del cabello.<\/p>\n\n\n\n<p>Otros medicamentos provocan efluvio an\u00e1geno, que afecta a los fol\u00edculos durante la fase de crecimiento activo.<\/p>\n\n\n\n<p>Esto es menos frecuente y suele estar asociado a medicamentos muy potentes, como los f\u00e1rmacos de quimioterapia utilizados en el tratamiento del c\u00e1ncer.<\/p>\n\n\n\n<p>Algunos medicamentos alteran los niveles hormonales en el cuerpo, y estos cambios hormonales pueden afectar secundariamente al cabello.<\/p>\n\n\n\n<p>Otros factores pueden provocar deficiencias nutricionales que, indirectamente, perjudican el crecimiento del cabello.<\/p>\n\n\n\n<p>Analicemos las categor\u00edas m\u00e1s comunes de medicamentos que pueden afectar al cabello.<\/p>\n\n\n\n<p>Los anticonceptivos hormonales, conocidos popularmente como p\u00edldoras anticonceptivas, contienen versiones sint\u00e9ticas de las hormonas femeninas estr\u00f3geno y progesterona.<\/p>\n\n\n\n<p>Estas hormonas sint\u00e9ticas suprimen la ovulaci\u00f3n y regulan el ciclo menstrual.<\/p>\n\n\n\n<p>La relaci\u00f3n entre las p\u00edldoras anticonceptivas y la ca\u00edda del cabello es compleja y puede ir en dos direcciones opuestas.<\/p>\n\n\n\n<p>Algunas f\u00f3rmulas en pastillas pueden mejorar el cabello, especialmente en mujeres con s\u00edndrome de ovario poliqu\u00edstico u otras afecciones con exceso de andr\u00f3genos.<\/p>\n\n\n\n<p>Las p\u00edldoras que contienen progest\u00e1genos con propiedades antiandrog\u00e9nicas ayudan a reducir el efecto de los andr\u00f3genos en los fol\u00edculos pilosos e incluso pueden mejorar la alopecia androgen\u00e9tica.<\/p>\n\n\n\n<p>Por otro lado, las p\u00edldoras que contienen progest\u00e1genos con actividad androg\u00e9nica pueden empeorar la ca\u00edda del cabello en mujeres gen\u00e9ticamente predispuestas.<\/p>\n\n\n\n<p>Adem\u00e1s, tanto empezar a tomar p\u00edldoras anticonceptivas como dejar de tomarlas representan un cambio hormonal significativo para el cuerpo.<\/p>\n\n\n\n<p>Este cambio puede desencadenar un efluvio tel\u00f3geno temporal, con un aumento de la ca\u00edda del cabello dos o tres meses despu\u00e9s del cambio.<\/p>\n\n\n\n<p>Esto es particularmente com\u00fan cuando una mujer deja de tomar la p\u00edldora despu\u00e9s de a\u00f1os de uso.<\/p>\n\n\n\n<p>Mientras se tomaba la p\u00edldora, las hormonas sint\u00e9ticas manten\u00edan un mayor n\u00famero de cabellos en la fase de crecimiento.<\/p>\n\n\n\n<p>Cuando se interrumpe la toma de la p\u00edldora y las hormonas naturales regresan, muchos cabellos entran simult\u00e1neamente en la fase de reposo y se caen meses despu\u00e9s.<\/p>\n\n\n\n<p>Esta ca\u00edda del cabello posterior al tratamiento con pastillas suele ser temporal y se resuelve por s\u00ed sola en un plazo de seis a doce meses.<\/p>\n\n\n\n<p>Las terapias de reemplazo hormonal utilizadas por las mujeres menop\u00e1usicas tambi\u00e9n pueden afectar al cabello de diversas maneras, dependiendo de la formulaci\u00f3n espec\u00edfica.<\/p>\n\n\n\n<p>Los antidepresivos y ansiol\u00edticos son medicamentos que se utilizan para tratar la depresi\u00f3n, la ansiedad y otros trastornos de salud mental.<\/p>\n\n\n\n<p>Si bien son extremadamente importantes y a menudo necesarios, algunos de estos medicamentos pueden causar p\u00e9rdida de cabello como efecto secundario en un porcentaje de personas.<\/p>\n\n\n\n<p>La clase de antidepresivos denominados inhibidores selectivos de la recaptaci\u00f3n de serotonina, conocidos por el acr\u00f3nimo ISRS, que incluye medicamentos como la fluoxetina, la sertralina y el escitalopram, pueden provocar ca\u00eddas en algunas personas.<\/p>\n\n\n\n<p>Los antidepresivos tric\u00edclicos, una clase m\u00e1s antigua de f\u00e1rmacos, tambi\u00e9n tienen la ca\u00edda del cabello como posible efecto secundario.<\/p>\n\n\n\n<p>Los estabilizadores del estado de \u00e1nimo que se utilizan para tratar el trastorno bipolar, como el litio y algunos anticonvulsivos, tambi\u00e9n pueden afectar al cabello.<\/p>\n\n\n\n<p>Es importante destacar que no todas las personas que toman estos medicamentos desarrollan p\u00e9rdida de cabello.<\/p>\n\n\n\n<p>La incidencia var\u00eda en funci\u00f3n del medicamento espec\u00edfico y la susceptibilidad individual.<\/p>\n\n\n\n<p>Para muchas personas, los beneficios de tratar adecuadamente su problema de salud mental superan con creces los posibles efectos secundarios en su cabello.<\/p>\n\n\n\n<p>Nunca deje de tomar medicamentos psiqui\u00e1tricos sin consultar a un m\u00e9dico, ya que esto puede ser peligroso.<\/p>\n\n\n\n<p>Si sospecha que su antidepresivo le est\u00e1 causando ca\u00edda del cabello, hable con su psiquiatra sobre posibles alternativas.<\/p>\n\n\n\n<p>A menudo es posible cambiar a otro medicamento de la misma clase o de una clase diferente que no le produzca este efecto.<\/p>\n\n\n\n<p>Los medicamentos para la presi\u00f3n arterial alta, especialmente los llamados betabloqueantes, pueden provocar ca\u00eddas en algunas personas.<\/p>\n\n\n\n<p>Los anticoagulantes, medicamentos que diluyen la sangre para prevenir la formaci\u00f3n de co\u00e1gulos, tambi\u00e9n tienen gotas enumeradas como un posible efecto secundario.<\/p>\n\n\n\n<p>Los medicamentos para reducir el colesterol, especialmente las estatinas, ocasionalmente provocan una disminuci\u00f3n, aunque esto es relativamente raro.<\/p>\n\n\n\n<p>Algunos medicamentos para problemas de tiroides, tanto para el hipertiroidismo como para el hipotiroidismo, pueden provocar parad\u00f3jicamente una bajada temporal de la presi\u00f3n arterial al inicio del tratamiento.<\/p>\n\n\n\n<p>Esto suele mejorar a medida que los niveles de hormona tiroidea vuelven a la normalidad.<\/p>\n\n\n\n<p>Los medicamentos para el acn\u00e9, especialmente los que contienen isotretino\u00edna, pueden provocar ca\u00edda y debilitamiento del cabello durante el tratamiento.<\/p>\n\n\n\n<p>Este efecto suele revertirse tras suspender la medicaci\u00f3n.<\/p>\n\n\n\n<p>Los suplementos y las vitaminas, aunque generalmente se consideran inofensivos, tambi\u00e9n pueden causar problemas si se toman en exceso.<\/p>\n\n\n\n<p>El exceso de vitamina A es una causa conocida de la ca\u00edda del cabello.<\/p>\n\n\n\n<p>Tomar varios suplementos simult\u00e1neamente sin supervisi\u00f3n m\u00e9dica puede provocar sobredosis accidentales.<\/p>\n\n\n\n<p>Los esteroides anab\u00f3licos, utilizados ilegalmente por algunas personas para aumentar la masa muscular, son derivados sint\u00e9ticos de la testosterona.<\/p>\n\n\n\n<p>Aumentan dr\u00e1sticamente los niveles de andr\u00f3genos en el cuerpo y pueden provocar alopecia androg\u00e9nica acelerada en individuos gen\u00e9ticamente predispuestos.<\/p>\n\n\n\n<p>En las mujeres, los esteroides anab\u00f3licos suelen provocar la ca\u00edda del cabello en el cuero cabelludo, a la vez que estimulan el crecimiento del vello facial y corporal.<\/p>\n\n\n\n<p>Los medicamentos inmunosupresores que se utilizan despu\u00e9s de trasplantes de \u00f3rganos o en el tratamiento de enfermedades autoinmunes pueden tener efectos variables sobre el cabello.<\/p>\n\n\n\n<p>Los corticosteroides, dependiendo de la dosis y la duraci\u00f3n del uso, pueden provocar la ca\u00edda del cabello y, parad\u00f3jicamente, utilizarse en el tratamiento de ciertas formas de alopecia.<\/p>\n\n\n\n<p>Los f\u00e1rmacos de quimioterapia utilizados en el tratamiento del c\u00e1ncer son quiz\u00e1s los medicamentos m\u00e1s conocidos por causar ca\u00edda del cabello.<\/p>\n\n\n\n<p>Estos medicamentos atacan las c\u00e9lulas que se dividen r\u00e1pidamente, incluidas las c\u00e9lulas cancerosas, pero tambi\u00e9n las c\u00e9lulas de los fol\u00edculos pilosos.<\/p>\n\n\n\n<p>La mayor\u00eda de los f\u00e1rmacos de quimioterapia provocan una ca\u00edda del cabello difusa y, a menudo, total durante el tratamiento, pero el cabello suele volver a crecer una vez finalizada la quimioterapia.<\/p>\n\n\n\n<p>Si est\u00e1 tomando alg\u00fan medicamento con regularidad y ha empezado a notar ca\u00edda del cabello despu\u00e9s de comenzar a tomarlo, es importante establecer la conexi\u00f3n temporal.<\/p>\n\n\n\n<p>Anota cu\u00e1ndo empezaste a tomar la medicaci\u00f3n y cu\u00e1ndo notaste por primera vez la ca\u00edda del cabello.<\/p>\n\n\n\n<p>Recuerde que, en el caso del efluvio tel\u00f3geno inducido por f\u00e1rmacos, la ca\u00edda del cabello aparece entre dos y tres meses despu\u00e9s de comenzar el tratamiento.<\/p>\n\n\n\n<p>Hable con el m\u00e9dico que le recet\u00f3 el medicamento sobre esta posible relaci\u00f3n.<\/p>\n\n\n\n<p>Nunca deje de tomar los medicamentos recetados por su cuenta, especialmente los medicamentos para afecciones graves como la presi\u00f3n arterial alta, la diabetes, los problemas card\u00edacos o las afecciones psiqui\u00e1tricas.<\/p>\n\n\n\n<p>Una interrupci\u00f3n brusca puede ser peligrosa y causar graves problemas de salud.<\/p>\n\n\n\n<p>El m\u00e9dico puede evaluar si existe una alternativa viable que no cause este efecto, o si los beneficios del medicamento a\u00fan superan los efectos secundarios.<\/p>\n\n\n\n<p>A veces, simplemente ajustar la dosis puede marcar la diferencia.<\/p>\n\n\n\n<p>En otros casos, puede ser necesario aceptar el efecto secundario si el medicamento es absolutamente necesario para su salud.<\/p>\n\n\n\n<p>Afortunadamente, en la mayor\u00eda de los casos, la ca\u00edda del cabello inducida por f\u00e1rmacos es temporal y reversible.<\/p>\n\n\n\n<p>Cuando se interrumpe o se cambia el medicamento causante del problema, el crecimiento normal del cabello tiende a reanudarse en pocos meses.<\/p>\n\n\n\n\n\n\n<!--nextpage-->\n\n\n<div class=\"lazyblock-fb-quiz-perguntas-lWkSY wp-block-lazyblock-fb-quiz-perguntas\">\n<div id=\"quiz_69f5ccbec3924\" class=\"quiz-container\">\n    <h3>10. \u00bfC\u00f3mo calificar\u00eda su nivel de estr\u00e9s actual?<\/h3>\n    \n    <div class=\"quiz-options\">\n                    <div class=\"quiz-option\" data-points=\"5\">\n                <input type=\"radio\" id=\"quiz_69f5ccbec3924_option_0\" name=\"quiz_option\" value=\"0\" class=\"quiz-radio\" data-points=\"5\">\n                <label for=\"quiz_69f5ccbec3924_option_0\" class=\"quiz-label\">\n                    Es muy alto, tengo dificultades para dormir y relajarme.                <\/label>\n            <\/div>\n                    <div class=\"quiz-option\" data-points=\"10\">\n                <input type=\"radio\" id=\"quiz_69f5ccbec3924_option_1\" name=\"quiz_option\" value=\"1\" class=\"quiz-radio\" data-points=\"10\">\n                <label for=\"quiz_69f5ccbec3924_option_1\" class=\"quiz-label\">\n                    Moderado, pero manejable.                <\/label>\n            <\/div>\n                    <div class=\"quiz-option\" data-points=\"15\">\n                <input type=\"radio\" id=\"quiz_69f5ccbec3924_option_2\" name=\"quiz_option\" value=\"2\" class=\"quiz-radio\" data-points=\"15\">\n                <label for=\"quiz_69f5ccbec3924_option_2\" class=\"quiz-label\">\n                    Me siento deca\u00eddo, estoy en una fase de calma.                <\/label>\n            <\/div>\n                    <div class=\"quiz-option\" data-points=\"20\">\n                <input type=\"radio\" id=\"quiz_69f5ccbec3924_option_3\" name=\"quiz_option\" value=\"3\" class=\"quiz-radio\" data-points=\"20\">\n                <label for=\"quiz_69f5ccbec3924_option_3\" class=\"quiz-label\">\n                    Variable, con altibajos.                <\/label>\n            <\/div>\n            <\/div>\n    \n    <div class=\"quiz-navigation\">\n        <a href=\"https:\/\/mulherinteressante.net\/es\/quiz-causa-queda-cabelo\/2\/\" id=\"quiz_69f5ccbec3924_next\" class=\"quiz-btn next-question botao-cta av-rewarded\" style=\"background:#db4982;\">\n            Ver resultado        <\/a>\n    <\/div>\n\n    <div class=\"quiz-error\" style=\"display:none\">\n        <h3>\u00a1Primero debes responder las preguntas anteriores!<\/h3>\n        <a href=\"https:\/\/mulherinteressante.net\/es\/quiz-causa-queda-cabelo\/?quiz_reset=1\" class=\"quiz-btn restart-quiz\" style=\"background:#db4982;\">\n            Iniciar prueba\n        <\/a>\n    <\/div>\n<\/div>\n\n<style>\n.quiz-container { text-align:center; padding:20px; }\n.quiz-container .quiz-options { display: flex; flex-direction: column; gap: 15px; margin: 20px 0; }\n.quiz-container .quiz-option { position: relative; width: 100%; }\n.quiz-container .quiz-radio { position: absolute; opacity: 0; width: 0; height: 0; }\n.quiz-container .quiz-label { display: block; padding: 15px 20px; background-color: #f8f8f8; border: 2px solid #e0e0e0; border-radius: 8px; cursor: pointer; transition: all 0.3s ease; font-size: 1.1em; }\n.quiz-container .quiz-radio:checked + .quiz-label { background-color: #e6f7ff; border-color: #1890ff; color: #1890ff; font-weight: bold; }\n.quiz-container .quiz-label:hover { background-color: #f0f0f0; border-color: #d0d0d0; }\n.quiz-container .quiz-btn { cursor: pointer; border-radius: 6px; font-weight: bold; transition: all 0.3s ease; display:inline-block; margin: 15px 0 5px; padding: 15px 20px; text-decoration:none!important; font-size: 1.1em; width:100%; color:#fff; }\n.quiz-container .quiz-navigation .next-question.disabled { opacity: 0.6; cursor: not-allowed; pointer-events: none; }\n<\/style>\n\n<script>\n(function() {\n    const quizId = 'quiz_69f5ccbec3924';\n    const quizContainer = document.getElementById(quizId);\n    const nextButton = document.getElementById(`${quizId}_next`);\n    const options = quizContainer.querySelectorAll('.quiz-radio');\n    const isLastQuestion = true;\n    const currentPage = 1;\n    \n    if (!sessionStorage.getItem('quizScores')) {\n        sessionStorage.setItem('quizScores', JSON.stringify({}));\n    }\n    \n    const urlParams = new URLSearchParams(window.location.search);\n    if (urlParams.has('quiz_reset')) {\n        sessionStorage.removeItem('quizScores');\n        sessionStorage.setItem('quizScores', JSON.stringify({}));\n    }\n    \n    const getTotalScore = () => {\n        const scores = JSON.parse(sessionStorage.getItem('quizScores') || '{}');\n        let total = 0;\n        Object.values(scores).forEach(score => {\n            total += parseInt(score);\n        });\n        return total;\n    };\n    \n    const updatePageScore = (points) => {\n        const scores = JSON.parse(sessionStorage.getItem('quizScores') || '{}');\n        scores[currentPage] = points;\n        sessionStorage.setItem('quizScores', JSON.stringify(scores));\n    };\n    \n    const checkPreviousPages = () => {\n        if (currentPage <= 1) return true;\n        \n        const scores = JSON.parse(sessionStorage.getItem('quizScores') || '{}');\n        for (let i = 1; i < currentPage; i++) {\n            if (scores[i] === undefined) {\n                return false;\n            }\n        }\n        return true;\n    };\n    \n    const scrollToNextButton = () => {\n        if (nextButton) {\n            const buttonRect = nextButton.getBoundingClientRect();\n            const scrollTop = window.pageYOffset || document.documentElement.scrollTop;\n            const targetPosition = buttonRect.top + scrollTop - 40;\n            window.scrollTo({\n                top: targetPosition,\n                behavior: 'smooth'\n            });\n            setTimeout(() => {\n                nextButton.focus();\n            }, 700);\n        }\n    };\n    \n    const updateResultQuery = () => {\n        if (!nextButton || !isLastQuestion) return;\n        \n        const urlString = nextButton.getAttribute('href');\n        const totalScore = getTotalScore();\n        const url = new URL(urlString, window.location.origin);\n        url.searchParams.set('qpt', totalScore);\n        nextButton.setAttribute('href', url.toString());\n    };\n    \n    if (!checkPreviousPages()) {\n        quizContainer.querySelectorAll(':scope > *:not(.quiz-error)').forEach(element => {\n            element.style.display = 'none';\n        });\n        quizContainer.querySelector('.quiz-error').style.display = 'block';\n        return;\n    }\n    \n    let selectedOption = null;\n    \n    const scores = JSON.parse(sessionStorage.getItem('quizScores') || '{}');\n    if (scores[currentPage] !== undefined) {\n        options.forEach(option => {\n            const points = parseInt(option.dataset.points);\n            if (points === parseInt(scores[currentPage])) {\n                option.checked = true;\n                selectedOption = option;\n                \n                if (nextButton) {\n                    nextButton.classList.remove('disabled');\n                    updateResultQuery();\n                }\n            }\n        });\n    } else {\n        if (nextButton) {\n            nextButton.classList.add('disabled');\n        }\n    }\n    \n    options.forEach(option => {\n        option.addEventListener('change', function() {\n            selectedOption = this;\n            const points = parseInt(this.dataset.points);\n            \n            updatePageScore(points);\n            \n            if (nextButton) {\n                nextButton.classList.remove('disabled');\n                updateResultQuery();\n                \n                setTimeout(() => {\n                    \/\/scrollToNextButton(); \/\/policy\n                }, 300);\n            }\n        });\n    });\n    \n    const restartButtons = document.querySelectorAll('.restart-quiz');\n    restartButtons.forEach(button => {\n        button.addEventListener('click', function() {\n            sessionStorage.removeItem('quizScores');\n        });\n    });\n})();\n<\/script><\/div>\n\n\n<p class=\"has-text-align-center has-small-font-size\"><em>Mira el anuncio para ver tu resultado.<\/em><\/p>\n\n\n\n<hr class=\"wp-block-separator has-text-color has-alpha-channel-opacity has-background is-style-wide\" style=\"background-color:#dedede;color:#dedede\"\/>\n\n\n<div class='code-block code-block-4' style='margin: 8px auto; text-align: center; display: block; clear: both;'>\n<div id=\"mi_content_2_wrapper\" align=\"center\" style=\"width: 100%; margin-top: 2rem; margin-bottom: 2rem; min-height: 400px;\">\n    <div>\n        <p style=\"font-size:9px; text-transform:uppercase; text-align:center; color:#9a9a9a\">\n            Anuncios\n        <\/p>\n        <div id=\"mi_content_2\">\n        <\/div>\n    <\/div>\n<\/div><\/div>\n\n\n\n\n<h4 class=\"wp-block-heading\"><strong>El profundo impacto del estr\u00e9s en la salud del cabello<\/strong><\/h4>\n\n\n\n<p>El estr\u00e9s es la respuesta natural del cuerpo ante situaciones desafiantes, amenazantes o exigentes.<\/p>\n\n\n\n<p>Cuando te enfrentas a una situaci\u00f3n estresante, tu cuerpo activa un complejo sistema de hormonas y reacciones fisiol\u00f3gicas dise\u00f1ado para ayudarte a afrontar la amenaza.<\/p>\n\n\n\n<p>Este sistema, conocido como respuesta de lucha o huida, se desarroll\u00f3 a lo largo de la evoluci\u00f3n para hacer frente a amenazas f\u00edsicas inmediatas, como huir de un depredador.<\/p>\n\n\n\n<p>En el mundo moderno, rara vez nos encontramos con depredadores literales, pero nuestros cuerpos reaccionan de la misma manera ante el estr\u00e9s psicol\u00f3gico y emocional.<\/p>\n\n\n\n<p>El problema es que nuestros factores de estr\u00e9s modernos tienden a ser cr\u00f3nicos y prolongados, en lugar de agudos y temporales.<\/p>\n\n\n\n<p>Y cuando el estr\u00e9s se vuelve cr\u00f3nico, los efectos sobre la salud, incluida la salud del cabello, pueden ser significativos y persistentes.<\/p>\n\n\n\n<p>Analicemos en detalle c\u00f3mo el estr\u00e9s afecta al cabello a trav\u00e9s de m\u00faltiples mecanismos.<\/p>\n\n\n\n<p>Cuando est\u00e1s estresado, tu cuerpo libera una cascada de hormonas, principalmente cortisol y adrenalina.<\/p>\n\n\n\n<p>El cortisol suele denominarse la hormona del estr\u00e9s porque sus niveles aumentan dr\u00e1sticamente durante situaciones estresantes.<\/p>\n\n\n\n<p>Estas hormonas preparan el cuerpo para la acci\u00f3n inmediata aumentando la frecuencia card\u00edaca, elevando la presi\u00f3n arterial, dirigiendo la glucosa a los m\u00fasculos y al cerebro, y activando el sistema inmunol\u00f3gico.<\/p>\n\n\n\n<p>Pero tambi\u00e9n desv\u00edan recursos de funciones que no son esenciales para la supervivencia.<\/p>\n\n\n\n<p>Y el crecimiento del vello no es esencial cuando tu cuerpo cree que est\u00e1s en peligro.<\/p>\n\n\n\n<p>Los niveles cr\u00f3nicamente elevados de cortisol pueden provocar que un mayor n\u00famero de fol\u00edculos pilosos pasen prematuramente de la fase de crecimiento activo a la fase de reposo.<\/p>\n\n\n\n<p>Se trata de un mecanismo de ahorro de recursos; b\u00e1sicamente, el cuerpo est\u00e1 diciendo que no puede permitirse el lujo de gastar energ\u00eda en el crecimiento del cabello cuando los recursos son escasos.<\/p>\n\n\n\n<p>Aproximadamente dos o tres meses despu\u00e9s de un per\u00edodo de estr\u00e9s intenso, todos esos fol\u00edculos que entraron prematuramente en la fase de reposo llegan al final de esta fase y el cabello se cae simult\u00e1neamente.<\/p>\n\n\n\n<p>Esto provoca un aumento repentino y dr\u00e1stico de la ca\u00edda del cabello, lo que caracteriza al efluvio tel\u00f3geno agudo.<\/p>\n\n\n\n<p>Muchas personas no relacionan el evento estresante con la ca\u00edda debido al intervalo de tiempo que transcurre entre ambos sucesos.<\/p>\n\n\n\n<p>En enero pasaste por una situaci\u00f3n muy dif\u00edcil, y solo en abril empiezas a notar un descenso significativo.<\/p>\n\n\n\n<p>Han pasado los meses, puede que incluso te sientas mejor an\u00edmicamente, pero entonces empiezas a tener el pelo a un ritmo alarmante.<\/p>\n\n\n\n<p>Es importante establecer esta conexi\u00f3n temporal para comprender que la interrupci\u00f3n es reactiva y probablemente temporal.<\/p>\n\n\n\n<p>El estr\u00e9s cr\u00f3nico, aquel que persiste durante semanas, meses o a\u00f1os, puede generar un estado de deterioro persistente.<\/p>\n\n\n\n<p>Si vives constantemente en un estado de estr\u00e9s elevado sin per\u00edodos de recuperaci\u00f3n adecuados, tus fol\u00edculos pueden quedar atrapados en un patr\u00f3n disfuncional.<\/p>\n\n\n\n<p>En lugar de un episodio aislado de efluvio tel\u00f3geno que se resuelve solo, es posible que experimente una ca\u00edda continua del cabello que persista mientras el estr\u00e9s contin\u00fae.<\/p>\n\n\n\n<p>Adem\u00e1s de los efectos directos del cortisol, el estr\u00e9s afecta al cabello a trav\u00e9s de comportamientos asociados.<\/p>\n\n\n\n<p>Las personas que sufren mucho estr\u00e9s suelen dormir mal, y la falta de sue\u00f1o por s\u00ed sola afecta negativamente al crecimiento del cabello.<\/p>\n\n\n\n<p>Durante el sue\u00f1o profundo, el cuerpo realiza reparaciones y renovaciones celulares, incluso en los fol\u00edculos pilosos.<\/p>\n\n\n\n<p>La falta cr\u00f3nica de sue\u00f1o priva al cuerpo de este tiempo de recuperaci\u00f3n.<\/p>\n\n\n\n<p>El estr\u00e9s tambi\u00e9n afecta los h\u00e1bitos alimenticios de muchas personas.<\/p>\n\n\n\n<p>Algunas personas pierden completamente el apetito cuando est\u00e1n estresadas y comen mucho menos de lo que necesitan.<\/p>\n\n\n\n<p>Otros recurren a la comida reconfortante, a los alimentos ultraprocesados, azucarados o grasos que aportan calor\u00edas pero pocos nutrientes.<\/p>\n\n\n\n<p>Ambos patrones pueden provocar deficiencias nutricionales que afectan al cabello.<\/p>\n\n\n\n<p>Las personas estresadas tambi\u00e9n tienden a descuidar su autocuidado, incluido el cuidado del cabello.<\/p>\n\n\n\n<p>Lavar, acondicionar y tratar adecuadamente el cabello puede convertirse en una prioridad cuando uno se siente emocionalmente abrumado.<\/p>\n\n\n\n<p>El estr\u00e9s cr\u00f3nico tambi\u00e9n afecta al sistema inmunitario de maneras complejas.<\/p>\n\n\n\n<p>Curiosamente, niveles moderados de estr\u00e9s agudo pueden activar temporalmente el sistema inmunol\u00f3gico.<\/p>\n\n\n\n<p>Pero el estr\u00e9s cr\u00f3nico y prolongado tiende a suprimir la funci\u00f3n inmunol\u00f3gica, lo que te hace m\u00e1s susceptible a las infecciones.<\/p>\n\n\n\n<p>Por otro lado, el estr\u00e9s cr\u00f3nico tambi\u00e9n puede desregular el sistema inmunol\u00f3gico de tal manera que comience a atacar los propios tejidos del cuerpo.<\/p>\n\n\n\n<p>Existen pruebas de que el estr\u00e9s puede ser un factor desencadenante del desarrollo o el empeoramiento de enfermedades autoinmunes, incluida la alopecia areata.<\/p>\n\n\n\n<p>La alopecia areata es una afecci\u00f3n en la que el sistema inmunitario ataca los fol\u00edculos pilosos, provocando la aparici\u00f3n de parches circulares de calvicie.<\/p>\n\n\n\n<p>Si bien el estr\u00e9s por s\u00ed solo no causa alopecia areata en alguien sin predisposici\u00f3n gen\u00e9tica, puede ser el desencadenante de la afecci\u00f3n en individuos gen\u00e9ticamente susceptibles.<\/p>\n\n\n\n<p>Muchas personas con alopecia areata informan que el primer episodio o las reca\u00eddas ocurrieron durante o poco despu\u00e9s de per\u00edodos de estr\u00e9s intenso.<\/p>\n\n\n\n<p>El estr\u00e9s tambi\u00e9n puede empeorar afecciones inflamatorias del cuero cabelludo, como la dermatitis seborreica y la psoriasis.<\/p>\n\n\n\n<p>El aumento de la inflamaci\u00f3n puede contribuir a una mayor ca\u00edda del cabello o a molestias en el cuero cabelludo.<\/p>\n\n\n\n<p>Otro comportamiento relacionado con el estr\u00e9s que afecta directamente al cabello es la tricotiloman\u00eda.<\/p>\n\n\n\n<p>La tricotiloman\u00eda es un trastorno caracterizado por la necesidad irresistible de arrancarse el propio cabello.<\/p>\n\n\n\n<p>Por lo general, comienza como un mecanismo para afrontar el estr\u00e9s o la ansiedad, y puede convertirse en un h\u00e1bito compulsivo dif\u00edcil de controlar.<\/p>\n\n\n\n<p>Las personas que padecen tricotiloman\u00eda se arrancan el pelo del cuero cabelludo, las cejas, las pesta\u00f1as u otras zonas, creando calvas visibles.<\/p>\n\n\n\n<p>Esta afecci\u00f3n requiere un tratamiento psicol\u00f3gico especializado, que generalmente incluye terapia cognitivo-conductual.<\/p>\n\n\n\n<p>Es importante distinguir entre los diferentes niveles y tipos de estr\u00e9s.<\/p>\n\n\n\n<p>El estr\u00e9s agudo es aquel que se origina a ra\u00edz de un acontecimiento espec\u00edfico y de duraci\u00f3n limitada: una cirug\u00eda, la p\u00e9rdida de un ser querido, un divorcio o la p\u00e9rdida del empleo.<\/p>\n\n\n\n<p>Este tipo de estr\u00e9s, aunque intenso, tiene un principio y un final relativamente definidos.<\/p>\n\n\n\n<p>La ca\u00edda del cabello resultante suele ser un episodio aislado que se resuelve por s\u00ed solo una vez que el cuerpo se recupera del suceso.<\/p>\n\n\n\n<p>El estr\u00e9s cr\u00f3nico es aquel que persiste de forma continua: un trabajo extremadamente exigente, una relaci\u00f3n abusiva, problemas financieros constantes, el cuidado de un familiar enfermo durante un per\u00edodo prolongado.<\/p>\n\n\n\n<p>Este estr\u00e9s no tiene un final claro y mantiene al cuerpo en un estado de alerta constante.<\/p>\n\n\n\n<p>El deterioro resultante puede ser m\u00e1s persistente y dif\u00edcil de resolver mientras persista la fuente de estr\u00e9s.<\/p>\n\n\n\n<p>Tambi\u00e9n cabe mencionar que la ca\u00edda del cabello en s\u00ed misma puede convertirse en una fuente adicional de estr\u00e9s, creando un c\u00edrculo vicioso.<\/p>\n\n\n\n<p>Est\u00e1s estresado, lo que provoca la ca\u00edda del cabello, y luego te estresas a\u00fan m\u00e1s porque est\u00e1s perdiendo cabello, lo que empeora la ca\u00edda del cabello.<\/p>\n\n\n\n<p>Para romper este ciclo es necesario abordar tanto el estr\u00e9s subyacente como la ansiedad relacionada con el cabello.<\/p>\n\n\n\n<p>Gestionar el estr\u00e9s de forma eficaz puede tener un profundo impacto no solo en tu cabello, sino tambi\u00e9n en tu salud en general.<\/p>\n\n\n\n<p>Entre las t\u00e9cnicas probadas se incluye el ejercicio f\u00edsico regular, que reduce el cortisol y libera endorfinas.<\/p>\n\n\n\n<p>Pr\u00e1cticas de atenci\u00f3n plena y meditaci\u00f3n que ayudan a regular la respuesta al estr\u00e9s.<\/p>\n\n\n\n<p>Terapia psicol\u00f3gica para desarrollar estrategias de afrontamiento m\u00e1s saludables.<\/p>\n\n\n\n<p>Un sue\u00f1o de calidad suficiente, priorizando entre siete y nueve horas por noche.<\/p>\n\n\n\n<p>Conexiones sociales significativas y tiempo con personas que nos apoyan.<\/p>\n\n\n\n<p>Aficiones y actividades placenteras que brindan evasi\u00f3n y relajaci\u00f3n.<\/p>\n\n\n\n<p>Establece l\u00edmites saludables en el trabajo y en tus relaciones personales.<\/p>\n\n\n\n<p>En algunos casos, la medicaci\u00f3n puede ser apropiada para controlar la ansiedad o la depresi\u00f3n que alimentan el estr\u00e9s cr\u00f3nico.<\/p>\n\n\n\n<p>Es fundamental comprender que no es necesario estar en una crisis total para que el estr\u00e9s afecte al cabello.<\/p>\n\n\n\n<p>Incluso un estr\u00e9s moderado pero sostenido puede tener un impacto con el tiempo.<\/p>\n\n\n\n<p>Si calificaste tu nivel de estr\u00e9s como muy alto, con s\u00edntomas como dificultad para dormir y relajarse, esto definitivamente podr\u00eda estar contribuyendo a tu declive.<\/p>\n\n\n\n<p>Se clasific\u00f3 como moderado pero manejable; a\u00fan hay margen de mejora en las estrategias de manejo del estr\u00e9s.<\/p>\n\n\n\n<p>Si todo marcha bien, es probable que este factor no est\u00e9 contribuyendo al descenso actual.<\/p>\n\n\n\n<p>Si fluct\u00faa con altibajos, preste atenci\u00f3n a los patrones y observe si los per\u00edodos de mayor descenso coinciden con los picos de estr\u00e9s.<\/p>\n\n\n\n<p>La buena noticia es que la ca\u00edda del cabello provocada por el estr\u00e9s suele ser temporal y reversible.<\/p>\n\n\n\n<p>Una vez que logres reducir los niveles de estr\u00e9s y le des tiempo a tu cuerpo para recuperarse, el crecimiento normal del cabello tiende a regresar.<\/p>\n\n\n\n<p>Los cabellos que se cayeron durante el episodio de efluvio tel\u00f3geno vuelven a crecer al comenzar nuevos ciclos capilares.<\/p>\n\n\n\n<p>La recuperaci\u00f3n total puede tardar entre seis meses y un a\u00f1o, pero sucede.<\/p>\n\n\n\n<p>Por lo tanto, invertir en el manejo del estr\u00e9s no se trata solo de sentirse mejor emocionalmente, aunque eso es sumamente importante.<\/p>\n\n\n\n<p>Tambi\u00e9n se trata de preservar tu salud f\u00edsica, incluida la salud de tu cabello.<\/p>\n\n\n\n\n\n\n<!--nextpage-->\n\n\n\n<p>A continuaci\u00f3n, \u00a1comprueba los resultados de tu cuestionario! Recuerda que este contenido tiene fines informativos y educativos \u00fanicamente, no sustituye la evaluaci\u00f3n de un dermat\u00f3logo o tric\u00f3logo y no debe interpretarse como un diagn\u00f3stico m\u00e9dico.<\/p>\n\n\n\n<hr class=\"wp-block-separator has-text-color has-alpha-channel-opacity has-background is-style-wide\" style=\"background-color:#dedede;color:#dedede\"\/>\n\n\n<div class=\"gb-container gb-container-a5782ffa\">\n\n<h2 class=\"wp-block-heading\">Tu resultado \ud83d\udc47<\/h2>\n\n\n\n\n\n\n\n\n\n\n\n\n<div class=\"gb-container gb-container-0228ccaf\">\n\n<h4 class=\"wp-block-heading\">V\u00e9ase tambi\u00e9n<\/h4>\n\n\n\n<ul class=\"wp-block-list\">\n<li><a href=\"#\">C\u00f3mo elegir un nombre que coincida con tu apellido.<\/a><\/li>\n\n\n\n<li><a href=\"#\">Los 50 nombres de beb\u00e9s m\u00e1s populares en Brasil en 2025.<\/a><\/li>\n\n\n\n<li><a href=\"#\">Nombres compuestos: consejos para crear combinaciones armoniosas<\/a><\/li>\n\n\n\n<li><a href=\"#\">La influencia de un nombre en la personalidad de un ni\u00f1o.<\/a><\/li>\n\n\n\n<li><a href=\"#\">Elegir un segundo nombre: opciones y combinaciones perfectas<\/a><\/li>\n<\/ul>\n\n<\/div>\n\n<div class=\"gb-container gb-container-8ca44be0 alignwide\">\n\n<a class=\"gb-button gb-button-d5fe8197 gb-button-text botao-cta\" href=\"#\">PRUEBA DE RECUPERACI\u00d3N<\/a>\n\n<\/div>\n<\/div>\n\n\n<hr class=\"wp-block-separator has-text-color has-alpha-channel-opacity has-background is-style-wide\" style=\"background-color:#dedede;color:#dedede\"\/>\n\n\n<div class='code-block code-block-4' style='margin: 8px auto; text-align: center; display: block; clear: both;'>\n<div id=\"mi_content_2_wrapper\" align=\"center\" style=\"width: 100%; margin-top: 2rem; margin-bottom: 2rem; min-height: 400px;\">\n    <div>\n        <p style=\"font-size:9px; text-transform:uppercase; text-align:center; color:#9a9a9a\">\n            Anuncios\n        <\/p>\n        <div id=\"mi_content_2\">\n        <\/div>\n    <\/div>\n<\/div><\/div>\n\n\n\n\n<h4 class=\"wp-block-heading\">Por qu\u00e9 identificar la causa es el primer paso para recuperar tu cabello.<\/h4>\n\n\n\n<p>Cada tipo de ca\u00edda del cabello responde a tratamientos espec\u00edficos, y usar el producto equivocado puede significar perder tiempo y dinero sin obtener resultados.<\/p>\n\n\n\n<p>Conocer la causa permite tomar medidas preventivas antes de que la ca\u00edda del cabello se intensifique o cause da\u00f1os permanentes a los fol\u00edculos.<\/p>\n\n\n\n<p>Muchos problemas capilares presentan se\u00f1ales de alerta que pueden indicar problemas de salud m\u00e1s generales que requieren atenci\u00f3n m\u00e9dica.<\/p>\n\n\n\n<p>Un diagn\u00f3stico correcto permite elegir entre opciones como medicamentos t\u00f3picos, suplementos, cambios hormonales o procedimientos dermatol\u00f3gicos.<\/p>\n\n\n\n<p>Cuanto antes se identifique y trate la causa principal, mayores ser\u00e1n las posibilidades de una recuperaci\u00f3n total de la densidad capilar.<\/p>\n\n\n\n<p>Comprender lo que est\u00e1 sucediendo reduce la ansiedad y te permite tomar decisiones informadas sobre la salud de tu cabello.<\/p>\n\n\n\n<p>La ca\u00edda del cabello en las mujeres es un problema extremadamente com\u00fan que afecta a millones de mujeres en diferentes etapas de la vida, pero a\u00fan conlleva un estigma innecesario y genera una importante angustia emocional.<\/p>\n\n\n\n<p>Buscar informaci\u00f3n de calidad, comprender lo que te puede estar sucediendo y buscar ayuda profesional cuando sea necesario son pasos fundamentales para recuperar no solo la salud de tu cabello, sino tambi\u00e9n tu autoestima y tu calidad de vida.<br><\/p>\n\n\n\n<h4 class=\"wp-block-heading\">Preguntas frecuentes sobre la ca\u00edda del cabello<\/h4>\n\n\n\n<h5 class=\"wp-block-heading\"><strong>\u00bfCu\u00e1ntos cabellos se caen normalmente al d\u00eda?<\/strong><\/h5>\n\n\n\n<p>Se considera normal perder entre 50 y 100 cabellos al d\u00eda como parte del ciclo natural de renovaci\u00f3n capilar. Esta cifra puede parecer elevada, pero es completamente fisiol\u00f3gica si tenemos en cuenta que nuestro cuero cabelludo cuenta con entre 100.000 y 150.000 cabellos. Si notas una ca\u00edda de cabello significativamente mayor, sobre todo si ves que se acumula en el desag\u00fce, la almohada o el cepillo de forma persistente durante m\u00e1s de 3 meses, podr\u00eda ser se\u00f1al de que algo no va bien.<\/p>\n\n\n\n<h5 class=\"wp-block-heading\"><strong>\u00bfEl estr\u00e9s realmente causa la ca\u00edda del cabello?<\/strong><\/h5>\n\n\n\n<p>S\u00ed, el estr\u00e9s f\u00edsico o emocional intenso puede desencadenar una afecci\u00f3n llamada efluvio tel\u00f3geno, en la que un mayor n\u00famero de cabellos entra prematuramente en la fase de reposo y se cae aproximadamente de 2 a 3 meses despu\u00e9s del evento estresante. El estr\u00e9s cr\u00f3nico libera cortisol y otras hormonas que pueden hacer que los fol\u00edculos pasen de la fase de crecimiento a la fase de reposo. Afortunadamente, esta ca\u00edda del cabello suele ser temporal y el cabello vuelve a crecer cuando se controla el estr\u00e9s.<\/p>\n\n\n\n<h5 class=\"wp-block-heading\"><strong>\u00bfLa ca\u00edda del cabello posparto es permanente?<\/strong><\/h5>\n\n\n\n<p>No, la ca\u00edda del cabello posparto es una afecci\u00f3n temporal y muy com\u00fan que afecta hasta al 50 % de las mujeres entre los 2 y 6 meses posteriores al parto. Durante el embarazo, las hormonas mantienen el cabello en la fase de crecimiento, y despu\u00e9s del parto, este cabello entra simult\u00e1neamente en la fase de ca\u00edda. El crecimiento normal se reanuda de forma natural entre los 6 y 9 meses, aunque la recuperaci\u00f3n total de la densidad puede tardar hasta un a\u00f1o.<\/p>\n\n\n\n<h5 class=\"wp-block-heading\"><strong>\u00bfLas vitaminas ayudan a prevenir la ca\u00edda del cabello?<\/strong><\/h5>\n\n\n\n<p>Las vitaminas y los suplementos pueden ser \u00fatiles en casos de ca\u00edda del cabello relacionada con deficiencias nutricionales espec\u00edficas detectadas mediante an\u00e1lisis de sangre, como la deficiencia de hierro, vitamina D, zinc o biotina. Sin embargo, si la causa de la ca\u00edda del cabello es hormonal, gen\u00e9tica o autoinmune, es probable que la suplementaci\u00f3n por s\u00ed sola no resuelva el problema. Es importante realizarse an\u00e1lisis antes de comenzar cualquier suplementaci\u00f3n, ya que un exceso de algunas vitaminas tambi\u00e9n puede ser perjudicial.<\/p>\n\n\n\n<h5 class=\"wp-block-heading\"><strong>\u00bfCu\u00e1ndo debo consultar a un m\u00e9dico por la ca\u00edda del cabello?<\/strong><\/h5>\n\n\n\n<p>Debe consultar a un dermat\u00f3logo o tric\u00f3logo si la ca\u00edda del cabello es repentina e intensa, si se acompa\u00f1a de s\u00edntomas como picaz\u00f3n, descamaci\u00f3n o dolor en el cuero cabelludo, si forma calvas o zonas sin cabello, si se presenta junto con otros s\u00edntomas como fatiga extrema o cambios menstruales, o si persiste durante m\u00e1s de 3 meses sin mejor\u00eda. Cuanto antes se diagnostique, mayores ser\u00e1n las probabilidades de recuperaci\u00f3n.<\/p>\n\n\n\n<p class=\"has-small-font-size\"><em><strong>Aviso importante:<\/strong>\u00a0Todo el contenido presentado en esta p\u00e1gina tiene fines meramente informativos y educativos, y se basa en informaci\u00f3n disponible p\u00fablicamente sobre la salud del cabello.<\/em> <em>Este cuestionario no constituye un diagn\u00f3stico m\u00e9dico, no sustituye la consulta con profesionales sanitarios cualificados y no debe utilizarse como \u00fanica base para tomar decisiones sobre tratamientos o procedimientos.<\/em> <em>Solo los dermat\u00f3logos, tric\u00f3logos u otros profesionales sanitarios debidamente cualificados pueden evaluar adecuadamente su afecci\u00f3n, solicitar las pruebas necesarias y prescribir tratamientos espec\u00edficos para su caso.<\/em> <em>Este sitio web y sus propietarios declinan toda responsabilidad por las decisiones tomadas con base en la informaci\u00f3n aqu\u00ed presentada sin la debida orientaci\u00f3n m\u00e9dica profesional.<\/em><\/p>","protected":false},"excerpt":{"rendered":"<p>Realice esta prueba r\u00e1pida y descubra por qu\u00e9 se le cae el cabello para que pueda elegir el tratamiento adecuado.<\/p>","protected":false},"author":7,"featured_media":0,"comment_status":"closed","ping_status":"closed","sticky":false,"template":"","format":"standard","meta":{"footnotes":""},"categories":[6],"tags":[],"class_list":["post-9413","post","type-post","status-publish","format-standard","hentry","category-saude"],"yoast_head":"<!-- This site is optimized with the Yoast SEO plugin v27.4 - https:\/\/yoast.com\/product\/yoast-seo-wordpress\/ -->\n<title>Quiz: Descubra a Causa da Sua Queda e Cabelo<\/title>\n<meta name=\"robots\" content=\"index, follow, max-snippet:-1, max-image-preview:large, max-video-preview:-1\" \/>\n<link rel=\"canonical\" href=\"https:\/\/mulherinteressante.net\/es\/quiz-causa-queda-cabelo\/\" \/>\n<link rel=\"next\" href=\"https:\/\/mulherinteressante.net\/quiz-causa-queda-cabelo\/2\/\" \/>\n<meta property=\"og:locale\" content=\"es_ES\" \/>\n<meta property=\"og:type\" content=\"article\" \/>\n<meta property=\"og:title\" content=\"Quiz: Descubra a Causa da Sua Queda e Cabelo\" \/>\n<meta property=\"og:description\" content=\"Fa\u00e7a o teste r\u00e1pido e descubra por que voc\u00ea est\u00e1 perdendo cabelo para escolher o tratamento certo\" \/>\n<meta property=\"og:url\" content=\"https:\/\/mulherinteressante.net\/es\/quiz-causa-queda-cabelo\/\" \/>\n<meta property=\"og:site_name\" content=\"Mulher Interessante\" \/>\n<meta property=\"article:published_time\" content=\"2026-05-02T03:51:48+00:00\" \/>\n<meta name=\"author\" content=\"Malu Oliveira\" \/>\n<meta name=\"twitter:card\" content=\"summary_large_image\" \/>\n<meta name=\"twitter:label1\" content=\"Escrito por\" \/>\n\t<meta name=\"twitter:data1\" content=\"Malu Oliveira\" \/>\n\t<meta name=\"twitter:label2\" content=\"Tiempo de lectura\" \/>\n\t<meta name=\"twitter:data2\" content=\"13 minutos\" \/>\n<script type=\"application\/ld+json\" class=\"yoast-schema-graph\">{\"@context\":\"https:\\\/\\\/schema.org\",\"@graph\":[{\"@type\":\"Article\",\"@id\":\"https:\\\/\\\/mulherinteressante.net\\\/quiz-causa-queda-cabelo\\\/#article\",\"isPartOf\":{\"@id\":\"https:\\\/\\\/mulherinteressante.net\\\/quiz-causa-queda-cabelo\\\/\"},\"author\":{\"name\":\"Malu Oliveira\",\"@id\":\"https:\\\/\\\/mulherinteressante.net\\\/#\\\/schema\\\/person\\\/c152349907fdde8b302cfcce3f6faf82\"},\"headline\":\"Quiz: Descubra a Causa da Sua Queda e Cabelo\",\"datePublished\":\"2026-05-02T03:51:48+00:00\",\"mainEntityOfPage\":{\"@id\":\"https:\\\/\\\/mulherinteressante.net\\\/quiz-causa-queda-cabelo\\\/\"},\"wordCount\":14400,\"articleSection\":[\"Sa\u00fade\"],\"inLanguage\":\"es\"},{\"@type\":\"WebPage\",\"@id\":\"https:\\\/\\\/mulherinteressante.net\\\/quiz-causa-queda-cabelo\\\/\",\"url\":\"https:\\\/\\\/mulherinteressante.net\\\/quiz-causa-queda-cabelo\\\/\",\"name\":\"Quiz: Descubra a Causa da Sua Queda e Cabelo\",\"isPartOf\":{\"@id\":\"https:\\\/\\\/mulherinteressante.net\\\/#website\"},\"datePublished\":\"2026-05-02T03:51:48+00:00\",\"author\":{\"@id\":\"https:\\\/\\\/mulherinteressante.net\\\/#\\\/schema\\\/person\\\/c152349907fdde8b302cfcce3f6faf82\"},\"inLanguage\":\"es\",\"potentialAction\":[{\"@type\":\"ReadAction\",\"target\":[\"https:\\\/\\\/mulherinteressante.net\\\/quiz-causa-queda-cabelo\\\/\"]}]},{\"@type\":\"WebSite\",\"@id\":\"https:\\\/\\\/mulherinteressante.net\\\/#website\",\"url\":\"https:\\\/\\\/mulherinteressante.net\\\/\",\"name\":\"Mulher Interessante\",\"description\":\"Not\u00edcias e muito mais\",\"potentialAction\":[{\"@type\":\"SearchAction\",\"target\":{\"@type\":\"EntryPoint\",\"urlTemplate\":\"https:\\\/\\\/mulherinteressante.net\\\/?s={search_term_string}\"},\"query-input\":{\"@type\":\"PropertyValueSpecification\",\"valueRequired\":true,\"valueName\":\"search_term_string\"}}],\"inLanguage\":\"es\"},{\"@type\":\"Person\",\"@id\":\"https:\\\/\\\/mulherinteressante.net\\\/#\\\/schema\\\/person\\\/c152349907fdde8b302cfcce3f6faf82\",\"name\":\"Malu Oliveira\",\"image\":{\"@type\":\"ImageObject\",\"inLanguage\":\"es\",\"@id\":\"https:\\\/\\\/secure.gravatar.com\\\/avatar\\\/ebb97a8bb1669095376220c08ddd920d13afb82233eef01cfbca55d5e0abc567?s=96&d=mm&r=g\",\"url\":\"https:\\\/\\\/secure.gravatar.com\\\/avatar\\\/ebb97a8bb1669095376220c08ddd920d13afb82233eef01cfbca55d5e0abc567?s=96&d=mm&r=g\",\"contentUrl\":\"https:\\\/\\\/secure.gravatar.com\\\/avatar\\\/ebb97a8bb1669095376220c08ddd920d13afb82233eef01cfbca55d5e0abc567?s=96&d=mm&r=g\",\"caption\":\"Malu Oliveira\"},\"description\":\"Escrevo sobre atualidades e tecnologia, explorando tend\u00eancias e inova\u00e7\u00f5es. Minha paix\u00e3o \u00e9 comunicar ideias complexas de maneira acess\u00edvel e envolvente.\"}]}<\/script>\n<!-- \/ Yoast SEO plugin. -->","yoast_head_json":{"title":"Quiz: Descubra a Causa da Sua Queda e Cabelo","robots":{"index":"index","follow":"follow","max-snippet":"max-snippet:-1","max-image-preview":"max-image-preview:large","max-video-preview":"max-video-preview:-1"},"canonical":"https:\/\/mulherinteressante.net\/es\/quiz-causa-queda-cabelo\/","next":"https:\/\/mulherinteressante.net\/quiz-causa-queda-cabelo\/2\/","og_locale":"es_ES","og_type":"article","og_title":"Quiz: Descubra a Causa da Sua Queda e Cabelo","og_description":"Fa\u00e7a o teste r\u00e1pido e descubra por que voc\u00ea est\u00e1 perdendo cabelo para escolher o tratamento certo","og_url":"https:\/\/mulherinteressante.net\/es\/quiz-causa-queda-cabelo\/","og_site_name":"Mulher Interessante","article_published_time":"2026-05-02T03:51:48+00:00","author":"Malu Oliveira","twitter_card":"summary_large_image","twitter_misc":{"Escrito por":"Malu Oliveira","Tiempo de lectura":"13 minutos"},"schema":{"@context":"https:\/\/schema.org","@graph":[{"@type":"Article","@id":"https:\/\/mulherinteressante.net\/quiz-causa-queda-cabelo\/#article","isPartOf":{"@id":"https:\/\/mulherinteressante.net\/quiz-causa-queda-cabelo\/"},"author":{"name":"Malu Oliveira","@id":"https:\/\/mulherinteressante.net\/#\/schema\/person\/c152349907fdde8b302cfcce3f6faf82"},"headline":"Quiz: Descubra a Causa da Sua Queda e Cabelo","datePublished":"2026-05-02T03:51:48+00:00","mainEntityOfPage":{"@id":"https:\/\/mulherinteressante.net\/quiz-causa-queda-cabelo\/"},"wordCount":14400,"articleSection":["Sa\u00fade"],"inLanguage":"es"},{"@type":"WebPage","@id":"https:\/\/mulherinteressante.net\/quiz-causa-queda-cabelo\/","url":"https:\/\/mulherinteressante.net\/quiz-causa-queda-cabelo\/","name":"Quiz: Descubra a Causa da Sua Queda e Cabelo","isPartOf":{"@id":"https:\/\/mulherinteressante.net\/#website"},"datePublished":"2026-05-02T03:51:48+00:00","author":{"@id":"https:\/\/mulherinteressante.net\/#\/schema\/person\/c152349907fdde8b302cfcce3f6faf82"},"inLanguage":"es","potentialAction":[{"@type":"ReadAction","target":["https:\/\/mulherinteressante.net\/quiz-causa-queda-cabelo\/"]}]},{"@type":"WebSite","@id":"https:\/\/mulherinteressante.net\/#website","url":"https:\/\/mulherinteressante.net\/","name":"Mulher Interessante","description":"Not\u00edcias e muito mais","potentialAction":[{"@type":"SearchAction","target":{"@type":"EntryPoint","urlTemplate":"https:\/\/mulherinteressante.net\/?s={search_term_string}"},"query-input":{"@type":"PropertyValueSpecification","valueRequired":true,"valueName":"search_term_string"}}],"inLanguage":"es"},{"@type":"Person","@id":"https:\/\/mulherinteressante.net\/#\/schema\/person\/c152349907fdde8b302cfcce3f6faf82","name":"Malu Oliveira","image":{"@type":"ImageObject","inLanguage":"es","@id":"https:\/\/secure.gravatar.com\/avatar\/ebb97a8bb1669095376220c08ddd920d13afb82233eef01cfbca55d5e0abc567?s=96&d=mm&r=g","url":"https:\/\/secure.gravatar.com\/avatar\/ebb97a8bb1669095376220c08ddd920d13afb82233eef01cfbca55d5e0abc567?s=96&d=mm&r=g","contentUrl":"https:\/\/secure.gravatar.com\/avatar\/ebb97a8bb1669095376220c08ddd920d13afb82233eef01cfbca55d5e0abc567?s=96&d=mm&r=g","caption":"Malu Oliveira"},"description":"Escrevo sobre atualidades e tecnologia, explorando tend\u00eancias e inova\u00e7\u00f5es. Minha paix\u00e3o \u00e9 comunicar ideias complexas de maneira acess\u00edvel e envolvente."}]}},"_links":{"self":[{"href":"https:\/\/mulherinteressante.net\/es\/wp-json\/wp\/v2\/posts\/9413","targetHints":{"allow":["GET"]}}],"collection":[{"href":"https:\/\/mulherinteressante.net\/es\/wp-json\/wp\/v2\/posts"}],"about":[{"href":"https:\/\/mulherinteressante.net\/es\/wp-json\/wp\/v2\/types\/post"}],"author":[{"embeddable":true,"href":"https:\/\/mulherinteressante.net\/es\/wp-json\/wp\/v2\/users\/7"}],"replies":[{"embeddable":true,"href":"https:\/\/mulherinteressante.net\/es\/wp-json\/wp\/v2\/comments?post=9413"}],"version-history":[{"count":4,"href":"https:\/\/mulherinteressante.net\/es\/wp-json\/wp\/v2\/posts\/9413\/revisions"}],"predecessor-version":[{"id":9422,"href":"https:\/\/mulherinteressante.net\/es\/wp-json\/wp\/v2\/posts\/9413\/revisions\/9422"}],"wp:attachment":[{"href":"https:\/\/mulherinteressante.net\/es\/wp-json\/wp\/v2\/media?parent=9413"}],"wp:term":[{"taxonomy":"category","embeddable":true,"href":"https:\/\/mulherinteressante.net\/es\/wp-json\/wp\/v2\/categories?post=9413"},{"taxonomy":"post_tag","embeddable":true,"href":"https:\/\/mulherinteressante.net\/es\/wp-json\/wp\/v2\/tags?post=9413"}],"curies":[{"name":"wp","href":"https:\/\/api.w.org\/{rel}","templated":true}]}}